{"id":9181,"date":"2025-09-28T00:08:01","date_gmt":"2025-09-28T03:08:01","guid":{"rendered":"https:\/\/www.enorsai.com\/noticias\/politica\/triple-femicidio-en-la-indiferencia-el-horror-de-brenda-morena-y-lara-y-la-deuda-de-un-estado-ausente-2\/"},"modified":"2025-09-28T00:27:13","modified_gmt":"2025-09-28T03:27:13","slug":"triple-femicidio-en-la-indiferencia-el-horror-de-brenda-morena-y-lara-y-la-deuda-de-un-estado-ausente-2","status":"publish","type":"post","link":"https:\/\/www.enorsai.com\/noticias\/politica\/triple-femicidio-en-la-indiferencia-el-horror-de-brenda-morena-y-lara-y-la-deuda-de-un-estado-ausente-2\/","title":{"rendered":"Triple Femicidio en la Indiferencia: El Horror de Brenda, Morena y Lara y la Deuda de un Estado Ausente."},"content":{"rendered":"\n<p>En la dolorosa e ineludible tarea de nombrar lo innombrable, nos paramos frente al triple Femicidio de Brenda, Morena y Lara para alzar una voz de repudio inquebrantable y profunda denuncia.<\/p>\n\n\n\n<figure class=\"wp-block-image size-large\"><img loading=\"lazy\" decoding=\"async\" width=\"664\" height=\"965\" src=\"https:\/\/www.enorsai.com\/noticias\/wp-content\/uploads\/2025\/09\/image_editor_output_image-1776672696-17590282448181810831779246337992.jpg\" alt=\"\" class=\"wp-image-9177\" srcset=\"https:\/\/www.enorsai.com\/noticias\/wp-content\/uploads\/2025\/09\/image_editor_output_image-1776672696-17590282448181810831779246337992.jpg 664w, https:\/\/www.enorsai.com\/noticias\/wp-content\/uploads\/2025\/09\/image_editor_output_image-1776672696-17590282448181810831779246337992-206x300.jpg 206w\" sizes=\"auto, (max-width: 664px) 100vw, 664px\" \/><\/figure>\n\n\n\n<p><strong>La Crueldad en el Vac\u00edo Estatal<\/strong><\/p>\n\n\n\n<p>Estos cr\u00edmenes atroces, perpetrados con una sa\u00f1a que desgarra el tejido social, no son hechos aislados ni meros \u00abexcesos\u00bb. Son la manifestaci\u00f3n m\u00e1s brutal y execrable de una l\u00f3gica que se alimenta de la ausencia estatal.<br \/><br \/>Cuando el Estado se corre de su responsabilidad primordial \u2014la de garantizar la vida, los derechos y el bienestar\u2014, cuando se aplica el recorte presupuestario como herramienta de pol\u00edtica p\u00fablica en lugar de invertir en prevenci\u00f3n, acompa\u00f1amiento y justicia, se abren grietas que son r\u00e1pidamente colonizadas. Es en ese vac\u00edo el narcotr\u00e1fico, la violencia organizada y la econom\u00eda de la ilegalidad extienden sus tent\u00e1culos, encontrando en los cuerpos de las mujeres el territorio predilecto para ejercer y exhibir su poder.<\/p>\n\n\n\n<p><strong>Pedagog\u00eda de la Crueldad: El Cuerpo como Mensaje<\/strong><\/p>\n\n\n\n<p>La violencia ejercida contra Brenda, Morena y Lara \u2014las torturas, la mutilaci\u00f3n, la exhibici\u00f3n de su sufrimiento\u2014 excede el mero acto de matar. Es una \u00abpedagog\u00eda de la crueldad\u00bb en el sentido m\u00e1s crudo que le dio la antrop\u00f3loga Rita Segato: una ense\u00f1anza, una lecci\u00f3n que se imparte a la sociedad a trav\u00e9s del cuerpo ultrajado de la v\u00edctima.<br \/><br \/>Esta crueldad tiene una funci\u00f3n comunicativa:<br \/>1.&nbsp; Disciplina: Busca disciplinar a la poblaci\u00f3n, infundir terror y mostrar que existen zonas de impunidad donde la vida de las mujeres no vale nada.<br \/>2.&nbsp; Advertencia: Es un mensaje mafioso que utiliza el dolor de las mujeres como la cuerda m\u00e1s sensible para presionar, intimidar y fijar fronteras de terror.<br \/>3. Cosificaci\u00f3n: Convierte el cuerpo de las mujeres en un objeto de uso, abuso y descarte, reafirmando el desprecio patriarcal por sus vidas.<br \/><br \/>La barbarie de este triple femicidio es la consecuencia directa de una sociedad patriarcal que se niega a reconocer la vida de las mujeres y diversidades como digna de ser vivida. Esta violencia se potencia en un contexto de negacionismo activo de las pol\u00edticas de g\u00e9nero y de desmantelamiento de las herramientas que el feminismo ha conquistado con lucha. Quienes niegan la existencia de los femicidios y eliminan los presupuestos para combatirlos son, objetivamente, c\u00f3mplices por omisi\u00f3n de la impunidad y el horror.<\/p>\n\n\n\n<p><strong> Justicia y Reparaci\u00f3n<\/strong><\/p>\n\n\n\n<p>Hoy, nuestro dolor se transforma en furia colectiva. Exigimos Justicia con la m\u00e1xima pena para todos los responsables, materiales e intelectuales, que participaron en este horrendo crimen.<br \/><br \/>Exigimos a los tres poderes del Estado:<br \/>Reafirmar la emergencia en violencia de g\u00e9nero y aunentar el presupuesto destinado a las pol\u00edticas de prevenci\u00f3n y protecci\u00f3n.<br \/>Actuar con celeridad y perspectiva de g\u00e9nero en la investigaci\u00f3n, desarticulando las redes de narcotr\u00e1fico y explotaci\u00f3n que operan con total impunidad en nuestros barrios.<br \/>Terminar con la indolencia y el desprecio por la vida de las mujeres y diversidades.<\/p>\n\n\n\n<figure class=\"wp-block-image size-large\"><img loading=\"lazy\" decoding=\"async\" width=\"768\" height=\"1024\" src=\"https:\/\/www.enorsai.com\/noticias\/wp-content\/uploads\/2025\/09\/img_20250927_180636167_hdr2484497454909278419-1-768x1024.jpg\" alt=\"\" class=\"wp-image-9179\" srcset=\"https:\/\/www.enorsai.com\/noticias\/wp-content\/uploads\/2025\/09\/img_20250927_180636167_hdr2484497454909278419-1-768x1024.jpg 768w, https:\/\/www.enorsai.com\/noticias\/wp-content\/uploads\/2025\/09\/img_20250927_180636167_hdr2484497454909278419-1-225x300.jpg 225w, https:\/\/www.enorsai.com\/noticias\/wp-content\/uploads\/2025\/09\/img_20250927_180636167_hdr2484497454909278419-1-1152x1536.jpg 1152w, https:\/\/www.enorsai.com\/noticias\/wp-content\/uploads\/2025\/09\/img_20250927_180636167_hdr2484497454909278419-1.jpg 1500w\" sizes=\"auto, (max-width: 768px) 100vw, 768px\" \/><\/figure>\n\n\n\n<p>\u00a1Ni Una Menos! <\/p>\n\n\n\n<p>El dolor por Brenda, Morena y Lara nos obliga a seguir en las calles, gritando que el miedo no nos paraliza.<br><br>\u00a1Justicia por Brenda, Morena y Lara!<\/p>\n\n\n\n<p> \u00a1Vivas nos queremos!<\/p>\n","protected":false},"excerpt":{"rendered":"<p>En la dolorosa e ineludible tarea de nombrar lo innombrable, nos paramos frente al triple Femicidio de Brenda, Morena y Lara para alzar una voz de repudio inquebrantable y profunda denuncia. La Crueldad en el Vac\u00edo Estatal Estos cr\u00edmenes atroces, perpetrados con una sa\u00f1a que desgarra el tejido social, no son hechos aislados ni meros&#8230;<\/p>\n","protected":false},"author":15,"featured_media":0,"comment_status":"open","ping_status":"open","sticky":false,"template":"","format":"standard","meta":{"_monsterinsights_skip_tracking":false,"_monsterinsights_sitenote_active":false,"_monsterinsights_sitenote_note":"","_monsterinsights_sitenote_category":0,"footnotes":"","jetpack_publicize_message":"","jetpack_publicize_feature_enabled":true,"jetpack_social_post_already_shared":true,"jetpack_social_options":{"image_generator_settings":{"template":"highway","default_image_id":0,"font":"","enabled":false},"version":2}},"categories":[1908,2,4],"tags":[70,3770,3771],"class_list":["post-9181","post","type-post","status-publish","format-standard","hentry","category-derechos-humanos","category-politica","category-sociedad","tag-justicia","tag-ni-una-menos","tag-vivas-nos-queremos"],"jetpack_publicize_connections":[],"_links":{"self":[{"href":"https:\/\/www.enorsai.com\/noticias\/wp-json\/wp\/v2\/posts\/9181","targetHints":{"allow":["GET"]}}],"collection":[{"href":"https:\/\/www.enorsai.com\/noticias\/wp-json\/wp\/v2\/posts"}],"about":[{"href":"https:\/\/www.enorsai.com\/noticias\/wp-json\/wp\/v2\/types\/post"}],"author":[{"embeddable":true,"href":"https:\/\/www.enorsai.com\/noticias\/wp-json\/wp\/v2\/users\/15"}],"replies":[{"embeddable":true,"href":"https:\/\/www.enorsai.com\/noticias\/wp-json\/wp\/v2\/comments?post=9181"}],"version-history":[{"count":1,"href":"https:\/\/www.enorsai.com\/noticias\/wp-json\/wp\/v2\/posts\/9181\/revisions"}],"predecessor-version":[{"id":9183,"href":"https:\/\/www.enorsai.com\/noticias\/wp-json\/wp\/v2\/posts\/9181\/revisions\/9183"}],"wp:attachment":[{"href":"https:\/\/www.enorsai.com\/noticias\/wp-json\/wp\/v2\/media?parent=9181"}],"wp:term":[{"taxonomy":"category","embeddable":true,"href":"https:\/\/www.enorsai.com\/noticias\/wp-json\/wp\/v2\/categories?post=9181"},{"taxonomy":"post_tag","embeddable":true,"href":"https:\/\/www.enorsai.com\/noticias\/wp-json\/wp\/v2\/tags?post=9181"}],"curies":[{"name":"wp","href":"https:\/\/api.w.org\/{rel}","templated":true}]}}