{"id":916,"date":"2025-02-09T19:20:54","date_gmt":"2025-02-09T22:20:54","guid":{"rendered":"https:\/\/www.enorsai.com\/noticias\/?p=916"},"modified":"2025-02-09T19:25:22","modified_gmt":"2025-02-09T22:25:22","slug":"incompetencia-o-complicidad-maniataron-robaron-y-huyeron-la-audaz-fuga-de-seis-presos-en-caballito-el-gobierno-de-jorge-macri-bajo-la-lupa","status":"publish","type":"post","link":"https:\/\/www.enorsai.com\/noticias\/sociedad\/incompetencia-o-complicidad-maniataron-robaron-y-huyeron-la-audaz-fuga-de-seis-presos-en-caballito-el-gobierno-de-jorge-macri-bajo-la-lupa\/","title":{"rendered":"\u00bfIncompetencia o complicidad? Maniataron, robaron y huyeron: la audaz fuga de seis presos en Caballito. El gobierno de Jorge Macri bajo la lupa"},"content":{"rendered":"\n<p><strong><em>Seis presos escaparon de una alcaid\u00eda porte\u00f1a tras reducir a dos oficiales. La segunda fuga masiva en menos de dos meses expone la crisis de seguridad en la Ciudad de Buenos Aires.<br><\/em><\/strong><br>Mientras el gobierno de Jorge Macri promete \u00abmano dura\u00bb, las fugas en comisar\u00edas y alcaid\u00edas se multiplican. \u00bfEs la sobrepoblaci\u00f3n penitenciaria la \u00fanica culpable o hay fallas estructurales en la gesti\u00f3n de seguridad?<br><br>La tarde del 9 de febrero de 2025, el barrio de Caballito fue escenario de una nueva fuga masiva de presos. Seis detenidos de la Alcaid\u00eda 6A maniataron y golpearon a dos oficiales de la Polic\u00eda de la Ciudad, robaron un celular y escaparon en un taxi que los llev\u00f3 hasta Lan\u00fas. Aunque dos de ellos fueron recapturados, los otros cuatro siguen pr\u00f3fugos, mientras las autoridades buscan al taxista que facilit\u00f3 su huida. Este incidente no es un hecho aislado: es la segunda fuga masiva en menos de dos meses y la decimocuarta en lo que va del a\u00f1o.<\/p>\n\n\n\n<div class=\"wp-block-jetpack-related-posts\">\n<h2 class=\"wp-block-heading\"><\/h2>\n<\/div>\n\n\n\n<p>El gobierno de Javier Milei, que lleg\u00f3 al poder prometiendo \u00abmano dura\u00bb y \u00abcero impunidad\u00bb, enfrenta una crisis de seguridad que parece no tener fin. Las fugas recurrentes en comisar\u00edas y alcaid\u00edas de la Ciudad de Buenos Aires no solo exponen la sobrepoblaci\u00f3n penitenciaria, sino tambi\u00e9n fallas estructurales en la gesti\u00f3n de seguridad. \u00bfEs esto incompetencia o hay algo m\u00e1s oscuro detr\u00e1s?<br><br>En diciembre de 2024, 17 presos escaparon de la Alcaid\u00eda 9 de Liniers tras hacer un boquete en la pared. Apenas un mes despu\u00e9s, en enero de 2025, otro grupo de ocho detenidos intent\u00f3 fugarse de una alcaid\u00eda de Villa Lugano, aunque su plan fue frustrado. Estos hechos llevaron a la remoci\u00f3n del jefe y subjefe de la Polic\u00eda porte\u00f1a, pero las medidas parecen insuficientes.<br><br>El ministro de Seguridad, Waldo Wolff, asegur\u00f3 que \u00abno se permitir\u00e1 incapacidad ni connivencia\u00bb, pero las palabras suenan huecas cuando las fugas se repiten. La sobrepoblaci\u00f3n en las c\u00e1rceles es un problema real, pero no puede ser la excusa para justificar la falta de control y la aparente facilidad con la que los presos logran escapar.<br><br>La pregunta que todos se hacen es: \u00bfc\u00f3mo es posible que seis presos puedan maniatar a dos oficiales, robar un celular y huir en un taxi sin ser detectados? \u00bfD\u00f3nde est\u00e1n los protocolos de seguridad? \u00bfQu\u00e9 fall\u00f3 en la cadena de mando?<br><br>Mientras tanto, los vecinos de Caballito y otras zonas de la ciudad viven con el temor de que los pr\u00f3fugos cometan nuevos delitos. La sensaci\u00f3n de inseguridad crece, y la respuesta del gobierno parece limitarse a sumarios internos y comunicados de prensa.<br><br>El gobierno de Milei lleg\u00f3 al poder con la promesa de cambiar las reglas del juego, pero en materia de seguridad, parece que el juego sigue igual. Las fugas masivas no solo son un golpe a la credibilidad de las autoridades, sino tambi\u00e9n una muestra de que las promesas de campa\u00f1a no siempre se traducen en acciones concretas.<br><br>La ciudadan\u00eda merece respuestas claras y soluciones efectivas. Mientras tanto, las fugas siguen sum\u00e1ndose a la lista de fracasos de una gesti\u00f3n que prometi\u00f3 ser diferente.<br><br>L<mark>os seis pr\u00f3fugos fueron identificados como: Axel Eduardo R\u00edos, Adri\u00e1n Emanuel Mart\u00edn, Mat\u00edas Ferrari y Eduardo Emanuel Ahaza.<\/mark><\/p>\n\n\n\n<figure class=\"wp-block-image\"><img decoding=\"async\" src=\"https:\/\/resizer.glanacion.com\/resizer\/v2\/ferrari-QGTCATEQ3VH35K46UNP6YEEYO4.jpg?auth=8f08e73fe7c6d0ff9582fd40e572c267893fcd984f5de4c84031348a4cb03fea&amp;width=420&amp;height=280&amp;quality=70&amp;smart=true\" alt=\"Ferrari Mat\u00edas\"\/><figcaption class=\"wp-element-caption\">Ferrari Mat\u00edas.<\/figcaption><\/figure>\n\n\n\n<figure class=\"wp-block-image\"><img decoding=\"async\" src=\"https:\/\/resizer.glanacion.com\/resizer\/v2\/ajalla-cabrera-eduardo-MSMPPZVUMVC7FDJPFKHZNYUWOM.jpg?auth=d25732b7038a95c39f6fa0d2e0a67f121fc83a9b88ea99c435f70d589727521f&amp;width=420&amp;height=280&amp;quality=70&amp;smart=true\" alt=\"Ajalla Cabrera Eduardo Miguel\"\/><figcaption class=\"wp-element-caption\">Ajalla Cabrera Eduardo Miguel.<\/figcaption><\/figure>\n\n\n\n<figure class=\"wp-block-image\"><img decoding=\"async\" src=\"https:\/\/resizer.glanacion.com\/resizer\/v2\/adrian-emanuel-POIFBQVDOFGQJMOIYD36VYRA4A.jpg?auth=beb145023116005f4a6eb347c2d71a03bbb9e16c2858e06ce47c97804352519e&amp;width=420&amp;height=280&amp;quality=70&amp;smart=true\" alt=\"Adri\u00e1n Emanuel Mart\u00edn\"\/><figcaption class=\"wp-element-caption\">Adri\u00e1n Emanuel Mart\u00edn.<\/figcaption><\/figure>\n\n\n\n<figure class=\"wp-block-image\"><img decoding=\"async\" src=\"https:\/\/resizer.glanacion.com\/resizer\/v2\/aguilar-salazar-kevin-DHZCO6JD3REPVIHF3D64535PJU.jpg?auth=0e95bfde87f94a6da8b1578ec6db4e2011998fe57e88f8094c55e4bfbd12f1e9&amp;width=420&amp;height=280&amp;quality=70&amp;smart=true\" alt=\"Aguilar Salazar Kevin Alexander\"\/><figcaption class=\"wp-element-caption\">Aguilar Salazar Kevin Alexander.<\/figcaption><\/figure>\n\n\n\n<figure class=\"wp-block-image\"><img decoding=\"async\" src=\"https:\/\/resizer.glanacion.com\/resizer\/v2\/benavidez-brian-ZCABBQ3QYFHRZAK43QFZWZJGOU.jpg?auth=a518d5df44cfd3e129629cb88277ad6445bcb0dc5e99d3d67a4982399f00fc99&amp;width=420&amp;height=280&amp;quality=70&amp;smart=true\" alt=\"Benav\u00eddez Brian Ezequiel\"\/><figcaption class=\"wp-element-caption\">Benav\u00eddez Brian Ezequiel.<\/figcaption><\/figure>\n\n\n\n<figure class=\"wp-block-image\"><img decoding=\"async\" src=\"https:\/\/resizer.glanacion.com\/resizer\/v2\/rios-axel-RHGWPMT3NVELHINTKOTP7265J4.jpg?auth=1b7bcbd3b2db5f13c3afd2091fe6af1ef69cbfe6851056f194a440c7b296698a&amp;width=420&amp;height=280&amp;quality=70&amp;smart=true\" alt=\"Rios Axel Eduardo\"\/><figcaption class=\"wp-element-caption\">Rios Axel Eduardo<\/figcaption><\/figure>\n\n\n","protected":false},"excerpt":{"rendered":"<p>Seis presos escaparon de una alcaid\u00eda en Caballito tras reducir a dos oficiales. Es la segunda fuga masiva en menos de dos meses, exponiendo la crisis de seguridad en la Ciudad de Buenos Aires. \u00bfIncompetencia o complicidad? El gobierno de Milei bajo la lupa.<\/p>\n","protected":false},"author":9,"featured_media":925,"comment_status":"open","ping_status":"open","sticky":false,"template":"","format":"standard","meta":{"_monsterinsights_skip_tracking":false,"_monsterinsights_sitenote_active":false,"_monsterinsights_sitenote_note":"","_monsterinsights_sitenote_category":0,"footnotes":"","jetpack_publicize_message":"","jetpack_publicize_feature_enabled":true,"jetpack_social_post_already_shared":true,"jetpack_social_options":{"image_generator_settings":{"template":"highway","default_image_id":0,"font":"","enabled":false},"version":2}},"categories":[4],"tags":[356,354,86],"class_list":["post-916","post","type-post","status-publish","format-standard","has-post-thumbnail","hentry","category-sociedad","tag-caballito","tag-jorge-macri","tag-seguridad"],"jetpack_publicize_connections":[],"_links":{"self":[{"href":"https:\/\/www.enorsai.com\/noticias\/wp-json\/wp\/v2\/posts\/916","targetHints":{"allow":["GET"]}}],"collection":[{"href":"https:\/\/www.enorsai.com\/noticias\/wp-json\/wp\/v2\/posts"}],"about":[{"href":"https:\/\/www.enorsai.com\/noticias\/wp-json\/wp\/v2\/types\/post"}],"author":[{"embeddable":true,"href":"https:\/\/www.enorsai.com\/noticias\/wp-json\/wp\/v2\/users\/9"}],"replies":[{"embeddable":true,"href":"https:\/\/www.enorsai.com\/noticias\/wp-json\/wp\/v2\/comments?post=916"}],"version-history":[{"count":2,"href":"https:\/\/www.enorsai.com\/noticias\/wp-json\/wp\/v2\/posts\/916\/revisions"}],"predecessor-version":[{"id":926,"href":"https:\/\/www.enorsai.com\/noticias\/wp-json\/wp\/v2\/posts\/916\/revisions\/926"}],"wp:featuredmedia":[{"embeddable":true,"href":"https:\/\/www.enorsai.com\/noticias\/wp-json\/wp\/v2\/media\/925"}],"wp:attachment":[{"href":"https:\/\/www.enorsai.com\/noticias\/wp-json\/wp\/v2\/media?parent=916"}],"wp:term":[{"taxonomy":"category","embeddable":true,"href":"https:\/\/www.enorsai.com\/noticias\/wp-json\/wp\/v2\/categories?post=916"},{"taxonomy":"post_tag","embeddable":true,"href":"https:\/\/www.enorsai.com\/noticias\/wp-json\/wp\/v2\/tags?post=916"}],"curies":[{"name":"wp","href":"https:\/\/api.w.org\/{rel}","templated":true}]}}