{"id":9154,"date":"2025-09-25T22:26:59","date_gmt":"2025-09-26T01:26:59","guid":{"rendered":"https:\/\/www.enorsai.com\/noticias\/?p=9154"},"modified":"2025-09-25T22:31:30","modified_gmt":"2025-09-26T01:31:30","slug":"la-pobreza-cayo-al-316-segun-el-indec-pero-la-uca-cuestiona-cifras-infladas-del-gobierno-de-milei","status":"publish","type":"post","link":"https:\/\/www.enorsai.com\/noticias\/sociedad\/la-pobreza-cayo-al-316-segun-el-indec-pero-la-uca-cuestiona-cifras-infladas-del-gobierno-de-milei\/","title":{"rendered":"La pobreza cay\u00f3 al 31,6% seg\u00fan el Indec, pero la UCA cuestiona cifras infladas del gobierno de Milei"},"content":{"rendered":"\n<p>El Observatorio de la Deuda Social Argentina advirti\u00f3 que los datos oficiales sobrerrepresentan la magnitud del alivio social y denunci\u00f3 falencias metodol\u00f3gicas que distorsionan la realidad de millones de hogares.<br><br>Aunque el Indec present\u00f3 una baja hist\u00f3rica en los \u00edndices de pobreza e indigencia, la UCA encendi\u00f3 las alarmas: detr\u00e1s de la aparente mejora, persisten problemas estructurales que el gobierno de Javier Milei intenta maquillar con estad\u00edsticas desactualizadas y poco transparentes.<br><br>Los n\u00fameros oficiales presentados por el Indec sobre la pobreza en Argentina parecieron, a primera vista, una buena noticia: 31,6% de la poblaci\u00f3n en situaci\u00f3n de pobreza y 6,9% en indigencia durante el primer semestre de 2025. Una ca\u00edda abrupta frente al 52,9% y 18,1% registrados un a\u00f1o atr\u00e1s. Sin embargo, la Universidad Cat\u00f3lica Argentina (UCA) fue tajante: el \u201cdescenso\u201d est\u00e1 sobrerrepresentado y no refleja con precisi\u00f3n la realidad social.<br><br>El Observatorio de la Deuda Social Argentina, dirigido por Agust\u00edn Salvia, sostuvo que si bien hubo mejoras vinculadas a la desaceleraci\u00f3n inflacionaria y a una relativa estabilidad macroecon\u00f3mica, el Indec construy\u00f3 un relato edulcorado gracias a metodolog\u00edas desactualizadas. Las canastas b\u00e1sicas que sirven de referencia para medir la pobreza todav\u00eda responden a patrones de consumo de 2004-2005. Es decir, familias que hoy enfrentan tarifas dolarizadas, alquileres impagables y alimentos por las nubes, son medidas con par\u00e1metros de hace veinte a\u00f1os.<br><br>La cr\u00edtica de la UCA apunta al coraz\u00f3n del relato de Javier Milei. El gobierno celebra una baja hist\u00f3rica en los \u00edndices sociales, pero lo hace ocultando que la Encuesta Permanente de Hogares capt\u00f3 ingresos de manera distinta a a\u00f1os anteriores y que los cambios metodol\u00f3gicos impiden comparar los datos con series previas. En otras palabras, los indicadores est\u00e1n \u201cmaquillados\u201d: no necesariamente porque el Indec mienta, sino porque el Estado se niega a actualizar los instrumentos de medici\u00f3n.<br><br>Salvia fue categ\u00f3rico: \u201cNo s\u00e9 por qu\u00e9 el Indec a\u00fan no hizo las actualizaciones\u201d. La frase condensa un problema mayor. Si las razones son t\u00e9cnicas, se trata de negligencia. Si son presupuestarias, la decisi\u00f3n pol\u00edtica de Milei es evidente: dejar a la sociedad sin estad\u00edsticas confiables para sostener un relato de \u00e9xito econ\u00f3mico. Lo cierto es que la falta de actualizaci\u00f3n de la canasta b\u00e1sica, sumada a los cambios en los cuestionarios de ingresos, termina generando una imagen artificial de progreso social que no se corresponde con la vida cotidiana de millones de argentinos.<br><br>De hecho, consultoras privadas como Equilibra estiman que la pobreza real supera el 43%. Este dato contradice de lleno el optimismo del gobierno y muestra que, aun en el mejor de los escenarios, los hogares m\u00e1s vulnerables siguen atrapados en un c\u00edrculo de exclusi\u00f3n econ\u00f3mica y social que ning\u00fan \u00edndice manipulado puede ocultar.<br><br>El oficialismo intenta instalar la narrativa de que el ajuste ya \u201cfunciona\u201d porque las estad\u00edsticas lo avalan. Pero lo que se esconde tras esos porcentajes es la precarizaci\u00f3n laboral, la ca\u00edda del consumo y el empobrecimiento de la clase media. Los indicadores oficiales hablan de alivio, mientras los barrios populares siguen dependiendo de ollas comunitarias y la clase trabajadora ve c\u00f3mo su salario pierde valor frente a los precios.<br><br>El debate, en el fondo, no es t\u00e9cnico. Es pol\u00edtico. Mientras Milei necesita mostrar resultados para legitimar su programa de ajuste, la UCA recuerda que la pobreza no se resuelve con encuestas ama\u00f1adas ni con canastas congeladas en el tiempo. Se trata de un problema estructural que exige pol\u00edticas de inclusi\u00f3n, inversi\u00f3n social y un Estado presente, justo lo contrario del modelo libertario que hoy gobierna.<br><br>En definitiva, la discusi\u00f3n sobre las cifras de pobreza desnuda el doble discurso de un gobierno que dice defender la verdad, pero manipula la realidad. El dato fr\u00edo puede entusiasmar a los mercados, pero no enga\u00f1a a las familias que todos los d\u00edas hacen malabares para llegar a fin de mes.<br><br>Fuente <\/p>\n\n\n\n<p>.https:\/\/www.infobae.com\/economia\/2025\/09\/25\/descenso-sobrerrepresentado-la-uca-cuestiono-el-dato-de-baja-de-inflacion-que-informo-el-indec\/<\/p>\n","protected":false},"excerpt":{"rendered":"<p>El Observatorio de la Deuda Social Argentina advirti\u00f3 que los datos oficiales sobrerrepresentan la magnitud del alivio social y denunci\u00f3 falencias metodol\u00f3gicas que distorsionan la realidad de millones de hogares. Aunque el Indec present\u00f3 una baja hist\u00f3rica en los \u00edndices de pobreza e indigencia, la UCA encendi\u00f3 las alarmas: detr\u00e1s de la aparente mejora, persisten&#8230;<\/p>\n","protected":false},"author":1,"featured_media":9155,"comment_status":"open","ping_status":"open","sticky":false,"template":"","format":"standard","meta":{"_monsterinsights_skip_tracking":false,"_monsterinsights_sitenote_active":false,"_monsterinsights_sitenote_note":"","_monsterinsights_sitenote_category":0,"footnotes":"","jetpack_publicize_message":"","jetpack_publicize_feature_enabled":true,"jetpack_social_post_already_shared":true,"jetpack_social_options":{"image_generator_settings":{"template":"highway","default_image_id":0,"font":"","enabled":false},"version":2}},"categories":[4],"tags":[34,15,1564,549,1046,227,45,475,1625],"class_list":["post-9154","post","type-post","status-publish","format-standard","has-post-thumbnail","hentry","category-sociedad","tag-desigualdad","tag-economia","tag-estadisticas","tag-indec","tag-indigencia","tag-inflacion","tag-milei","tag-pobreza","tag-uca"],"jetpack_publicize_connections":[],"_links":{"self":[{"href":"https:\/\/www.enorsai.com\/noticias\/wp-json\/wp\/v2\/posts\/9154","targetHints":{"allow":["GET"]}}],"collection":[{"href":"https:\/\/www.enorsai.com\/noticias\/wp-json\/wp\/v2\/posts"}],"about":[{"href":"https:\/\/www.enorsai.com\/noticias\/wp-json\/wp\/v2\/types\/post"}],"author":[{"embeddable":true,"href":"https:\/\/www.enorsai.com\/noticias\/wp-json\/wp\/v2\/users\/1"}],"replies":[{"embeddable":true,"href":"https:\/\/www.enorsai.com\/noticias\/wp-json\/wp\/v2\/comments?post=9154"}],"version-history":[{"count":1,"href":"https:\/\/www.enorsai.com\/noticias\/wp-json\/wp\/v2\/posts\/9154\/revisions"}],"predecessor-version":[{"id":9156,"href":"https:\/\/www.enorsai.com\/noticias\/wp-json\/wp\/v2\/posts\/9154\/revisions\/9156"}],"wp:featuredmedia":[{"embeddable":true,"href":"https:\/\/www.enorsai.com\/noticias\/wp-json\/wp\/v2\/media\/9155"}],"wp:attachment":[{"href":"https:\/\/www.enorsai.com\/noticias\/wp-json\/wp\/v2\/media?parent=9154"}],"wp:term":[{"taxonomy":"category","embeddable":true,"href":"https:\/\/www.enorsai.com\/noticias\/wp-json\/wp\/v2\/categories?post=9154"},{"taxonomy":"post_tag","embeddable":true,"href":"https:\/\/www.enorsai.com\/noticias\/wp-json\/wp\/v2\/tags?post=9154"}],"curies":[{"name":"wp","href":"https:\/\/api.w.org\/{rel}","templated":true}]}}