{"id":9143,"date":"2025-09-25T18:17:06","date_gmt":"2025-09-25T21:17:06","guid":{"rendered":"https:\/\/www.enorsai.com\/noticias\/sociedad\/indec-confirma-316-de-pobres-y-una-medicion-que-deja-afuera-el-alquiler\/"},"modified":"2025-09-25T18:17:06","modified_gmt":"2025-09-25T21:17:06","slug":"indec-confirma-316-de-pobres-y-una-medicion-que-deja-afuera-el-alquiler","status":"publish","type":"post","link":"https:\/\/www.enorsai.com\/noticias\/sociedad\/indec-confirma-316-de-pobres-y-una-medicion-que-deja-afuera-el-alquiler\/","title":{"rendered":"Indec confirma 31,6% de pobres y una medici\u00f3n que deja afuera el alquiler"},"content":{"rendered":"\n<p>Pobreza 31,6%: el gobierno de Milei minimiza la crisis con cifras parciales<br>Subt\u00edtulo: Seg\u00fan el Indec, el 31,6% de la poblaci\u00f3n fue pobre en el primer semestre de 2025; la lectura oficial oculta realidades cotidianas \u2014alquileres, servicios y p\u00e9rdida de consumo\u2014 que empujan a miles m\u00e1s hacia la precariedad.<br><\/p>\n\n\n\n<p>El dato oficial, difundido el 25 de septiembre de 2025, muestra una baja respecto de trimestres anteriores, pero la metodolog\u00eda y la actualizaci\u00f3n de las canastas alimentaria y total ofrecen una lectura incompleta. Mientras el Ejecutivo celebra una baja porcentual, millones siguen perdiendo capacidad de compra y afrontando gastos que la estad\u00edstica no contabiliza.<br><br>El Indec dio a conocer este jueves que la pobreza alcanz\u00f3 al 31,6% de la poblaci\u00f3n en el primer semestre de 2025. Es un n\u00famero fr\u00edo que el gobierno de Javier Milei no dud\u00f3 en exhibir como logro. Y, en efecto, la serie oficial parece mostrar una ca\u00edda: desde el 52,9% del primer semestre de 2024 hasta este 31,6% en 2025; una ca\u00edda de 21,3 puntos porcentuales en menos de un a\u00f1o. Pero ah\u00ed est\u00e1 la trampa \u2014perd\u00f3n, la limitaci\u00f3n\u2014: esos porcentajes se calculan solo sobre ingresos monetarios del hogar y omiten otras dimensiones vitales del bienestar.<br><br>La medici\u00f3n del Indec usa dos referencias concretas: la Canasta B\u00e1sica Alimentaria (CBA) para definir la indigencia y la Canasta B\u00e1sica Total (CBT) para marcar la pobreza. Para agosto, dice el informe, un adulto necesit\u00f3 $375.657 para no ser considerado pobre; para no ser indigente la barrera fue $168.456. Ah\u00ed aparece el ejemplo que incomoda: un jubilado que cobr\u00f3 la m\u00ednima \u2014con el bono incluido de agosto, $385.000\u2014 queda por encima del umbral y, seg\u00fan la estad\u00edstica, \u201cno es pobre\u201d. \u00bfY eso qu\u00e9 significa en la vida real? Significa que un ingreso que apenas supera la canasta, en un pa\u00eds donde uno de cada tres hogares no tiene vivienda propia, alcanza para poco: el alquiler, la medicaci\u00f3n, el transporte y los imprevistos suelen comerse la diferencia.<br><br>El problema es m\u00e1s estructural que t\u00e9cnico. Las canastas se actualizan por el \u00cdndice de Precios al Consumidor (IPC), pero el IPC que rige la actualizaci\u00f3n tiene una composici\u00f3n que no refleja la reciente recomposici\u00f3n del gasto de las familias: los aumentos en servicios y tarifas crecieron mucho m\u00e1s que en alimentos, y sin embargo tienen poco peso en la canasta que calcula la inflaci\u00f3n. Resultado: la actualizaci\u00f3n autom\u00e1tica de la CBT y la CBA tiende a subestimar el impacto real en el bolsillo cuando los rubros que m\u00e1s duelen \u2014alquileres, tarifas, salud\u2014 no reciben el peso que merecen en la ecuaci\u00f3n. \u00bfSe entiende? Los ingresos nominales suben, pero el poder adquisitivo cae; el porcentaje oficial baja y la vida cotidiana de la gente empeora.<br><br>La Ciudad de Buenos Aires ilustra la contradicci\u00f3n. La nota oficial recuerda que CABA dispone de una canasta m\u00e1s actualizada \u2014basada en la Encuesta Permanente de Hogares 2017\/18\u2014 que pondera m\u00e1s los servicios, pero que nunca se utiliz\u00f3 plenamente; en cambio, a nivel nacional se sigue usando una canasta de 2004\/05 totalmente desfasada. Desde la asunci\u00f3n de Milei, la inflaci\u00f3n en CABA acumula alrededor de 30 puntos porcentuales por encima del dato nacional, lo que, de aplicarse la canasta m\u00e1s realista, elevar\u00eda la pobreza algunos puntos adicionales. Es decir: la foto nacional pinta mejor de lo que la vida en la ciudad revela.<br><br>La narrativa oficial es maniquea y c\u00f3moda: el gobierno presume una reducci\u00f3n \u201cdel 14%\u201d \u2014una cifra que circula en discursos y comunicados\u2014 y, al mismo tiempo, culpa a la mega devaluaci\u00f3n de diciembre de 2023 en manos del gobierno anterior por los n\u00fameros que le resultan inc\u00f3modos. La realidad es menos simple. El descenso estad\u00edstico de la pobreza coexiste con una ca\u00edda sostenida del consumo masivo durante el mandato de Milei; esa contracci\u00f3n del mercado interno no es una an\u00e9cdota: afecta ventas, salarios y la actividad cotidiana de los barrios. El ajuste fiscal y las pol\u00edticas implementadas explican parte de ese fen\u00f3meno. Decir que la pobreza \u201cbaj\u00f3\u201d y quedarse ah\u00ed es maquillaje ret\u00f3rico.<br><br>Adem\u00e1s, hay omisiones que deber\u00edan ser inaceptables en cualquier debate serio: la medici\u00f3n oficial no incorpora una mirada multidimensional que incluya vivienda, salud, empleo digno y educaci\u00f3n. En el mundo acad\u00e9mico y en gran parte del debate p\u00fablico contempor\u00e1neo, la pobreza se analiza as\u00ed: no s\u00f3lo como falta de ingreso sino como ausencia de condiciones m\u00ednimas para una vida plena. Reducir todo a un n\u00famero de ingresos por hogar es simplificar una tragedia social en un titular manejable por el Ejecutivo.<br><br>Frente a esto, la respuesta deber\u00eda ser pol\u00edtica y clara: actualizar las canastas con criterios que reflejen la realidad actual, incluir gastos de alquiler en la evaluaci\u00f3n \u2014m\u00e1s a\u00fan cuando una de cada tres familias no tiene vivienda propia seg\u00fan el Censo 2022\u2014 y abrir el debate para incorporar mediciones que no escondan a los vulnerables detr\u00e1s de promedios. Hablar de reducci\u00f3n de la pobreza sin reconocer la p\u00e9rdida de poder adquisitivo y la ca\u00edda del consumo es, lisa y llanamente, una lectura parcial que beneficia al que gobierna en lo comunicacional y perjudica a quienes sostienen la econom\u00eda desde abajo.<br><br>La certeza es que los n\u00fameros oficiales existen y son un insumo; la incertidumbre, enorme y leg\u00edtima, es hasta d\u00f3nde esos n\u00fameros reflejan la vida real. Si el objetivo es gobernar para reducir la pobreza de verdad, no alcanza con festejar porcentajes: hay que cambiar la metodolog\u00eda, revisar prioridades de gasto y reconocer que el ajuste no puede seguir siendo la excusa para justificar cifras que maquillan la emergencia social. La discusi\u00f3n est\u00e1 planteada y la sociedad merece algo m\u00e1s que titulares c\u00f3modos.<br><br>Fuente <\/p>\n\n\n\n<p>.https:\/\/www.pagina12.com.ar\/860723-la-pobreza-alcanzo-al-31-6-por-ciento-de-la-poblacion<\/p>\n","protected":false},"excerpt":{"rendered":"<p>Pobreza 31,6%: el gobierno de Milei minimiza la crisis con cifras parcialesSubt\u00edtulo: Seg\u00fan el Indec, el 31,6% de la poblaci\u00f3n fue pobre en el primer semestre de 2025; la lectura oficial oculta realidades cotidianas \u2014alquileres, servicios y p\u00e9rdida de consumo\u2014 que empujan a miles m\u00e1s hacia la precariedad. El dato oficial, difundido el 25 de&#8230;<\/p>\n","protected":false},"author":11,"featured_media":9142,"comment_status":"open","ping_status":"open","sticky":false,"template":"","format":"standard","meta":{"_monsterinsights_skip_tracking":false,"_monsterinsights_sitenote_active":false,"_monsterinsights_sitenote_note":"","_monsterinsights_sitenote_category":0,"footnotes":"","jetpack_publicize_message":"","jetpack_publicize_feature_enabled":true,"jetpack_social_post_already_shared":true,"jetpack_social_options":{"image_generator_settings":{"template":"highway","default_image_id":0,"font":"","enabled":false},"version":2}},"categories":[4],"tags":[3748,585,3745,1635,549,1046,227,45,475,72],"class_list":["post-9143","post","type-post","status-publish","format-standard","has-post-thumbnail","hentry","category-sociedad","tag-alquileres","tag-caba","tag-canasta","tag-consumo","tag-indec","tag-indigencia","tag-inflacion","tag-milei","tag-pobreza","tag-politica"],"jetpack_publicize_connections":[],"_links":{"self":[{"href":"https:\/\/www.enorsai.com\/noticias\/wp-json\/wp\/v2\/posts\/9143","targetHints":{"allow":["GET"]}}],"collection":[{"href":"https:\/\/www.enorsai.com\/noticias\/wp-json\/wp\/v2\/posts"}],"about":[{"href":"https:\/\/www.enorsai.com\/noticias\/wp-json\/wp\/v2\/types\/post"}],"author":[{"embeddable":true,"href":"https:\/\/www.enorsai.com\/noticias\/wp-json\/wp\/v2\/users\/11"}],"replies":[{"embeddable":true,"href":"https:\/\/www.enorsai.com\/noticias\/wp-json\/wp\/v2\/comments?post=9143"}],"version-history":[{"count":0,"href":"https:\/\/www.enorsai.com\/noticias\/wp-json\/wp\/v2\/posts\/9143\/revisions"}],"wp:featuredmedia":[{"embeddable":true,"href":"https:\/\/www.enorsai.com\/noticias\/wp-json\/wp\/v2\/media\/9142"}],"wp:attachment":[{"href":"https:\/\/www.enorsai.com\/noticias\/wp-json\/wp\/v2\/media?parent=9143"}],"wp:term":[{"taxonomy":"category","embeddable":true,"href":"https:\/\/www.enorsai.com\/noticias\/wp-json\/wp\/v2\/categories?post=9143"},{"taxonomy":"post_tag","embeddable":true,"href":"https:\/\/www.enorsai.com\/noticias\/wp-json\/wp\/v2\/tags?post=9143"}],"curies":[{"name":"wp","href":"https:\/\/api.w.org\/{rel}","templated":true}]}}