{"id":9138,"date":"2025-09-25T14:33:45","date_gmt":"2025-09-25T17:33:45","guid":{"rendered":"https:\/\/www.enorsai.com\/noticias\/?p=9138"},"modified":"2025-09-25T14:44:14","modified_gmt":"2025-09-25T17:44:14","slug":"fargosi-se-esconde-el-candidato-libertario-de-milei-y-el-pro-se-baja-del-debate-en-caba","status":"publish","type":"post","link":"https:\/\/www.enorsai.com\/noticias\/politica\/fargosi-se-esconde-el-candidato-libertario-de-milei-y-el-pro-se-baja-del-debate-en-caba\/","title":{"rendered":"Fargosi se esconde: el candidato libertario de Milei y el PRO se baja del debate en CABA"},"content":{"rendered":"\n<p>El primer candidato de La Libertad Avanza en alianza con el PRO, Alejandro Fargosi, decidi\u00f3 no presentarse al debate televisivo en la Ciudad de Buenos Aires. Desde la oposici\u00f3n lo calificaron como una maniobra vergonzosa y un signo de debilidad pol\u00edtica.<br><br>Mientras las encuestas muestran un escenario abierto con m\u00e1s de un 20% de indecisos, la decisi\u00f3n de Fargosi de ausentarse del debate del 8 de octubre genera indignaci\u00f3n y pone en cuesti\u00f3n la transparencia democr\u00e1tica en la previa de las elecciones legislativas del 26 de octubre.<br><br>Alejandro Fargosi, abogado y primer candidato a diputado por la lista conjunta de La Libertad Avanza y el PRO en la Ciudad de Buenos Aires, tom\u00f3 la decisi\u00f3n de no participar en el debate legislativo que se realizar\u00e1 el pr\u00f3ximo 8 de octubre en los estudios de TN. El gesto no pas\u00f3 inadvertido: desde la oposici\u00f3n lo calificaron como una verdadera \u201cverg\u00fcenza\u201d y una muestra de debilidad en un contexto pol\u00edtico cargado de tensiones.<br><br>El diputado nacional y presidente de la Coalici\u00f3n C\u00edvica-ARI, Maximiliano Ferraro, fue tajante al respecto. En sus redes sociales public\u00f3 la imagen de una silla vac\u00eda, s\u00edmbolo gr\u00e1fico de la ausencia de Fargosi, y remarc\u00f3: \u201cEl candidato de La Libertad Avanza decidi\u00f3 no debatir en la Ciudad de Buenos Aires. No tuvo mejor idea que borrarse. As\u00ed quedar\u00e1 su lugar: vac\u00edo. Una verg\u00fcenza\u201d. La cr\u00edtica no es menor: en un sistema democr\u00e1tico, rehuir el debate p\u00fablico no solo priva a la ciudadan\u00eda de contrastar propuestas, tambi\u00e9n alimenta la percepci\u00f3n de que el oficialismo libertario teme someter sus discursos al escrutinio real.<br><br>La decisi\u00f3n gener\u00f3 reacciones en otros espacios. El propio Ricardo L\u00f3pez Murphy, candidato de Potencia, ironiz\u00f3 en redes: \u201c\u00bfEs real que el se\u00f1or Fargosi se baj\u00f3? Ser\u00eda una l\u00e1stima\u201d. M\u00e1s all\u00e1 del tono, su mensaje refleja lo que muchos piensan: cuando un candidato se ausenta, pierde la oportunidad de validar su proyecto frente a rivales y votantes. Y en un clima de desconfianza hacia la pol\u00edtica, eso se paga caro.<br><br>Las encuestas en la Ciudad muestran que Fargosi encabeza con un 25,5% de intenci\u00f3n de voto, pero su ventaja no es decisiva. El dato clave es que el 21,4% del electorado a\u00fan est\u00e1 indeciso. En ese marco, la estrategia de esquivar el debate parece, cuanto menos, temeraria. En lugar de consolidar su liderazgo, puede abrir la puerta a que candidatos como Itai Hagman (15,7%) o Myriam Bregman (12,3%) capitalicen el vac\u00edo discursivo que deja el libertario. Incluso L\u00f3pez Murphy, con 10%, y Mart\u00edn Lousteau, con 7,8%, podr\u00edan crecer si logran capturar al votante desencantado con las principales opciones.<br><br>La ausencia de Fargosi no es un episodio aislado. Responde a una l\u00f3gica que ya se repite en el armado pol\u00edtico de Javier Milei: blindar a sus candidatos para evitar errores, filtrar la exposici\u00f3n p\u00fablica y controlar el mensaje. Pero esta estrategia tiene un costo. En lugar de exhibir confianza, refuerza la idea de un oficialismo que gobierna a puertas cerradas y que reh\u00faye al debate democr\u00e1tico.<br><br>En definitiva, lo que est\u00e1 en juego no es solo la participaci\u00f3n en un programa televisivo. Es el derecho de la ciudadan\u00eda a escuchar, comparar y decidir. Si los candidatos oficialistas se esconden detr\u00e1s de las encuestas y el marketing, lo que queda vac\u00edo no es solo una silla en un estudio, sino el compromiso democr\u00e1tico que se supone deber\u00edan encarnar. Y eso, en plena crisis social y econ\u00f3mica, no es un detalle menor.<br><br>Fuente <\/p>\n\n\n\n<p>.<\/p>\n","protected":false},"excerpt":{"rendered":"<p>El primer candidato de La Libertad Avanza en alianza con el PRO, Alejandro Fargosi, decidi\u00f3 no presentarse al debate televisivo en la Ciudad de Buenos Aires. Desde la oposici\u00f3n lo calificaron como una maniobra vergonzosa y un signo de debilidad pol\u00edtica. Mientras las encuestas muestran un escenario abierto con m\u00e1s de un 20% de indecisos,&#8230;<\/p>\n","protected":false},"author":9,"featured_media":9137,"comment_status":"open","ping_status":"open","sticky":false,"template":"","format":"standard","meta":{"_monsterinsights_skip_tracking":false,"_monsterinsights_sitenote_active":false,"_monsterinsights_sitenote_note":"","_monsterinsights_sitenote_category":0,"footnotes":"","jetpack_publicize_message":"","jetpack_publicize_feature_enabled":true,"jetpack_social_post_already_shared":true,"jetpack_social_options":{"image_generator_settings":{"template":"highway","default_image_id":0,"font":"","enabled":false},"version":2}},"categories":[2],"tags":[585,3746,209,190,1047,3747,45,985,616],"class_list":["post-9138","post","type-post","status-publish","format-standard","has-post-thumbnail","hentry","category-politica","tag-caba","tag-debate","tag-democracia","tag-elecciones","tag-encuestas","tag-fargosi","tag-milei","tag-oposicion","tag-pro"],"jetpack_publicize_connections":[],"_links":{"self":[{"href":"https:\/\/www.enorsai.com\/noticias\/wp-json\/wp\/v2\/posts\/9138","targetHints":{"allow":["GET"]}}],"collection":[{"href":"https:\/\/www.enorsai.com\/noticias\/wp-json\/wp\/v2\/posts"}],"about":[{"href":"https:\/\/www.enorsai.com\/noticias\/wp-json\/wp\/v2\/types\/post"}],"author":[{"embeddable":true,"href":"https:\/\/www.enorsai.com\/noticias\/wp-json\/wp\/v2\/users\/9"}],"replies":[{"embeddable":true,"href":"https:\/\/www.enorsai.com\/noticias\/wp-json\/wp\/v2\/comments?post=9138"}],"version-history":[{"count":1,"href":"https:\/\/www.enorsai.com\/noticias\/wp-json\/wp\/v2\/posts\/9138\/revisions"}],"predecessor-version":[{"id":9139,"href":"https:\/\/www.enorsai.com\/noticias\/wp-json\/wp\/v2\/posts\/9138\/revisions\/9139"}],"wp:featuredmedia":[{"embeddable":true,"href":"https:\/\/www.enorsai.com\/noticias\/wp-json\/wp\/v2\/media\/9137"}],"wp:attachment":[{"href":"https:\/\/www.enorsai.com\/noticias\/wp-json\/wp\/v2\/media?parent=9138"}],"wp:term":[{"taxonomy":"category","embeddable":true,"href":"https:\/\/www.enorsai.com\/noticias\/wp-json\/wp\/v2\/categories?post=9138"},{"taxonomy":"post_tag","embeddable":true,"href":"https:\/\/www.enorsai.com\/noticias\/wp-json\/wp\/v2\/tags?post=9138"}],"curies":[{"name":"wp","href":"https:\/\/api.w.org\/{rel}","templated":true}]}}