{"id":9134,"date":"2025-09-25T10:49:43","date_gmt":"2025-09-25T13:49:43","guid":{"rendered":"https:\/\/www.enorsai.com\/noticias\/?p=9134"},"modified":"2025-09-25T11:00:24","modified_gmt":"2025-09-25T14:00:24","slug":"milei-infla-logros-mientras-el-indec-revela-mas-de-15-millones-de-pobres","status":"publish","type":"post","link":"https:\/\/www.enorsai.com\/noticias\/sociedad\/milei-infla-logros-mientras-el-indec-revela-mas-de-15-millones-de-pobres\/","title":{"rendered":"Milei infla logros mientras el INDEC revela m\u00e1s de 15 millones de pobres"},"content":{"rendered":"\n<p>Las cifras oficiales del primer semestre muestran una baja respecto a 2024, pero la realidad sigue marcada por la exclusi\u00f3n y la indigencia.<\/p><p><br>El INDEC difundir\u00e1 este jueves los datos de pobreza e indigencia. Mientras Javier Milei insiste en adjudicarse la salida de millones de argentinos de la pobreza, los n\u00fameros de la UCA y la UTDT desmienten esa \u00e9pica oficialista: todav\u00eda hay m\u00e1s de 15 millones de pobres y 3,3 millones de indigentes.<br><br>El relato del gobierno de Javier Milei insiste en que \u201cmillones de argentinos dejaron atr\u00e1s la pobreza\u201d durante su gesti\u00f3n. Sin embargo, las cifras oficiales y acad\u00e9micas muestran un panorama mucho menos triunfalista: la pobreza sigue golpeando a m\u00e1s de 15 millones de personas, y dentro de ese universo, 3,3 millones son indigentes. La reducci\u00f3n es real en comparaci\u00f3n con los picos de 2024, pero est\u00e1 muy lejos de la \u00e9pica libertaria que promete un pa\u00eds en recuperaci\u00f3n.<br><br>El Instituto Nacional de Estad\u00edstica y Censos (INDEC) dar\u00e1 a conocer este jueves el nivel de pobreza e indigencia del primer semestre de 2025. Se espera que la cifra ronde el 30%, en l\u00ednea con estimaciones previas como el nowcast de la Universidad Torcuato Di Tella, que calcul\u00f3 un 31,1%, y el Observatorio de la Deuda Social de la Universidad Cat\u00f3lica Argentina (UCA), que registr\u00f3 31,5% de pobreza y 6,9% de indigencia.<br><br>La UCA, incluso, precis\u00f3 que la gesti\u00f3n Milei permiti\u00f3 que poco m\u00e1s de 3 millones de personas dejaran de ser pobres. Sin embargo, el gobierno asegura que fueron 12 millones los que lograron salir de esa situaci\u00f3n. La diferencia entre los n\u00fameros oficiales y el discurso pol\u00edtico no es menor: refleja la voluntad de inflar logros a costa de minimizar la crudeza de la crisis.<br><br>El \u00faltimo dato consolidado del INDEC, correspondiente al segundo semestre de 2024, arrojaba un 38,1% de pobreza, es decir, casi 18 millones de personas. Ese n\u00famero ya representaba una baja respecto al 52,9% del semestre anterior, pero no debe olvidarse que la ca\u00edda en la pobreza no se tradujo en una mejora sustancial en la calidad de vida: la inflaci\u00f3n dispar\u00f3 la canasta b\u00e1sica y dej\u00f3 a las familias contra las cuerdas.<br><br>En junio de este a\u00f1o, una familia tipo necesitaba $1.128.398 para no ser pobre y $506.008 para no caer en la indigencia. Dicho de otro modo: aun con la estad\u00edstica mostrando una leve mejor\u00eda, la vida cotidiana de millones sigue siendo un infierno de cuentas impagables y alimentos que se vuelven inaccesibles.<br><br>La paradoja de este escenario es evidente. Milei se vanagloria de cifras que muestran una baja de la pobreza, pero omite la letra chica: m\u00e1s de 15 millones de argentinos no logran superar la l\u00ednea de la canasta b\u00e1sica. La indigencia, adem\u00e1s, se mantiene en niveles alarmantes y golpea con especial crudeza a ni\u00f1as, ni\u00f1os y jubilados.<br><br>La pol\u00edtica oficial busca instalar la idea de que el pa\u00eds \u201cva en la direcci\u00f3n correcta\u201d. Sin embargo, lo que muestran las estad\u00edsticas y lo que viven los hogares en carne propia es otra cosa: la desigualdad sigue profundiz\u00e1ndose, el acceso a lo esencial se restringe y las promesas de prosperidad se sostienen m\u00e1s en el marketing que en la realidad econ\u00f3mica.<br><br>Fuente <\/p>\n\n\n\n<p>.<\/p>\n","protected":false},"excerpt":{"rendered":"<p>Las cifras oficiales del primer semestre muestran una baja respecto a 2024, pero la realidad sigue marcada por la exclusi\u00f3n y la indigencia. El INDEC difundir\u00e1 este jueves los datos de pobreza e indigencia. Mientras Javier Milei insiste en adjudicarse la salida de millones de argentinos de la pobreza, los n\u00fameros de la UCA y&#8230;<\/p>\n","protected":false},"author":11,"featured_media":9135,"comment_status":"open","ping_status":"open","sticky":false,"template":"","format":"standard","meta":{"_monsterinsights_skip_tracking":false,"_monsterinsights_sitenote_active":false,"_monsterinsights_sitenote_note":"","_monsterinsights_sitenote_category":0,"footnotes":"","jetpack_publicize_message":"","jetpack_publicize_feature_enabled":true,"jetpack_social_post_already_shared":true,"jetpack_social_options":{"image_generator_settings":{"template":"highway","default_image_id":0,"font":"","enabled":false},"version":2}},"categories":[4],"tags":[93,3745,34,549,1046,227,45,475,1625,3744],"class_list":["post-9134","post","type-post","status-publish","format-standard","has-post-thumbnail","hentry","category-sociedad","tag-argentina","tag-canasta","tag-desigualdad","tag-indec","tag-indigencia","tag-inflacion","tag-milei","tag-pobreza","tag-uca","tag-utdt"],"jetpack_publicize_connections":[],"_links":{"self":[{"href":"https:\/\/www.enorsai.com\/noticias\/wp-json\/wp\/v2\/posts\/9134","targetHints":{"allow":["GET"]}}],"collection":[{"href":"https:\/\/www.enorsai.com\/noticias\/wp-json\/wp\/v2\/posts"}],"about":[{"href":"https:\/\/www.enorsai.com\/noticias\/wp-json\/wp\/v2\/types\/post"}],"author":[{"embeddable":true,"href":"https:\/\/www.enorsai.com\/noticias\/wp-json\/wp\/v2\/users\/11"}],"replies":[{"embeddable":true,"href":"https:\/\/www.enorsai.com\/noticias\/wp-json\/wp\/v2\/comments?post=9134"}],"version-history":[{"count":1,"href":"https:\/\/www.enorsai.com\/noticias\/wp-json\/wp\/v2\/posts\/9134\/revisions"}],"predecessor-version":[{"id":9136,"href":"https:\/\/www.enorsai.com\/noticias\/wp-json\/wp\/v2\/posts\/9134\/revisions\/9136"}],"wp:featuredmedia":[{"embeddable":true,"href":"https:\/\/www.enorsai.com\/noticias\/wp-json\/wp\/v2\/media\/9135"}],"wp:attachment":[{"href":"https:\/\/www.enorsai.com\/noticias\/wp-json\/wp\/v2\/media?parent=9134"}],"wp:term":[{"taxonomy":"category","embeddable":true,"href":"https:\/\/www.enorsai.com\/noticias\/wp-json\/wp\/v2\/categories?post=9134"},{"taxonomy":"post_tag","embeddable":true,"href":"https:\/\/www.enorsai.com\/noticias\/wp-json\/wp\/v2\/tags?post=9134"}],"curies":[{"name":"wp","href":"https:\/\/api.w.org\/{rel}","templated":true}]}}