{"id":9125,"date":"2025-09-25T05:50:29","date_gmt":"2025-09-25T08:50:29","guid":{"rendered":"https:\/\/www.enorsai.com\/noticias\/?p=9125"},"modified":"2025-09-25T05:54:50","modified_gmt":"2025-09-25T08:54:50","slug":"bullrich-y-milei-ordenaron-reprimir-con-casi-mil-efectivos-a-200-jubilados-frente-al-congreso","status":"publish","type":"post","link":"https:\/\/www.enorsai.com\/noticias\/politica\/bullrich-y-milei-ordenaron-reprimir-con-casi-mil-efectivos-a-200-jubilados-frente-al-congreso\/","title":{"rendered":"Bullrich y Milei ordenaron reprimir con casi mil efectivos a 200 jubilados frente al Congreso"},"content":{"rendered":"\n<p>El gobierno despleg\u00f3 un operativo desproporcionado con cuatro fuerzas federales y la Polic\u00eda de la Ciudad para contener una protesta pac\u00edfica de jubilados que reclamaban por sus haberes y medicamentos.<br><br>La violencia institucional volvi\u00f3 a instalarse en el coraz\u00f3n de la democracia. Casi mil uniformados, camiones hidrantes y gases lacrim\u00f3genos fueron la respuesta oficial frente a apenas 200 jubilados que exig\u00edan lo m\u00ednimo: poder vivir con dignidad. El saldo: 12 heridos, dos hospitalizados y una sociedad cada vez m\u00e1s cercada por el protocolo represivo de Patricia Bullrich bajo el aval de Javier Milei.<br><br>La postal frente al Congreso de la Naci\u00f3n no deja margen de dudas: la pol\u00edtica de seguridad del gobierno de Javier Milei es una pol\u00edtica de amedrentamiento. Casi mil efectivos, entre las cuatro fuerzas federales y la Polic\u00eda de la Ciudad, fueron enviados para contener a un grupo reducido de jubilados que cada mi\u00e9rcoles repite la misma acci\u00f3n: reclamar por sus derechos b\u00e1sicos. El resultado fue un operativo desproporcionado, violento y cargado de cinismo.<br><br>La Defensor\u00eda del Pueblo de la Ciudad lo calific\u00f3 como un uso ileg\u00edtimo, desmedido y sin justificaci\u00f3n de la fuerza. Lo cierto es que el saldo fue de 12 personas heridas por los gases y dos internadas en el Hospital Ramos Mej\u00eda: un reportero digital golpeado en la cabeza y una jubilada que cay\u00f3 al suelo tras recibir un palo. La represi\u00f3n no discrimin\u00f3 entre adultos mayores, manifestantes o trabajadores de prensa: todos fueron blanco de la violencia.<br><br>\u201cCuando nos despedimos los mi\u00e9rcoles no sabemos en qu\u00e9 condiciones volvemos o si volvemos\u201d, relat\u00f3 con crudeza Ana Tapia, una de las jubiladas que participa semana tras semana. Esa frase sintetiza el nivel de hostigamiento que enfrenta un sector hist\u00f3ricamente vulnerable y hoy convertido en enemigo interno de un gobierno que prefiere gastar recursos en gases lacrim\u00f3genos antes que en medicamentos.<br><br>El despliegue fue grotesco: 700 agentes federales y 200 de la Polic\u00eda porte\u00f1a, con camiones hidrantes y motos apostadas en las calles aleda\u00f1as. La Comisi\u00f3n Provincial por la Memoria denunci\u00f3 que se trata de una represi\u00f3n sistem\u00e1tica, cruel y con intenci\u00f3n de da\u00f1ar. Un dato no menor: no hubo agresiones hacia las fuerzas, por lo que la violencia estatal carece de cualquier justificaci\u00f3n.<br><br>En este clima de brutalidad, los jubilados se mantienen firmes. \u201cNo nos queda otra que estar en la calle y espero que el gobierno tenga sensibilidad\u201d, sostuvo Walter Piriz, cansado de la sa\u00f1a oficial. La respuesta, hasta ahora, es la misma: palos, gases y m\u00e1s efectivos.<br><br>Lo que ocurri\u00f3 ayer frente al Congreso no es un hecho aislado, sino parte de una estrategia pol\u00edtica que coloca la represi\u00f3n como m\u00e9todo de gesti\u00f3n. La narrativa oficial insiste en el orden, pero los hechos demuestran que se trata de disciplinamiento social y castigo a quienes se animan a cuestionar al poder. La democracia se erosiona cada vez que un jubilado termina en el hospital por reclamar lo que le corresponde.<br><br>A pesar de la violencia, los manifestantes aseguran que no retroceder\u00e1n. \u201cPodemos tener cualquier sensaci\u00f3n menos miedo porque lo que defendemos son derechos\u201d, subray\u00f3 Ana. Y ese mensaje, simple y contundente, revela una verdad inc\u00f3moda para el oficialismo: mientras Milei y Bullrich invierten en represi\u00f3n, los jubilados siguen invirtiendo lo \u00fanico que les queda, su propio cuerpo, en la lucha por la dignidad.<br><br>Fuente <\/p>\n\n\n\n<p>.https:\/\/www.pagina12.com.ar\/860569-volvio-el-protocolo-represivo-de-bullrich<\/p>\n","protected":false},"excerpt":{"rendered":"<p>El gobierno despleg\u00f3 un operativo desproporcionado con cuatro fuerzas federales y la Polic\u00eda de la Ciudad para contener una protesta pac\u00edfica de jubilados que reclamaban por sus haberes y medicamentos. La violencia institucional volvi\u00f3 a instalarse en el coraz\u00f3n de la democracia. Casi mil uniformados, camiones hidrantes y gases lacrim\u00f3genos fueron la respuesta oficial frente&#8230;<\/p>\n","protected":false},"author":12,"featured_media":9124,"comment_status":"open","ping_status":"open","sticky":false,"template":"","format":"standard","meta":{"_monsterinsights_skip_tracking":false,"_monsterinsights_sitenote_active":false,"_monsterinsights_sitenote_note":"","_monsterinsights_sitenote_category":0,"footnotes":"","jetpack_publicize_message":"","jetpack_publicize_feature_enabled":true,"jetpack_social_post_already_shared":true,"jetpack_social_options":{"image_generator_settings":{"template":"highway","default_image_id":0,"font":"","enabled":false},"version":2}},"categories":[2,4],"tags":[262,257,209,69,3742,509,45,371,365,86],"class_list":["post-9125","post","type-post","status-publish","format-standard","has-post-thumbnail","hentry","category-politica","category-sociedad","tag-bullrich","tag-congreso","tag-democracia","tag-derechos","tag-heridos","tag-jubilados","tag-milei","tag-protesta","tag-represion","tag-seguridad"],"jetpack_publicize_connections":[],"_links":{"self":[{"href":"https:\/\/www.enorsai.com\/noticias\/wp-json\/wp\/v2\/posts\/9125","targetHints":{"allow":["GET"]}}],"collection":[{"href":"https:\/\/www.enorsai.com\/noticias\/wp-json\/wp\/v2\/posts"}],"about":[{"href":"https:\/\/www.enorsai.com\/noticias\/wp-json\/wp\/v2\/types\/post"}],"author":[{"embeddable":true,"href":"https:\/\/www.enorsai.com\/noticias\/wp-json\/wp\/v2\/users\/12"}],"replies":[{"embeddable":true,"href":"https:\/\/www.enorsai.com\/noticias\/wp-json\/wp\/v2\/comments?post=9125"}],"version-history":[{"count":1,"href":"https:\/\/www.enorsai.com\/noticias\/wp-json\/wp\/v2\/posts\/9125\/revisions"}],"predecessor-version":[{"id":9126,"href":"https:\/\/www.enorsai.com\/noticias\/wp-json\/wp\/v2\/posts\/9125\/revisions\/9126"}],"wp:featuredmedia":[{"embeddable":true,"href":"https:\/\/www.enorsai.com\/noticias\/wp-json\/wp\/v2\/media\/9124"}],"wp:attachment":[{"href":"https:\/\/www.enorsai.com\/noticias\/wp-json\/wp\/v2\/media?parent=9125"}],"wp:term":[{"taxonomy":"category","embeddable":true,"href":"https:\/\/www.enorsai.com\/noticias\/wp-json\/wp\/v2\/categories?post=9125"},{"taxonomy":"post_tag","embeddable":true,"href":"https:\/\/www.enorsai.com\/noticias\/wp-json\/wp\/v2\/tags?post=9125"}],"curies":[{"name":"wp","href":"https:\/\/api.w.org\/{rel}","templated":true}]}}