{"id":9059,"date":"2025-09-23T17:04:59","date_gmt":"2025-09-23T20:04:59","guid":{"rendered":"https:\/\/www.enorsai.com\/noticias\/?p=9059"},"modified":"2025-09-24T14:30:52","modified_gmt":"2025-09-24T17:30:52","slug":"milei-ignora-a-la-gente-y-profundiza-la-crisis","status":"publish","type":"post","link":"https:\/\/www.enorsai.com\/noticias\/politica\/milei-ignora-a-la-gente-y-profundiza-la-crisis\/","title":{"rendered":"Milei ignora a la gente y profundiza la crisis"},"content":{"rendered":"\n<p>El Intendente Andr\u00e9s Watson advierte que el desinter\u00e9s del presidente por escuchar a la poblaci\u00f3n amenaza el empleo, la econom\u00eda y la infraestructura del pa\u00eds.<br><br>Con un diagn\u00f3stico cr\u00edtico sobre el impacto de los vetos presidenciales y la recesi\u00f3n desde marzo, Watson subraya la importancia de legisladores capaces de frenar las medidas que golpean a los argentinos.<br><br>\u201cNo hay plata en la calle\u201d, lanz\u00f3 Andr\u00e9s Watson, Intendente de Florencio Varela, durante una entrevista con Andrea Rec\u00fapero en AM530. Su frase no es un comentario aislado: refleja la angustia de millones de argentinos que luchan para llegar a fin de mes en medio de una recesi\u00f3n que, seg\u00fan \u00e9l, viene marcada desde marzo. La advertencia es clara: quienes tienen suerte apenas llegan a mitad de mes, mientras la mayor\u00eda de la poblaci\u00f3n queda atrapada en la incertidumbre econ\u00f3mica.<br><br>Watson no tuvo contemplaciones al calificar al presidente Javier Milei como \u201cun papel\u00f3n\u201d. Seg\u00fan el Intendente, la incapacidad del mandatario para escuchar a la ciudadan\u00eda se traduce en decisiones err\u00e1ticas que impactan directamente en la vida cotidiana de los argentinos. La p\u00e9rdida de empleos, la paralizaci\u00f3n de actividades productivas y la ausencia de pol\u00edticas efectivas para infraestructura b\u00e1sica, como la vialidad, son s\u00edntomas de un gobierno que opera desconectado de la realidad.<br><br>El dirigente subray\u00f3 que la comunidad siente un detrimento absoluto: barrios que pierden fuentes de trabajo, rutas destruidas que complican la movilidad, y un parate generalizado que afecta la econom\u00eda de cada hogar. \u201cEl trabajo es un ordenador y mucha gente se est\u00e1 quedando sin trabajo\u201d, asegur\u00f3, describiendo un panorama que combina desesperanza con la sensaci\u00f3n de abandono estatal.<br><br>En este contexto, Watson remarc\u00f3 la urgencia de contar con legisladores nacionales que puedan frenar los vetos presidenciales que, de no ser contrarrestados, podr\u00edan profundizar los da\u00f1os econ\u00f3micos y sociales. \u201cLos legisladores de Fuerza Patria van a ser los que puedan frenar a Milei\u201d, afirm\u00f3, destacando que se trata de una obligaci\u00f3n pol\u00edtica y moral para proteger a la ciudadan\u00eda.<br><br>El Intendente tambi\u00e9n record\u00f3 la magnitud del compromiso ciudadano durante los \u00faltimos comicios provinciales: jam\u00e1s hab\u00eda visto tanta gente movilizada a votar como el 7 de septiembre. Para \u00e9l, la elecci\u00f3n del 26 de octubre no es una formalidad, sino una oportunidad clave para frenar las pol\u00edticas que desatienden a la gente y amenazan la estabilidad del pa\u00eds.<br><br>Watson concluy\u00f3 su diagn\u00f3stico se\u00f1alando que la crisis no es s\u00f3lo econ\u00f3mica: es institucional y social. Un presidente que no escucha, un pa\u00eds que se queda sin respuestas, y ciudadanos obligados a sobrevivir en medio de la desidia gubernamental. La advertencia de Florencio Varela resuena: el da\u00f1o puede ser profundo, y la pr\u00f3xima elecci\u00f3n ser\u00e1 decisiva.<br><br><br><br><\/p>\n","protected":false},"excerpt":{"rendered":"<p>El Intendente Andr\u00e9s Watson advierte que el desinter\u00e9s del presidente por escuchar a la poblaci\u00f3n amenaza el empleo, la econom\u00eda y la infraestructura del pa\u00eds. Con un diagn\u00f3stico cr\u00edtico sobre el impacto de los vetos presidenciales y la recesi\u00f3n desde marzo, Watson subraya la importancia de legisladores capaces de frenar las medidas que golpean a&#8230;<\/p>\n","protected":false},"author":1,"featured_media":9084,"comment_status":"open","ping_status":"open","sticky":false,"template":"","format":"standard","meta":{"_monsterinsights_skip_tracking":false,"_monsterinsights_sitenote_active":false,"_monsterinsights_sitenote_note":"","_monsterinsights_sitenote_category":0,"footnotes":"","jetpack_publicize_message":"","jetpack_publicize_feature_enabled":true,"jetpack_social_post_already_shared":true,"jetpack_social_options":{"image_generator_settings":{"template":"highway","default_image_id":0,"font":"","enabled":false},"version":2}},"categories":[2],"tags":[43,15,190,3726,1323,45,72,101,3725],"class_list":["post-9059","post","type-post","status-publish","format-standard","has-post-thumbnail","hentry","category-politica","tag-crisis","tag-economia","tag-elecciones","tag-florencio-varela","tag-legisladores","tag-milei","tag-politica","tag-recesion","tag-watson"],"jetpack_publicize_connections":[],"_links":{"self":[{"href":"https:\/\/www.enorsai.com\/noticias\/wp-json\/wp\/v2\/posts\/9059","targetHints":{"allow":["GET"]}}],"collection":[{"href":"https:\/\/www.enorsai.com\/noticias\/wp-json\/wp\/v2\/posts"}],"about":[{"href":"https:\/\/www.enorsai.com\/noticias\/wp-json\/wp\/v2\/types\/post"}],"author":[{"embeddable":true,"href":"https:\/\/www.enorsai.com\/noticias\/wp-json\/wp\/v2\/users\/1"}],"replies":[{"embeddable":true,"href":"https:\/\/www.enorsai.com\/noticias\/wp-json\/wp\/v2\/comments?post=9059"}],"version-history":[{"count":1,"href":"https:\/\/www.enorsai.com\/noticias\/wp-json\/wp\/v2\/posts\/9059\/revisions"}],"predecessor-version":[{"id":9085,"href":"https:\/\/www.enorsai.com\/noticias\/wp-json\/wp\/v2\/posts\/9059\/revisions\/9085"}],"wp:featuredmedia":[{"embeddable":true,"href":"https:\/\/www.enorsai.com\/noticias\/wp-json\/wp\/v2\/media\/9084"}],"wp:attachment":[{"href":"https:\/\/www.enorsai.com\/noticias\/wp-json\/wp\/v2\/media?parent=9059"}],"wp:term":[{"taxonomy":"category","embeddable":true,"href":"https:\/\/www.enorsai.com\/noticias\/wp-json\/wp\/v2\/categories?post=9059"},{"taxonomy":"post_tag","embeddable":true,"href":"https:\/\/www.enorsai.com\/noticias\/wp-json\/wp\/v2\/tags?post=9059"}],"curies":[{"name":"wp","href":"https:\/\/api.w.org\/{rel}","templated":true}]}}