{"id":9058,"date":"2025-09-23T16:57:03","date_gmt":"2025-09-23T19:57:03","guid":{"rendered":"https:\/\/www.enorsai.com\/noticias\/?p=9058"},"modified":"2025-09-24T14:55:33","modified_gmt":"2025-09-24T17:55:33","slug":"martin-aveiro-milei-le-esta-bajando-la-persiana-al-pais-con-un-presupuesto-al-servicio-del-fmi","status":"publish","type":"post","link":"https:\/\/www.enorsai.com\/noticias\/politica\/martin-aveiro-milei-le-esta-bajando-la-persiana-al-pais-con-un-presupuesto-al-servicio-del-fmi\/","title":{"rendered":"Mart\u00edn Aveiro: \u201cMilei le est\u00e1 bajando la persiana al pa\u00eds con un presupuesto al servicio del FMI\u201d"},"content":{"rendered":"\n<p>El diputado nacional de Uni\u00f3n por la Patria cuestion\u00f3 con dureza el rumbo econ\u00f3mico del gobierno de Javier Milei, al que acus\u00f3 de castigar a jubilados, trabajadores y familias enteras mientras celebra la aprobaci\u00f3n del Fondo Monetario Internacional.<br><br>En una entrevista con Andrea Rec\u00fapero en AM530, Mart\u00edn Aveiro, diputado nacional por Mendoza, no ahorr\u00f3 cr\u00edticas contra la administraci\u00f3n de Javier Milei. Sus declaraciones encendieron una alarma sobre lo que considera una pol\u00edtica econ\u00f3mica de saqueo, que prioriza los mandatos del FMI por encima de las necesidades b\u00e1sicas de la gente. \u201cEl presupuesto es mentiroso, solo para cumplir con los requisitos del Fondo\u201d, afirm\u00f3, advirtiendo que la letra chica del plan econ\u00f3mico desnuda un modelo de ajuste despiadado que recae en los sectores m\u00e1s vulnerables.<br><br>Aveiro fue contundente al describir la foto que celebra el oficialismo: \u201cLas felicitaciones entre el FMI y Caputo son tristes, se juega con el dolor ajeno y la vulnerabilidad de las familias trabajadoras\u201d. Para el legislador mendocino, la postal del ministro recibiendo aplausos internacionales refleja la desconexi\u00f3n absoluta con la realidad cotidiana de los argentinos, donde la inflaci\u00f3n, el hambre y la p\u00e9rdida de poder adquisitivo se convierten en la norma.<br><br>Uno de los puntos m\u00e1s sensibles de su intervenci\u00f3n fue el de los jubilados. \u201cEs cierto que los jubilados llevan muchos a\u00f1os sufriendo, pero cuando gobernaba el peronismo ten\u00edan aportes extraordinarios para vivir un poco mejor\u201d, record\u00f3. Seg\u00fan explic\u00f3, hoy el panorama es devastador: aumentos de impuestos que golpean directamente a quienes menos tienen y una canasta b\u00e1sica que se aleja cada d\u00eda m\u00e1s de los haberes. Aveiro propuso una salida inmediata: \u201cEl Gobierno nacional puede poner un tope anual de reintegro, eso significa devolverle a los jubilados alrededor de 120 mil pesos en consumo. Con este proyecto de Ley, los jubilados van a mejorar su alimentaci\u00f3n\u201d.<br><br>La cr\u00edtica tambi\u00e9n alcanz\u00f3 al dise\u00f1o fiscal. \u201cEl IVA es un impuesto muy injusto para los que menos tienen. Todos los empleados que no superen seis salarios m\u00ednimos ser\u00edan los beneficiados, la idea es implementarlo a trav\u00e9s del Ejecutivo nacional. Queremos tratarlo\u201d, expres\u00f3, dejando en claro que hay alternativas concretas, pero falta voluntad pol\u00edtica para aplicarlas.<br><br>El diputado fue m\u00e1s all\u00e1 al denunciar la l\u00f3gica selectiva del ajuste. \u201cLa semana pasada se timbearon 1.100 millones de d\u00f3lares. La quita de impuestos a grandes empresas como Mercado Libre tambi\u00e9n es d\u00e9ficit, podr\u00eda decirse que son los planeros millonarios. Plata siempre hay, que no la manden a la SIDE o con la plata de las coimas podr\u00edan financiar el poder adquisitivo de los jubilados\u201d. Sus palabras no solo exponen la desigualdad del modelo, sino tambi\u00e9n la contradicci\u00f3n de un gobierno que recorta a los de abajo mientras protege a los grandes grupos econ\u00f3micos.<br><br>Aveiro tambi\u00e9n pint\u00f3 una postal social alarmante: \u201cAntes a los chilenos les resultaba barato venir a comprar comida, ahora ni eso. El argentino va a Chile a comprar hasta comida, es una situaci\u00f3n muy triste\u201d. La comparaci\u00f3n deja en evidencia la profundidad del deterioro: un pa\u00eds hist\u00f3ricamente abastecedor de alimentos reducido a exportar pobreza hacia su poblaci\u00f3n.<br><br>Con dureza, concluy\u00f3: \u201cMilei le est\u00e1 bajando la persiana al pa\u00eds\u201d. Para Aveiro, el mensaje de las urnas en la provincia de Buenos Aires fue claro: la sociedad empieza a dar se\u00f1ales de resistencia frente a un modelo que excluye a la mayor\u00eda. \u201cNo estoy pensando en ganar elecciones, sino que se entienda que el camino elegido deja afuera al 99% de una vida saludable\u201d, sentenci\u00f3.<br><br>En tiempos en que el oficialismo busca blindar pol\u00edticamente su ajuste bajo el sello de la \u201clibertad\u201d, las palabras del diputado ponen en foco lo esencial: la libertad de la mayor\u00eda est\u00e1 siendo hipotecada a cambio de los aplausos del FMI y los privilegios de unos pocos.<br><\/p>\n","protected":false},"excerpt":{"rendered":"<p>El diputado nacional de Uni\u00f3n por la Patria cuestion\u00f3 con dureza el rumbo econ\u00f3mico del gobierno de Javier Milei, al que acus\u00f3 de castigar a jubilados, trabajadores y familias enteras mientras celebra la aprobaci\u00f3n del Fondo Monetario Internacional. En una entrevista con Andrea Rec\u00fapero en AM530, Mart\u00edn Aveiro, diputado nacional por Mendoza, no ahorr\u00f3 cr\u00edticas&#8230;<\/p>\n","protected":false},"author":1,"featured_media":9088,"comment_status":"open","ping_status":"open","sticky":false,"template":"","format":"standard","meta":{"_monsterinsights_skip_tracking":false,"_monsterinsights_sitenote_active":false,"_monsterinsights_sitenote_note":"","_monsterinsights_sitenote_category":0,"footnotes":"","jetpack_publicize_message":"","jetpack_publicize_feature_enabled":true,"jetpack_social_post_already_shared":true,"jetpack_social_options":{"image_generator_settings":{"template":"highway","default_image_id":0,"font":"","enabled":false},"version":2}},"categories":[2],"tags":[58,184,625,90,227,509,45,475,1289],"class_list":["post-9058","post","type-post","status-publish","format-standard","has-post-thumbnail","hentry","category-politica","tag-ajuste","tag-caputo","tag-coimas","tag-fmi","tag-inflacion","tag-jubilados","tag-milei","tag-pobreza","tag-presupuesto"],"jetpack_publicize_connections":[],"_links":{"self":[{"href":"https:\/\/www.enorsai.com\/noticias\/wp-json\/wp\/v2\/posts\/9058","targetHints":{"allow":["GET"]}}],"collection":[{"href":"https:\/\/www.enorsai.com\/noticias\/wp-json\/wp\/v2\/posts"}],"about":[{"href":"https:\/\/www.enorsai.com\/noticias\/wp-json\/wp\/v2\/types\/post"}],"author":[{"embeddable":true,"href":"https:\/\/www.enorsai.com\/noticias\/wp-json\/wp\/v2\/users\/1"}],"replies":[{"embeddable":true,"href":"https:\/\/www.enorsai.com\/noticias\/wp-json\/wp\/v2\/comments?post=9058"}],"version-history":[{"count":1,"href":"https:\/\/www.enorsai.com\/noticias\/wp-json\/wp\/v2\/posts\/9058\/revisions"}],"predecessor-version":[{"id":9089,"href":"https:\/\/www.enorsai.com\/noticias\/wp-json\/wp\/v2\/posts\/9058\/revisions\/9089"}],"wp:featuredmedia":[{"embeddable":true,"href":"https:\/\/www.enorsai.com\/noticias\/wp-json\/wp\/v2\/media\/9088"}],"wp:attachment":[{"href":"https:\/\/www.enorsai.com\/noticias\/wp-json\/wp\/v2\/media?parent=9058"}],"wp:term":[{"taxonomy":"category","embeddable":true,"href":"https:\/\/www.enorsai.com\/noticias\/wp-json\/wp\/v2\/categories?post=9058"},{"taxonomy":"post_tag","embeddable":true,"href":"https:\/\/www.enorsai.com\/noticias\/wp-json\/wp\/v2\/tags?post=9058"}],"curies":[{"name":"wp","href":"https:\/\/api.w.org\/{rel}","templated":true}]}}