{"id":9045,"date":"2025-09-23T08:55:08","date_gmt":"2025-09-23T11:55:08","guid":{"rendered":"https:\/\/www.enorsai.com\/noticias\/?p=9045"},"modified":"2025-09-23T08:55:08","modified_gmt":"2025-09-23T11:55:08","slug":"franco-cada-vez-mas-complicado-podria-tener-las-horas-contadas-en-el-cargo","status":"publish","type":"post","link":"https:\/\/www.enorsai.com\/noticias\/politica\/franco-cada-vez-mas-complicado-podria-tener-las-horas-contadas-en-el-cargo\/","title":{"rendered":"Franco cada vez m\u00e1s complicado: podr\u00eda tener las horas contadas en el cargo"},"content":{"rendered":"\n<p><em><strong>Un sector de la oposici\u00f3n present\u00f3 una moci\u00f3n de censura contra el jefe de Gabinete. De qu\u00e9 se lo acusa.<\/strong><\/em><\/p>\n\n\n\n<p>Diputados nacionales de Encuentro Federal encabezados por Oscar Agost Carre\u00f1o presentaron este lunes una moci\u00f3n de censura para remover de su cargo al jefe de Gabinete, Guillermo Francos, por incumplir con la aplicaci\u00f3n de una ley vigente como la emergencia en Discapacidad, luego de que la oposici\u00f3n volteara el veto del presidente Javier Milei.<\/p>\n\n\n\n<p>De esta manera, el ministro coordinador podr\u00eda ser destituido por el voto de la mayor\u00eda absoluta de los miembros de cada una de las c\u00e1maras legislativas, conforme el art\u00edculo 101 de la Constituci\u00f3n Nacional. Para remover a Francos, si la oposici\u00f3n logra fundar razonablemente sus acusaciones, apenas necesitar\u00eda la mayor\u00eda absoluta de votos, un objetivo alcanzable.<\/p>\n\n\n\n<p>\u201cEl Gobierno rompi\u00f3 el estado de derecho\u201d, sentenci\u00f3 Agost Carre\u00f1o en la red social X sobre la suspensi\u00f3n de la implementaci\u00f3n de la ley 27.793, ratificada por ambas c\u00e1maras del Congreso.<\/p>\n\n\n\n<p>La interpelaci\u00f3n y moci\u00f3n de censura contra Francos que impulsa el cordob\u00e9s lleva la firma de diputados del bloque que preside Miguel Pichetto, como Nicol\u00e1s Massot, Emilio Monz\u00f3, M\u00f3nica Fein, Margarita Stolbizer y Esteban Paul\u00f3n.<\/p>\n\n\n\n<p>Acusan a Francos no solo de incumplir la ley de Discapacidad y no reasignar las partidas conforme a la ley promulgada, sino tambi\u00e9n por \u201cdictar decretos nulos e inconstitucionales\u201d y \u00abviolar la divisi\u00f3n de poderes del Estado.<\/p>\n\n\n\n<p>\u201cLa democracia no se negocia. Y las leyes se cumplen siempre, aunque no les guste perder discrecionalidad\u201d, expres\u00f3 Agost Carre\u00f1o.<\/p>\n\n\n\n<p>Este lunes, el Gobierno promulg\u00f3 la ley de emergencia en Discapacidad pero en el mismo decreto 681\/25 avis\u00f3 que suspend\u00eda los efectos de la ley por falta de financiamiento y supedit\u00f3 la implementaci\u00f3n efectiva a la inclusi\u00f3n de las fuentes de financiamiento en el marco del proyecto de Presupuesto 2026.<\/p>\n\n\n\n<p>El diputado nacional de la Coalici\u00f3n C\u00edvica Maximiliano Ferraro sostuvo que \u201ccon el Decreto 681\/2025, el Presidente (Javier Milei) incurre en nulidad absoluta\u201d ya que \u201cpretende inventar un procedimiento nuevo para la sanci\u00f3n y aplicaci\u00f3n de las leyes, algo que la Constituci\u00f3n no permite\u201d.<\/p>\n\n\n\n<p>\u201cNo es competencia del Poder Ejecutivo agregar pasos ni condicionar la vigencia de lo que ya aprob\u00f3 el Congreso\u201d, a\u00f1adi\u00f3.<\/p>\n\n\n\n<p>\u201cLa Ley de Emergencia en Discapacidad (27.793) es clara: el Jefe de Gabinete, conforme a sus atribuciones legales, debe asignar y\/o reasignar partidas presupuestarias para garantizar su cumplimiento. No puede excusarse: la ley lo obliga a priorizar y reorganizar el presupuesto para dar respuesta a las personas con discapacidad. Basta de excusas y de maniobras inconstitucionales. Cumplan la ley\u201d, cerr\u00f3 Ferraro en X.<\/p>\n\n\n\n<p>Por Data Diario<\/p>\n","protected":false},"excerpt":{"rendered":"<p>Un sector de la oposici\u00f3n present\u00f3 una moci\u00f3n de censura contra el jefe de Gabinete. De qu\u00e9 se lo acusa. Diputados nacionales de Encuentro Federal encabezados por Oscar Agost Carre\u00f1o presentaron este lunes una moci\u00f3n de censura para remover de su cargo al jefe de Gabinete, Guillermo Francos, por incumplir con la aplicaci\u00f3n de una&#8230;<\/p>\n","protected":false},"author":5,"featured_media":9046,"comment_status":"open","ping_status":"open","sticky":false,"template":"","format":"standard","meta":{"_monsterinsights_skip_tracking":false,"_monsterinsights_sitenote_active":false,"_monsterinsights_sitenote_note":"","_monsterinsights_sitenote_category":0,"footnotes":"","jetpack_publicize_message":"","jetpack_publicize_feature_enabled":true,"jetpack_social_post_already_shared":true,"jetpack_social_options":{"image_generator_settings":{"template":"highway","default_image_id":0,"font":"","enabled":false},"version":2}},"categories":[2],"tags":[58,43,72],"class_list":["post-9045","post","type-post","status-publish","format-standard","has-post-thumbnail","hentry","category-politica","tag-ajuste","tag-crisis","tag-politica"],"jetpack_publicize_connections":[],"_links":{"self":[{"href":"https:\/\/www.enorsai.com\/noticias\/wp-json\/wp\/v2\/posts\/9045","targetHints":{"allow":["GET"]}}],"collection":[{"href":"https:\/\/www.enorsai.com\/noticias\/wp-json\/wp\/v2\/posts"}],"about":[{"href":"https:\/\/www.enorsai.com\/noticias\/wp-json\/wp\/v2\/types\/post"}],"author":[{"embeddable":true,"href":"https:\/\/www.enorsai.com\/noticias\/wp-json\/wp\/v2\/users\/5"}],"replies":[{"embeddable":true,"href":"https:\/\/www.enorsai.com\/noticias\/wp-json\/wp\/v2\/comments?post=9045"}],"version-history":[{"count":2,"href":"https:\/\/www.enorsai.com\/noticias\/wp-json\/wp\/v2\/posts\/9045\/revisions"}],"predecessor-version":[{"id":9048,"href":"https:\/\/www.enorsai.com\/noticias\/wp-json\/wp\/v2\/posts\/9045\/revisions\/9048"}],"wp:featuredmedia":[{"embeddable":true,"href":"https:\/\/www.enorsai.com\/noticias\/wp-json\/wp\/v2\/media\/9046"}],"wp:attachment":[{"href":"https:\/\/www.enorsai.com\/noticias\/wp-json\/wp\/v2\/media?parent=9045"}],"wp:term":[{"taxonomy":"category","embeddable":true,"href":"https:\/\/www.enorsai.com\/noticias\/wp-json\/wp\/v2\/categories?post=9045"},{"taxonomy":"post_tag","embeddable":true,"href":"https:\/\/www.enorsai.com\/noticias\/wp-json\/wp\/v2\/tags?post=9045"}],"curies":[{"name":"wp","href":"https:\/\/api.w.org\/{rel}","templated":true}]}}