{"id":9031,"date":"2025-09-22T22:59:11","date_gmt":"2025-09-23T01:59:11","guid":{"rendered":"https:\/\/www.enorsai.com\/noticias\/?p=9031"},"modified":"2025-09-22T23:00:34","modified_gmt":"2025-09-23T02:00:34","slug":"se-viene-el-kukapalooza","status":"publish","type":"post","link":"https:\/\/www.enorsai.com\/noticias\/politica\/se-viene-el-kukapalooza\/","title":{"rendered":"SE VIENE EL KUKAPALOOZA"},"content":{"rendered":"\n<p>El pr\u00f3ximo s\u00e1bado 27 de septiembre a partir de las 16 horas, en la sede del Ateneo N\u00e9stor Kirchner de San Mart\u00edn (Bolivia 3076, San Andr\u00e9s), se realizar\u00e1 el KUKAPALOOZA, el festival por Cristina Libre. Ser\u00e1 una jornada para celebrar la cultura, abrazar la primavera y, sobre todo, renovar la fuerza colectiva en defensa de Cristina Fern\u00e1ndez de Kirchner, v\u00edctima de una persecuci\u00f3n judicial y pol\u00edtica que busca silenciar la voz del pueblo.<\/p>\n\n\n\n<p>El festival contar\u00e1 con la participaci\u00f3n de bandas en vivo, feriantes, propuestas gastron\u00f3micas populares, adem\u00e1s de la presentaci\u00f3n especial de Teresa Parodi y una charla de cierre a cargo de Carlos Zannini. La convocatoria es abierta con entrada libre y gratuita, y forma parte de una serie de actividades que el Ateneo viene impulsando en favor de la cultura y la democracia.<\/p>\n","protected":false},"excerpt":{"rendered":"<p>El pr\u00f3ximo s\u00e1bado 27 de septiembre a partir de las 16 horas, en la sede del Ateneo N\u00e9stor Kirchner de San Mart\u00edn (Bolivia 3076, San Andr\u00e9s), se realizar\u00e1 el KUKAPALOOZA, el festival por Cristina Libre. Ser\u00e1 una jornada para celebrar la cultura, abrazar la primavera y, sobre todo, renovar la fuerza colectiva en defensa de&#8230;<\/p>\n","protected":false},"author":5,"featured_media":9032,"comment_status":"open","ping_status":"open","sticky":false,"template":"","format":"standard","meta":{"_monsterinsights_skip_tracking":false,"_monsterinsights_sitenote_active":false,"_monsterinsights_sitenote_note":"","_monsterinsights_sitenote_category":0,"footnotes":"","jetpack_publicize_message":"Festival KUKAPALOOZA en San Andr\u00e9s: m\u00fasica, feria y apoyo a Cristina Fern\u00e1ndez de Kirchner","jetpack_publicize_feature_enabled":true,"jetpack_social_post_already_shared":false,"jetpack_social_options":{"image_generator_settings":{"template":"highway","default_image_id":0,"font":"","enabled":false},"version":2}},"categories":[2],"tags":[3713,3719,3716,3644,1519,3720,2532,3718,3717,3711,3710,3714,3297,3712,1324,3715],"class_list":["post-9031","post","type-post","status-publish","format-standard","has-post-thumbnail","hentry","category-politica","tag-ateneo-nestor-kirchner","tag-bandas-en-vivo","tag-carlos-zannini","tag-cristina-fernandez-de-kirchner-2","tag-cultura-popular","tag-defensa-de-cristina","tag-democracia-argentina","tag-entrada-libre","tag-feria-popular","tag-festival-cultural","tag-kukapalooza","tag-militancia-argentina","tag-persecucion-judicial","tag-san-andres","tag-san-martin","tag-teresa-parodi"],"jetpack_publicize_connections":[],"_links":{"self":[{"href":"https:\/\/www.enorsai.com\/noticias\/wp-json\/wp\/v2\/posts\/9031","targetHints":{"allow":["GET"]}}],"collection":[{"href":"https:\/\/www.enorsai.com\/noticias\/wp-json\/wp\/v2\/posts"}],"about":[{"href":"https:\/\/www.enorsai.com\/noticias\/wp-json\/wp\/v2\/types\/post"}],"author":[{"embeddable":true,"href":"https:\/\/www.enorsai.com\/noticias\/wp-json\/wp\/v2\/users\/5"}],"replies":[{"embeddable":true,"href":"https:\/\/www.enorsai.com\/noticias\/wp-json\/wp\/v2\/comments?post=9031"}],"version-history":[{"count":1,"href":"https:\/\/www.enorsai.com\/noticias\/wp-json\/wp\/v2\/posts\/9031\/revisions"}],"predecessor-version":[{"id":9034,"href":"https:\/\/www.enorsai.com\/noticias\/wp-json\/wp\/v2\/posts\/9031\/revisions\/9034"}],"wp:featuredmedia":[{"embeddable":true,"href":"https:\/\/www.enorsai.com\/noticias\/wp-json\/wp\/v2\/media\/9032"}],"wp:attachment":[{"href":"https:\/\/www.enorsai.com\/noticias\/wp-json\/wp\/v2\/media?parent=9031"}],"wp:term":[{"taxonomy":"category","embeddable":true,"href":"https:\/\/www.enorsai.com\/noticias\/wp-json\/wp\/v2\/categories?post=9031"},{"taxonomy":"post_tag","embeddable":true,"href":"https:\/\/www.enorsai.com\/noticias\/wp-json\/wp\/v2\/tags?post=9031"}],"curies":[{"name":"wp","href":"https:\/\/api.w.org\/{rel}","templated":true}]}}