{"id":8997,"date":"2025-09-22T06:58:48","date_gmt":"2025-09-22T09:58:48","guid":{"rendered":"https:\/\/www.enorsai.com\/noticias\/economia\/vicentin-citan-a-indagatoria-a-gonzalez-fraga-y-llach-por-la-estafa-de-300-millones-al-banco-nacion\/"},"modified":"2025-09-22T06:58:48","modified_gmt":"2025-09-22T09:58:48","slug":"vicentin-citan-a-indagatoria-a-gonzalez-fraga-y-llach-por-la-estafa-de-300-millones-al-banco-nacion","status":"publish","type":"post","link":"https:\/\/www.enorsai.com\/noticias\/economia\/vicentin-citan-a-indagatoria-a-gonzalez-fraga-y-llach-por-la-estafa-de-300-millones-al-banco-nacion\/","title":{"rendered":"Vicentin: citan a indagatoria a Gonz\u00e1lez Fraga y Llach por la estafa de 300 millones al Banco Naci\u00f3n"},"content":{"rendered":"\n<p>La reapertura de la causa por parte del juez Juli\u00e1n Ercolini, a casi seis a\u00f1os de los hechos, puso en el centro a exdirectivos del Banco Naci\u00f3n y a los principales responsables de Vicentin; la pesquisa se\u00f1ala retiros de cuentas de garant\u00eda y maniobras que habr\u00edan permitido la fuga de divisas. <br><br>La decisi\u00f3n judicial que convoca a declarar a 26 imputados \u2014entre ellos Javier Gonz\u00e1lez Fraga y Lucas Llach\u2014 vuelve a poner sobre la mesa una estafa que, seg\u00fan la acusaci\u00f3n fiscal, lesion\u00f3 al Estado por cerca de 300 millones de d\u00f3lares. Lo llamativo no es s\u00f3lo la magnitud del agujero: es la trama pol\u00edtica y financiera que lo rodea y la sensaci\u00f3n de que, hasta ahora, muchos nombres quedaron al margen del escrutinio p\u00fablico. <br><br>La causa Vicentin vuelve a sacudir. Despu\u00e9s de m\u00e1s de cinco a\u00f1os de aparente inacci\u00f3n, el juez federal Juli\u00e1n Ercolini resolvi\u00f3 activar la investigaci\u00f3n y citar a indagatoria a 26 personas que figuran en la denuncia por defraudaci\u00f3n a la administraci\u00f3n p\u00fablica, entre ellas dos figuras que ocupaban la presidencia y la vicepresidencia del Banco Naci\u00f3n en 2019: Javier Gonz\u00e1lez Fraga y Lucas Llach. Esa sola lista de nombres deber\u00eda saltar las alarmas: estamos hablando de decisiones que, seg\u00fan el fiscal Gerardo Pollicita, permitieron que alrededor de 300 millones de d\u00f3lares se manejaran fuera de toda legalidad. <br><br>Los hechos que describe la fiscal\u00eda, tal como los recopila la resoluci\u00f3n, son de manual del esc\u00e1ndalo financiero: entre agosto y diciembre de 2019 se autorizaron retiros y transferencias desde cuentas que funcionaban como garant\u00eda de cobro por prefinanciaci\u00f3n de exportaciones; en vez de cobrarse lo adeudado, el Banco Naci\u00f3n permiti\u00f3 que esos fondos se movieran hacia otras cuentas y hasta al exterior, a favor de estructuras financieras en guaridas fiscales. En noviembre de 2019, cuando la cerealera ya mostraba incumplimientos, el directorio aprob\u00f3 nuevos pr\u00e9stamos por m\u00e1s de 105 millones de d\u00f3lares en apenas una semana, con la excusa de que se trataba de prefinanciaci\u00f3n de exportaciones. Es decir: cr\u00e9ditos sobre cr\u00e9ditos, y garant\u00edas desarticuladas en el peor momento. <br><br>La mec\u00e1nica denunciada no es sofisticada por capricho; es eficaz en su brutalidad. La investigaci\u00f3n apunta a que, en lugar de descontar de las cuentas de garant\u00eda lo que correspond\u00eda al banco, la entidad autoriz\u00f3 repetidos pedidos de retiro firmados por directores de Vicentin \u2014que se turnaban para no repetir firmas\u2014 con una frecuencia de dos o tres veces por semana. Esos movimientos terminaron en cuentas de la misma empresa en otros bancos, en sucursales del exterior (por ejemplo, Uruguay) o en fondos radicados en islas Caim\u00e1n y Amsterdam (Brickland Real Assets, BAF Latam Trade, seg\u00fan el expediente), y tambi\u00e9n en el pago de facturas que la pesquisa considera ap\u00f3crifas. El resultado, seg\u00fan Pollicita y la resoluci\u00f3n judicial, es un perjuicio patrimonial millonario para el Estado. <br><br>\u00bfY por qu\u00e9 el caso vuelve a la luz justo ahora? Aqu\u00ed entra la parte menos t\u00e9cnica y m\u00e1s pol\u00edtica del relato: la reapertura ocurre cinco a\u00f1os y diez meses despu\u00e9s de los hechos \u2014dos meses antes de que la causa corriera el riesgo de prescribir a los seis a\u00f1os\u2014 lo que pone sobre la mesa interrogantes sobre la motivaci\u00f3n real del movimiento judicial. Un abogado con participaci\u00f3n en la pesquisa lo sintetiz\u00f3 con brutal honestidad: si Ercolini hubiera dejado correr el tiempo, los imputados podr\u00edan haber solicitado la prescripci\u00f3n; al citarlos, los plazos vuelven a correr. \u00bfEs una b\u00fasqueda sincera de justicia o una maniobra para conservar una causa \u201cencarpetada\u201d y usarla pol\u00edticamente? La respuesta no es autom\u00e1tica y abre m\u00e1s preguntas que certezas. <br><br>A esto se suma el mapa pol\u00edtico que rodea a los protagonistas. Muchas de las personas citadas son funcionarios nombrados durante la gesti\u00f3n de Mauricio Macri; directivos de Vicentin son se\u00f1alados como aportantes habituales y con v\u00ednculos con el poder de entonces. El expediente menciona adem\u00e1s que algunas decisiones se tomaron en la semana posterior a la derrota electoral de octubre de 2019, cuando ya se sab\u00eda que habr\u00eda cambio de gobierno. Esa superposici\u00f3n temporal \u2014cr\u00e9ditos millonarios aprobados cuando la empresa estaba en default y cuando la salida del poder se aproximaba\u2014 no puede leerse sin pensar en favores cruzados y puertas giratorias entre el sector privado y el Estado. <br><br>Y no podemos ser ingenuos: en un pa\u00eds donde la agenda p\u00fablica actual promueve desregulaci\u00f3n y recorte de controles, la presencia de figuras vinculadas a la gesti\u00f3n que se mantiene en posiciones cercanas al aparato estatal resulta, por lo menos, inquietante. El art\u00edculo se\u00f1ala que uno de los funcionarios imputados \u201chasta hoy cumple funciones cercanas al actual ministro de Desregulaci\u00f3n\u201d, una l\u00ednea que interpela directamente al discurso oficial sobre transparencia y eficiencia. Si el gobierno que predica mano dura contra el despilfarro pretende mostrar coherencia, deber\u00e1 permitir que la investigaci\u00f3n siga sin atajos ni protecci\u00f3n pol\u00edtica. Claro: esto es una exigencia pol\u00edtica y \u00e9tica, no una presunci\u00f3n de culpa autom\u00e1tica; la complejidad del caso exige investigaci\u00f3n profunda y no show medi\u00e1tico. <br><br>Tambi\u00e9n hay consecuencias pr\u00e1cticas que no conviene minimizar: la resoluci\u00f3n judicial advierte que el destino de las plantas y terminales portuarias de Vicentin podr\u00eda definirse en el marco de un cramdown dentro de la convocatoria, favoreciendo a un grupo econ\u00f3mico cuyo v\u00ednculo con actores pol\u00edticos del pasado no est\u00e1 del todo claro. En cristiano: hablamos de activos estrat\u00e9gicos que podr\u00edan terminar en manos de quienes \u2014seg\u00fan la denuncia\u2014 se beneficiaron de maniobras cuando la empresa estaba en crisis. Eso pinta un cuadro donde el Estado, lejos de recuperar, podr\u00eda perder control sobre bienes clave. <br><br>Con todo, la incertidumbre sigue siendo real. No est\u00e1 probada la culpabilidad de todos los citados y el proceso judicial debe seguir su curso con pruebas, audiencias y, sobre todo, transparencia. Lo que ya no deber\u00eda ser discutible es la necesidad de que el Estado y la opini\u00f3n p\u00fablica exijan respuestas: c\u00f3mo fue posible que se otorgaran y autorizaran esos movimientos, qui\u00e9nes salieron beneficiados y por qu\u00e9 durante tantos a\u00f1os la causa permaneci\u00f3 \u201cdormida\u201d. Que la investigaci\u00f3n retome impulso no puede convertirse en otra ficha de ajedrez pol\u00edtico: que sea el principio de una clarificaci\u00f3n profunda, sin trucos de tiempo ni protecciones solapadas. <br><br>Si algo queda claro en esta trama \u2014adem\u00e1s del da\u00f1o econ\u00f3mico se\u00f1alado\u2014 es que la democracia y la econom\u00eda p\u00fablica no resisten doblez: cada demora, cada connivencia y cada omisi\u00f3n son costos que paga la sociedad. La ruta hacia la verdad pasa por tribunales, peritajes y, sobre todo, por voluntad pol\u00edtica de no dejar impune a nadie, venga de donde venga. Y si quienes gobiernan hablan de regeneraci\u00f3n institucional, el primer gesto ser\u00e1 aceptar que esta investigaci\u00f3n avance sin miramientos. <br><br>Fuente:<\/p>\n\n\n\n<p>.https:\/\/www.pagina12.com.ar\/859658-nombres-olvidados-de-la-estafa-vicentin-banco-nacion<\/p>\n\n\n\n<p><\/p>\n","protected":false},"excerpt":{"rendered":"<p>La reapertura de la causa por parte del juez Juli\u00e1n Ercolini, a casi seis a\u00f1os de los hechos, puso en el centro a exdirectivos del Banco Naci\u00f3n y a los principales responsables de Vicentin; la pesquisa se\u00f1ala retiros de cuentas de garant\u00eda y maniobras que habr\u00edan permitido la fuga de divisas. La decisi\u00f3n judicial que&#8230;<\/p>\n","protected":false},"author":1,"featured_media":8996,"comment_status":"open","ping_status":"open","sticky":false,"template":"","format":"standard","meta":{"_monsterinsights_skip_tracking":false,"_monsterinsights_sitenote_active":false,"_monsterinsights_sitenote_note":"","_monsterinsights_sitenote_category":0,"footnotes":"","jetpack_publicize_message":"","jetpack_publicize_feature_enabled":true,"jetpack_social_post_already_shared":true,"jetpack_social_options":{"image_generator_settings":{"template":"highway","default_image_id":0,"font":"","enabled":false},"version":2}},"categories":[3],"tags":[672,75,230,3701,232,556,3700,514,3702,1069],"class_list":["post-8997","post","type-post","status-publish","format-standard","has-post-thumbnail","hentry","category-economia","tag-banconacion","tag-corrupcion","tag-desregulacion","tag-ercolini","tag-estafa","tag-fraude","tag-indagatoria","tag-macri","tag-pollicita","tag-vicentin"],"jetpack_publicize_connections":[],"_links":{"self":[{"href":"https:\/\/www.enorsai.com\/noticias\/wp-json\/wp\/v2\/posts\/8997","targetHints":{"allow":["GET"]}}],"collection":[{"href":"https:\/\/www.enorsai.com\/noticias\/wp-json\/wp\/v2\/posts"}],"about":[{"href":"https:\/\/www.enorsai.com\/noticias\/wp-json\/wp\/v2\/types\/post"}],"author":[{"embeddable":true,"href":"https:\/\/www.enorsai.com\/noticias\/wp-json\/wp\/v2\/users\/1"}],"replies":[{"embeddable":true,"href":"https:\/\/www.enorsai.com\/noticias\/wp-json\/wp\/v2\/comments?post=8997"}],"version-history":[{"count":0,"href":"https:\/\/www.enorsai.com\/noticias\/wp-json\/wp\/v2\/posts\/8997\/revisions"}],"wp:featuredmedia":[{"embeddable":true,"href":"https:\/\/www.enorsai.com\/noticias\/wp-json\/wp\/v2\/media\/8996"}],"wp:attachment":[{"href":"https:\/\/www.enorsai.com\/noticias\/wp-json\/wp\/v2\/media?parent=8997"}],"wp:term":[{"taxonomy":"category","embeddable":true,"href":"https:\/\/www.enorsai.com\/noticias\/wp-json\/wp\/v2\/categories?post=8997"},{"taxonomy":"post_tag","embeddable":true,"href":"https:\/\/www.enorsai.com\/noticias\/wp-json\/wp\/v2\/tags?post=8997"}],"curies":[{"name":"wp","href":"https:\/\/api.w.org\/{rel}","templated":true}]}}