{"id":8995,"date":"2025-09-22T06:48:46","date_gmt":"2025-09-22T09:48:46","guid":{"rendered":"https:\/\/www.enorsai.com\/noticias\/politica\/milei-hace-el-ajuste-sobre-la-infancia-la-auh-pierde-su-actualizacion-automatica\/"},"modified":"2025-09-22T06:48:46","modified_gmt":"2025-09-22T09:48:46","slug":"milei-hace-el-ajuste-sobre-la-infancia-la-auh-pierde-su-actualizacion-automatica","status":"publish","type":"post","link":"https:\/\/www.enorsai.com\/noticias\/politica\/milei-hace-el-ajuste-sobre-la-infancia-la-auh-pierde-su-actualizacion-automatica\/","title":{"rendered":"Milei hace el ajuste sobre la infancia: la AUH pierde su actualizaci\u00f3n autom\u00e1tica"},"content":{"rendered":"\n<p>La Casa Rosada incluy\u00f3 en el proyecto de Presupuesto 2026 la eliminaci\u00f3n de la actualizaci\u00f3n autom\u00e1tica de la Asignaci\u00f3n Universal por Hijo y las asignaciones familiares; la medida, ligada a un pedido del FMI, convierte un derecho en una asignaci\u00f3n discrecional fijada por el Ministerio de Capital Humano.<br><br>El gobierno no dio explicaciones p\u00fablicas convincentes. Expertos y organizaciones sociales alertan que desenganchar la AUH de la movilidad jubilatoria equivale a un recorte encubierto: la inflaci\u00f3n terminar\u00e1 devorando los montos y lo que hoy es un derecho podr\u00eda terminar siendo, con los a\u00f1os, \u201cun bono\u201d insuficiente para garantizar la alimentaci\u00f3n y el cuidado de la ni\u00f1ez m\u00e1s vulnerable.<br><br>El Presupuesto 2026 que envi\u00f3 la Casa Rosada al Congreso trae, escondida entre n\u00fameros y partidas, una decisi\u00f3n con consecuencias inmediatas y a largo plazo: la eliminaci\u00f3n de la actualizaci\u00f3n autom\u00e1tica de la Asignaci\u00f3n Universal por Hijo (AUH) y de las asignaciones familiares. Lo que hasta ahora se ajustaba mes a mes por la movilidad jubilatoria \u2014anclada al \u00edndice de precios al consumidor\u2014 pasar\u00eda a depender de la discrecionalidad del Ministerio de Capital Humano. En cristiano: la inflaci\u00f3n dejar\u00eda de ser el referente que protege el poder adquisitivo de los ingresos destinados a la infancia. Eso no es un detalle t\u00e9cnico; es un cambio de paradigma que reduce un derecho a la categor\u00eda de d\u00e1diva administrada.<br><br>Que la medida aparezca en el Presupuesto no es casualidad: fuentes vinculadas al proceso explican que se trata de una de las condiciones exigidas por el FMI para avanzar en la revisi\u00f3n del acuerdo. Es decir: el ajuste sobre quienes menos tienen se negocia en un escritorio con el Fondo, mientras el gobierno evita dar argumentos claros a la sociedad. Y si quedan dudas sobre el alcance pol\u00edtico de la jugada, alcanza recordar que en el primer a\u00f1o de gesti\u00f3n Milei duplic\u00f3 el monto de la AUH y ampli\u00f3 la Tarjeta Alimentar: medidas que, por cierto, ayudaron a sostener la gobernabilidad. Hoy, sin embargo, el mismo oficialismo plantea desarmar el mecanismo que garantiza que esos aumentos no se diluyan ante la inflaci\u00f3n.<br><br>La advertencia no es ret\u00f3rica: el diputado y ex ministro Daniel Arroyo sintetiza el riesgo con claridad anal\u00edtica y pol\u00edtica: \u201cesto significa romper el esquema del derecho\u201d, afirm\u00f3. Desenganchar la AUH de la movilidad \u2014a\u00f1ade\u2014 implica que, con el tiempo, la asignaci\u00f3n terminar\u00e1 asemej\u00e1ndose a un bono que se ajusta a la voluntad administrativa y no a la realidad econ\u00f3mica. Es un paso atr\u00e1s en la protecci\u00f3n social, y el antecedente est\u00e1 a la vista: en diciembre de 2023 el Gobierno desenganch\u00f3 el Potenciar Trabajo de la actualizaci\u00f3n del Salario M\u00ednimo. Aquello convirti\u00f3 a un salario social en una suma que perdi\u00f3 relevancia: hoy el Potenciar ronda los 78 mil pesos, una cifra que confirma c\u00f3mo la desindexaci\u00f3n pulveriza ingresos.<br><br>La Asociaci\u00f3n Civil por la Igualdad y la Justicia (ACIJ) detect\u00f3 la movida y la puso en un informe que prende otra alarma: el gasto en servicios sociales previsto en el Presupuesto 2026 es un 15,9% m\u00e1s bajo que en 2023. Aunque el dossier reconoce que las cifras destinadas a la AUH y a la Tarjeta Alimentar se mantienen en t\u00e9rminos nominales, el cambio en la regla de actualizaci\u00f3n puede transformar esa aparente estabilidad en p\u00e9rdida real de recursos para las familias. No es menor: si la inflaci\u00f3n sigue comi\u00e9ndose los ingresos, las partidas fijas terminan siendo parches.<br><br>En los barrios populares la noticia provoc\u00f3 indignaci\u00f3n y miedo. Norma Morales, de Barrios de Pie, describe situaciones que no dejan espacio a tecnicismos: \u201cnuestras ni\u00f1eces hace meses que no pueden acceder a alimentos b\u00e1sicos como pollo, carne, yogur, queso, leche, cereales o frutas \u2014dice\u2014. Son esos ni\u00f1os y ni\u00f1as de los barrios populares los que se van a dormir con la panza vac\u00eda\u201d. Es conmovedor y escandaloso a la vez que, en pleno proceso presupuestario, quienes gobiernan negocien los ingresos de la infancia como si fueran n\u00fameros intercambiables en una mesa de pr\u00e9stamos.<br><br>Conviene no simplificar: la AUH tuvo en la gesti\u00f3n de Milei un aumento real respecto a gobiernos anteriores \u2014investigadores destacaron que fue, en ciertos momentos, m\u00e1s alta que en administraciones previas\u2014, y esa mejora fue clave para evitar que la indigencia trepara a\u00fan m\u00e1s. Pero esa paradoja \u2014subir montos mientras se desarman reglas de actualizaci\u00f3n\u2014 revela una l\u00f3gica electoral y contingente: se ampl\u00eda para contener ahora y se relaja el mecanismo para ahorrar ma\u00f1ana. Es una pol\u00edtica de corto plazo que hipotecar\u00e1 la protecci\u00f3n social de la ni\u00f1ez.<br><br>Ante el anuncio, organizaciones sociales ya plantean dos v\u00edas: exigir al Congreso que garantice la actualizaci\u00f3n autom\u00e1tica de la AUH como pol\u00edtica de Estado intocable, y considerar presentaciones judiciales. Es la \u00faltima l\u00ednea de defensa cuando el Ejecutivo parece m\u00e1s pendiente de las exigencias de sus acreedores que de las necesidades b\u00e1sicas de millones de hogares.<br><br>Queda, adem\u00e1s, una inc\u00f3gnita pol\u00edtica y \u00e9tica: \u00bfhasta qu\u00e9 punto un Gobierno que negocia el ingreso de la infancia con el FMI puede justificar ante la ciudadan\u00eda que su prioridad es el cuidado de los sectores m\u00e1s vulnerables? El Ejecutivo a\u00fan no ofreci\u00f3 una explicaci\u00f3n p\u00fablica que sostenga el cambio t\u00e9cnico y, en ese vac\u00edo, crece la sospecha de que la desindexaci\u00f3n no responde a una estrategia de rigor fiscal transparente sino a concesiones para mantener un cr\u00e9dito externo que, seg\u00fan analistas, buscar\u00eda sostener el tipo de cambio hasta las elecciones de octubre.<br><br>En un pa\u00eds donde la inflaci\u00f3n sigue devorando salarios y bolsillos, desarmar la protecci\u00f3n autom\u00e1tica de la AUH no es una reforma administrativa: es una decisi\u00f3n pol\u00edtica que marca a qui\u00e9n se protege y a qui\u00e9n se deja a la intemperie. Y para quienes hoy ven c\u00f3mo se acorta la comida en la mesa de sus hijos, eso no es teor\u00eda: es hambre, incertidumbre y, por sobre todo, una sensaci\u00f3n profunda de abandono. El Congreso y la justicia tendr\u00e1n que decidir si ponen un freno o permiten que la discrecionalidad remplace a la garant\u00eda de derechos.<br><br>Fuente:<\/p>\n\n\n\n<p>.https:\/\/www.pagina12.com.ar\/859672-a-pedido-del-fmi-milei-proyecta-un-ajuste-en-la-auh-y-las-as<\/p>\n","protected":false},"excerpt":{"rendered":"<p>La Casa Rosada incluy\u00f3 en el proyecto de Presupuesto 2026 la eliminaci\u00f3n de la actualizaci\u00f3n autom\u00e1tica de la Asignaci\u00f3n Universal por Hijo y las asignaciones familiares; la medida, ligada a un pedido del FMI, convierte un derecho en una asignaci\u00f3n discrecional fijada por el Ministerio de Capital Humano. El gobierno no dio explicaciones p\u00fablicas convincentes&#8230;.<\/p>\n","protected":false},"author":9,"featured_media":8994,"comment_status":"open","ping_status":"open","sticky":false,"template":"","format":"standard","meta":{"_monsterinsights_skip_tracking":false,"_monsterinsights_sitenote_active":false,"_monsterinsights_sitenote_note":"","_monsterinsights_sitenote_category":0,"footnotes":"","jetpack_publicize_message":"","jetpack_publicize_feature_enabled":true,"jetpack_social_post_already_shared":true,"jetpack_social_options":{"image_generator_settings":{"template":"highway","default_image_id":0,"font":"","enabled":false},"version":2}},"categories":[2],"tags":[3699,58,1610,257,69,90,1300,45,475,1289],"class_list":["post-8995","post","type-post","status-publish","format-standard","has-post-thumbnail","hentry","category-politica","tag-acij","tag-ajuste","tag-auh","tag-congreso","tag-derechos","tag-fmi","tag-infancia","tag-milei","tag-pobreza","tag-presupuesto"],"jetpack_publicize_connections":[],"_links":{"self":[{"href":"https:\/\/www.enorsai.com\/noticias\/wp-json\/wp\/v2\/posts\/8995","targetHints":{"allow":["GET"]}}],"collection":[{"href":"https:\/\/www.enorsai.com\/noticias\/wp-json\/wp\/v2\/posts"}],"about":[{"href":"https:\/\/www.enorsai.com\/noticias\/wp-json\/wp\/v2\/types\/post"}],"author":[{"embeddable":true,"href":"https:\/\/www.enorsai.com\/noticias\/wp-json\/wp\/v2\/users\/9"}],"replies":[{"embeddable":true,"href":"https:\/\/www.enorsai.com\/noticias\/wp-json\/wp\/v2\/comments?post=8995"}],"version-history":[{"count":0,"href":"https:\/\/www.enorsai.com\/noticias\/wp-json\/wp\/v2\/posts\/8995\/revisions"}],"wp:featuredmedia":[{"embeddable":true,"href":"https:\/\/www.enorsai.com\/noticias\/wp-json\/wp\/v2\/media\/8994"}],"wp:attachment":[{"href":"https:\/\/www.enorsai.com\/noticias\/wp-json\/wp\/v2\/media?parent=8995"}],"wp:term":[{"taxonomy":"category","embeddable":true,"href":"https:\/\/www.enorsai.com\/noticias\/wp-json\/wp\/v2\/categories?post=8995"},{"taxonomy":"post_tag","embeddable":true,"href":"https:\/\/www.enorsai.com\/noticias\/wp-json\/wp\/v2\/tags?post=8995"}],"curies":[{"name":"wp","href":"https:\/\/api.w.org\/{rel}","templated":true}]}}