{"id":8987,"date":"2025-09-22T06:19:21","date_gmt":"2025-09-22T09:19:21","guid":{"rendered":"https:\/\/www.enorsai.com\/noticias\/?p=8987"},"modified":"2025-09-22T06:19:27","modified_gmt":"2025-09-22T09:19:27","slug":"el-derrumbe-politico-de-javier-milei-seis-de-cada-diez-argentinos-creen-que-el-pais-va-hacia-el-fracaso","status":"publish","type":"post","link":"https:\/\/www.enorsai.com\/noticias\/politica\/el-derrumbe-politico-de-javier-milei-seis-de-cada-diez-argentinos-creen-que-el-pais-va-hacia-el-fracaso\/","title":{"rendered":"El derrumbe pol\u00edtico de Javier Milei: seis de cada diez argentinos creen que el pa\u00eds va hacia el fracaso"},"content":{"rendered":"\n<p>El gobierno de Javier Milei se encuentra atrapado en un laberinto de desgaste pol\u00edtico y rechazo social que parece no tener salida. La \u00faltima encuesta de la consultora Zuban C\u00f3rdoba y Asociados, realizada entre el 15 y el 17 de septiembre, muestra con crudeza el deterioro de la figura presidencial: su imagen positiva cay\u00f3 al 39,5%, perforando por primera vez el piso de los 40 puntos, mientras que la negativa trep\u00f3 al 59,6%. La desaprobaci\u00f3n de su gesti\u00f3n alcanz\u00f3 un in\u00e9dito 61,6%. Estos n\u00fameros son mucho m\u00e1s que estad\u00edsticas fr\u00edas: son el retrato de un pa\u00eds que se siente estafado, traicionado y cada vez m\u00e1s empobrecido.<\/p>\n\n\n\n<p>El dato que golpea con m\u00e1s fuerza es que el 60,9% de los argentinos considera que la Argentina va en la direcci\u00f3n incorrecta. Esa percepci\u00f3n refleja un malestar social extendido, donde la bronca ya no se limita a los sectores hist\u00f3ricamente opositores, sino que empieza a horadar a quienes alguna vez le dieron cr\u00e9dito al discurso libertario de Milei. Lo que se promet\u00eda como un shock de libertad termin\u00f3 traduci\u00e9ndose en ajuste brutal, corrupci\u00f3n obscena y una improvisaci\u00f3n que cuesta car\u00edsimo.<\/p>\n\n\n\n<p>La derrota electoral en la provincia de Buenos Aires marc\u00f3 un antes y un despu\u00e9s para La Libertad Avanza. El estudio confirma que el 60,2% de los consultados atribuye esa ca\u00edda al \u201cvoto castigo por la corrupci\u00f3n y el mal momento econ\u00f3mico\u201d. En un pa\u00eds asfixiado por la inflaci\u00f3n, los tarifazos y la recesi\u00f3n, la palabra corrupci\u00f3n no se tolera. El \u201cCoimasgate\u201d \u2014como ya se lo bautiz\u00f3\u2014 hundi\u00f3 la credibilidad del oficialismo: el 68,6% considera que debilit\u00f3 al Gobierno de manera determinante. Y no se trata solo de Javier Milei, tambi\u00e9n su hermana, Karina Milei, vio dispararse su imagen negativa al 68,2%. El c\u00edrculo \u00edntimo del Presidente, lejos de blindarlo, parece arrastrarlo hacia el fondo.<\/p>\n\n\n\n<p>El descontento ciudadano se expresa en un reclamo que no deja lugar a dudas. M\u00e1s de la mitad de los encuestados, un 57,4%, sostiene que el Gobierno deber\u00eda cambiar de rumbo pol\u00edtico y econ\u00f3mico. Un contundente 63,8% cree que, si no lo hace, volver\u00e1 a perder las elecciones de octubre. Incluso, un 60% va m\u00e1s all\u00e1 y opina que Milei deber\u00eda pedir la renuncia a su hermana y a los Menem. En otras palabras, la sociedad no solo desconf\u00eda del Presidente, sino tambi\u00e9n de su n\u00facleo m\u00e1s \u00edntimo de poder, al que ve como responsable directo de la crisis.<\/p>\n\n\n\n<figure class=\"wp-block-gallery has-nested-images columns-default is-cropped wp-block-gallery-1 is-layout-flex wp-block-gallery-is-layout-flex\">\n<figure class=\"wp-block-image size-large\"><img loading=\"lazy\" decoding=\"async\" width=\"576\" height=\"720\" data-id=\"8989\" src=\"https:\/\/www.enorsai.com\/noticias\/wp-content\/uploads\/2025\/09\/720-12.webp\" alt=\"\" class=\"wp-image-8989\" srcset=\"https:\/\/www.enorsai.com\/noticias\/wp-content\/uploads\/2025\/09\/720-12.webp 576w, https:\/\/www.enorsai.com\/noticias\/wp-content\/uploads\/2025\/09\/720-12-240x300.webp 240w\" sizes=\"auto, (max-width: 576px) 100vw, 576px\" \/><\/figure>\n\n\n\n<figure class=\"wp-block-image size-large\"><img loading=\"lazy\" decoding=\"async\" width=\"576\" height=\"720\" data-id=\"8990\" src=\"https:\/\/www.enorsai.com\/noticias\/wp-content\/uploads\/2025\/09\/720-11.webp\" alt=\"\" class=\"wp-image-8990\" srcset=\"https:\/\/www.enorsai.com\/noticias\/wp-content\/uploads\/2025\/09\/720-11.webp 576w, https:\/\/www.enorsai.com\/noticias\/wp-content\/uploads\/2025\/09\/720-11-240x300.webp 240w\" sizes=\"auto, (max-width: 576px) 100vw, 576px\" \/><\/figure>\n\n\n\n<figure class=\"wp-block-image size-large\"><img loading=\"lazy\" decoding=\"async\" width=\"576\" height=\"720\" data-id=\"8991\" src=\"https:\/\/www.enorsai.com\/noticias\/wp-content\/uploads\/2025\/09\/720-10.webp\" alt=\"\" class=\"wp-image-8991\" srcset=\"https:\/\/www.enorsai.com\/noticias\/wp-content\/uploads\/2025\/09\/720-10.webp 576w, https:\/\/www.enorsai.com\/noticias\/wp-content\/uploads\/2025\/09\/720-10-240x300.webp 240w\" sizes=\"auto, (max-width: 576px) 100vw, 576px\" \/><\/figure>\n<\/figure>\n\n\n\n<p>El derrumbe se extiende a la base electoral. Lo que hasta hace poco se llamaba \u201cmile\u00edsmo\u201d empieza a desvanecerse. En mayo de 2024, el 42,3% de los argentinos se identificaba como mile\u00edsta. Hoy esa cifra se desplom\u00f3 al 25,8%. El desbande no es homog\u00e9neo: Milei perdi\u00f3 fuerza entre los j\u00f3venes, los trabajadores y los sectores humildes, los mismos que alguna vez le creyeron la promesa de que con \u00e9l ven\u00eda \u201cla casta al pared\u00f3n\u201d. Su base actual se concentra en los sectores econ\u00f3micamente altos, los menos afectados por el ajuste y los que, en definitiva, siempre tuvieron m\u00e1s espalda para resistir. Es decir, Milei se convirti\u00f3 en lo que dec\u00eda combatir: el presidente de los privilegiados.<\/p>\n\n\n\n<p>El panorama electoral para octubre es desolador para el oficialismo. El 57% de los encuestados afirma que votar\u00e1 para castigar a Javier Milei. La provincia de Buenos Aires, term\u00f3metro hist\u00f3rico de la pol\u00edtica nacional, parece sellar la suerte del gobierno: Jorge Taiana, candidato de Fuerza Patria, concentra el 41,8% de intenci\u00f3n de voto frente al 31,9% de Jos\u00e9 Luis Espert, el representante de Milei en territorio bonaerense. La diferencia de casi diez puntos muestra que el desgaste del oficialismo no es un rumor de caf\u00e9, sino una tendencia consolidada.<\/p>\n\n\n\n<p>El deterioro es tan r\u00e1pido como brutal. A menos de un a\u00f1o de haber llegado al poder con la promesa de dinamitar privilegios, Milei se encuentra devorado por las mismas pr\u00e1cticas que jur\u00f3 combatir. La corrupci\u00f3n lo corroe, la econom\u00eda se hunde, la pobreza se dispara y la bronca social se expande. El discurso libertario ya no entusiasma: suena vac\u00edo, repetitivo, incapaz de dar respuestas a una realidad cada vez m\u00e1s insoportable para millones de argentinos.<\/p>\n\n\n\n<p>Es cierto que ning\u00fan gobierno est\u00e1 exento de altibajos y que las encuestas, aunque potentes, no son bolas de cristal. Pero la magnitud del derrumbe no puede relativizarse. En democracia, la legitimidad de un proyecto pol\u00edtico se sostiene en la confianza social. Cuando esa confianza se erosiona hasta el extremo, el poder se vuelve fr\u00e1gil, vulnerable, casi insostenible. Milei enfrenta hoy ese abismo. No lo inventaron sus opositores, no lo construy\u00f3 la prensa cr\u00edtica: lo dicen los n\u00fameros duros de una encuesta que refleja la voz de la sociedad.<\/p>\n\n\n\n<p>El problema de fondo es que este malestar no se reduce a un rechazo pasajero. Lo que expresa la ciudadan\u00eda es un cuestionamiento profundo al rumbo elegido. Cuando un 60% de los argentinos asegura que el pa\u00eds marcha en la direcci\u00f3n incorrecta, no habla de una diferencia menor, sino de un consenso amplio y transversal. El fracaso del modelo libertario se exhibe con crudeza. Ni el marketing agresivo ni los insultos a la \u201ccasta\u201d logran ocultar el vac\u00edo de un proyecto que parece haberse agotado mucho antes de lo esperado.<\/p>\n\n\n\n<p>En este contexto, la figura de Javier Milei se achica. Ya no es el outsider disruptivo que canalizaba bronca, sino el responsable directo de una crisis que golpea en la mesa de cada familia. La ca\u00edda de la autoidentificaci\u00f3n mile\u00edsta al 25,8% refleja que la gente no solo se decepcion\u00f3, sino que empieza a desprenderse de esa identidad pol\u00edtica. Ese desencanto es quiz\u00e1s el dato m\u00e1s letal, porque una vez que la adhesi\u00f3n se transforma en verg\u00fcenza, es muy dif\u00edcil reconstruir confianza.<\/p>\n\n\n\n<p>La pol\u00edtica argentina est\u00e1 acostumbrada a giros abruptos y a liderazgos que se consumen r\u00e1pidamente, pero el caso de Milei es alarmante incluso para esos est\u00e1ndares. El desgaste acelerado que enfrenta no solo amenaza su gobernabilidad, sino que deja al pa\u00eds a la deriva, sin certezas ni horizonte claro. Y lo m\u00e1s preocupante: con un presidente m\u00e1s preocupado por defender a su hermana y a su c\u00edrculo \u00edntimo que por dar respuestas a la crisis social.<\/p>\n\n\n\n<p>En definitiva, los resultados de la encuesta son una radiograf\u00eda descarnada de un experimento pol\u00edtico que se derrumba a toda velocidad. Los argentinos ya no creen en las promesas de Milei. Lo ven como parte de la casta que dec\u00eda odiar, lo asocian a la corrupci\u00f3n que juraba combatir y lo responsabilizan por un presente cada vez m\u00e1s insoportable. Lo que est\u00e1 en juego en las pr\u00f3ximas elecciones no es solo un resultado coyuntural, sino la continuidad de un proyecto pol\u00edtico que lleg\u00f3 al poder con \u00ednfulas de refundaci\u00f3n y hoy se desangra por su propia incapacidad.<\/p>\n\n\n\n<p>El tiempo dir\u00e1 si Milei logra un giro inesperado o si queda reducido a una nota al pie en la historia pol\u00edtica argentina. Pero lo que la encuesta revela con crudeza es que, para una mayor\u00eda social contundente, el libertario ya perdi\u00f3 el rumbo y arrastra al pa\u00eds consigo. Y esa percepci\u00f3n, una vez instalada, es muy dif\u00edcil de revertir.<\/p>\n\n\n\n<p>Fuente:<\/p>\n\n\n\n<p>.<a href=\"https:\/\/noticiasargentinas.com\/politica\/encuesta-acuciante-para-javier-milei--el-60--cree-que-el-pais-va-en-la-direccion-incorrecta_a68d07f19e18ff9d7dc7ca240\">https:\/\/noticiasargentinas.com\/politica\/encuesta-acuciante-para-javier-milei&#8211;el-60&#8211;cree-que-el-pais-va-en-la-direccion-incorrecta_a68d07f19e18ff9d7dc7ca240<\/a><\/p>\n","protected":false},"excerpt":{"rendered":"<p>El gobierno de Javier Milei se encuentra atrapado en un laberinto de desgaste pol\u00edtico y rechazo social que parece no tener salida. La \u00faltima encuesta de la consultora Zuban C\u00f3rdoba y Asociados, realizada entre el 15 y el 17 de septiembre, muestra con crudeza el deterioro de la figura presidencial: su imagen positiva cay\u00f3 al&#8230;<\/p>\n","protected":false},"author":12,"featured_media":8988,"comment_status":"open","ping_status":"open","sticky":false,"template":"","format":"standard","meta":{"_monsterinsights_skip_tracking":false,"_monsterinsights_sitenote_active":false,"_monsterinsights_sitenote_note":"","_monsterinsights_sitenote_category":0,"footnotes":"","jetpack_publicize_message":"","jetpack_publicize_feature_enabled":true,"jetpack_social_post_already_shared":true,"jetpack_social_options":{"image_generator_settings":{"template":"highway","default_image_id":0,"font":"","enabled":false},"version":2}},"categories":[2],"tags":[133,75,43,3698,15,190,1047,45,985,72],"class_list":["post-8987","post","type-post","status-publish","format-standard","has-post-thumbnail","hentry","category-politica","tag-buenosaires","tag-corrupcion","tag-crisis","tag-desaprobacion","tag-economia","tag-elecciones","tag-encuestas","tag-milei","tag-oposicion","tag-politica"],"jetpack_publicize_connections":[],"_links":{"self":[{"href":"https:\/\/www.enorsai.com\/noticias\/wp-json\/wp\/v2\/posts\/8987","targetHints":{"allow":["GET"]}}],"collection":[{"href":"https:\/\/www.enorsai.com\/noticias\/wp-json\/wp\/v2\/posts"}],"about":[{"href":"https:\/\/www.enorsai.com\/noticias\/wp-json\/wp\/v2\/types\/post"}],"author":[{"embeddable":true,"href":"https:\/\/www.enorsai.com\/noticias\/wp-json\/wp\/v2\/users\/12"}],"replies":[{"embeddable":true,"href":"https:\/\/www.enorsai.com\/noticias\/wp-json\/wp\/v2\/comments?post=8987"}],"version-history":[{"count":1,"href":"https:\/\/www.enorsai.com\/noticias\/wp-json\/wp\/v2\/posts\/8987\/revisions"}],"predecessor-version":[{"id":8992,"href":"https:\/\/www.enorsai.com\/noticias\/wp-json\/wp\/v2\/posts\/8987\/revisions\/8992"}],"wp:featuredmedia":[{"embeddable":true,"href":"https:\/\/www.enorsai.com\/noticias\/wp-json\/wp\/v2\/media\/8988"}],"wp:attachment":[{"href":"https:\/\/www.enorsai.com\/noticias\/wp-json\/wp\/v2\/media?parent=8987"}],"wp:term":[{"taxonomy":"category","embeddable":true,"href":"https:\/\/www.enorsai.com\/noticias\/wp-json\/wp\/v2\/categories?post=8987"},{"taxonomy":"post_tag","embeddable":true,"href":"https:\/\/www.enorsai.com\/noticias\/wp-json\/wp\/v2\/tags?post=8987"}],"curies":[{"name":"wp","href":"https:\/\/api.w.org\/{rel}","templated":true}]}}