{"id":8974,"date":"2025-09-21T20:24:41","date_gmt":"2025-09-21T23:24:41","guid":{"rendered":"https:\/\/www.enorsai.com\/noticias\/?p=8974"},"modified":"2025-09-21T20:24:47","modified_gmt":"2025-09-21T23:24:47","slug":"lo-peor-ya-paso-esta-lejos-luis-campos-advierte-sobre-precarizacion-y-estancamiento-laboral-en-argentina","status":"publish","type":"post","link":"https:\/\/www.enorsai.com\/noticias\/politica\/lo-peor-ya-paso-esta-lejos-luis-campos-advierte-sobre-precarizacion-y-estancamiento-laboral-en-argentina\/","title":{"rendered":"\u201cLo peor ya pas\u00f3\u201d est\u00e1 lejos: Luis Campos advierte sobre precarizaci\u00f3n y estancamiento laboral en Argentina"},"content":{"rendered":"\n<p>Luis Campos, CTA Aut\u00f3noma, alerta que la ocupaci\u00f3n y el salario est\u00e1n estancados en m\u00ednimos hist\u00f3ricos. Aunque la desocupaci\u00f3n no sube, crece la informalidad y la precarizaci\u00f3n. El sistema previsional enfrenta desaf\u00edos estructurales y urge un debate real sobre productividad y equidad.<\/p>\n\n\n\n<h2 class=\"wp-block-heading\">Ocupaci\u00f3n y salarios: estancamiento y m\u00ednimos hist\u00f3ricos<\/h2>\n\n\n\n<p>El mercado laboral argentino permanece estancado: la tasa de empleo fue de <strong>44,5%<\/strong> y la actividad de <strong>48,1%<\/strong> en el segundo trimestre de 2025, ambos valores en m\u00ednimos hist\u00f3ricos[web:127][web:134]. Los trabajadores registrados apenas suman 6,21 millones, sin crecimiento sostenido en el \u00faltimo a\u00f1o[web:126]. El salario formal sigue sin recuperar poder adquisitivo real y queda lejos de los valores prepandemia.<\/p>\n\n\n\n<h2 class=\"wp-block-heading\">Precarizaci\u00f3n y expansi\u00f3n del empleo informal<\/h2>\n\n\n\n<p>Aunque la <strong>tasa de desocupaci\u00f3n se mantiene en 7,6%<\/strong>, el principal cambio es el avance del empleo precario y el cuentapropismo. La informalidad laboral aument\u00f3 del <strong>41,6% al 43,2%<\/strong> en solo un a\u00f1o, y m\u00e1s personas recurren al trabajo por cuenta propia sin aportes, protecci\u00f3n social ni estabilidad[web:128][web:129]. El empleo formal no crece y las nuevas ocupaciones responden a necesidad y supervivencia, no a oportunidades genuinas del mercado[web:127][web:128].<\/p>\n\n\n\n<h2 class=\"wp-block-heading\">Desaf\u00edos previsionales y demogr\u00e1ficos<\/h2>\n\n\n\n<p>El sistema previsional enfrenta una relaci\u00f3n cr\u00edtica entre activos y jubilados: solo <strong>1,6 aportantes por cada pasivo<\/strong>, en un contexto de baja natalidad y alta expectativa de vida. Campos subraya que la econom\u00eda no crea empleos formales desde 2015, lo que pone en duda la sostenibilidad futura del sistema y genera presiones para reformas, habitualmente orientadas a recortes m\u00e1s que a ampliaci\u00f3n de derechos[web:129].<\/p>\n\n\n\n<h2 class=\"wp-block-heading\">Productividad, riqueza y necesidad de reformas con equidad<\/h2>\n\n\n\n<p>La productividad en los sectores modernos ha crecido exponencialmente gracias a la tecnolog\u00eda, pero <strong>la distribuci\u00f3n de los beneficios sigue siendo desigual<\/strong>[web:130][web:133]. Campos advierte que las reformas laborales deben priorizar ampliar derechos y equilibrio social, no simplemente reducir derechos o costos para el empleo formal.<\/p>\n\n\n\n<h2 class=\"wp-block-heading\">Tabla: Mercado laboral argentino Q2 2025<\/h2>\n\n\n\n<figure class=\"wp-block-table\"><table class=\"has-fixed-layout\"><thead><tr><th>Indicador<\/th><th>Valor<\/th><\/tr><\/thead><tbody><tr><td>Tasa de empleo<\/td><td>44,5%<\/td><\/tr><tr><td>Tasa de actividad<\/td><td>48,1%<\/td><\/tr><tr><td>Tasa de desocupaci\u00f3n<\/td><td>7,6%<\/td><\/tr><tr><td>Informalidad<\/td><td>43,2%<\/td><\/tr><tr><td>Relaci\u00f3n activos\/pasivos<\/td><td>1,6<\/td><\/tr><tr><td>Registrados (SIPA, junio)<\/td><td>6,21 millones<\/td><\/tr><\/tbody><\/table><\/figure>\n\n\n\n<h2 class=\"wp-block-heading\">Reflexi\u00f3n final<\/h2>\n\n\n\n<p>Luis Campos reclama una discusi\u00f3n profunda sobre productividad, derechos y equidad. Sin crecimiento genuino, protecci\u00f3n social y reformas que incluyan a todos los trabajadores, el mercado laboral corre el riesgo de perpetuar el estancamiento y la desigualdad. Dejanos tu comentario debajo o escribinos a <a href=\"mailto:enorsaionline@gmail.com\">enorsaionline@gmail.com<\/a>.<\/p>\n\n\n\n<h2 class=\"wp-block-heading\">Preguntas frecuentes<\/h2>\n\n\n\n<h3 class=\"wp-block-heading\">\u00bfPor qu\u00e9 no sube la desocupaci\u00f3n, pero crece la informalidad?<\/h3>\n\n\n\n<p>No crece la desocupaci\u00f3n porque m\u00e1s personas optan por cuentapropismo e informalidad ante la ausencia de empleos formales. El empleo sin cobertura social sube cada trimestre[web:128][web:129].<\/p>\n\n\n\n<h3 class=\"wp-block-heading\">\u00bfCu\u00e1les son los desaf\u00edos del sistema previsional argentino?<\/h3>\n\n\n\n<p>La baja natalidad, alta expectativa de vida y falta de empleos formales cuestionan la sostenibilidad futura: solo 1,6 activos por chaque pasivo[web:129].<\/p>\n\n\n\n<h3 class=\"wp-block-heading\">\u00bfQu\u00e9 reformas laborales propone Luis Campos para enfrentar la crisis?<\/h3>\n\n\n\n<p>Reformas que ampl\u00eden y equilibren derechos laborales, abordando la productividad y distribuci\u00f3n para todos los trabajadores; rechaza recortes que s\u00f3lo reduzcan derechos[web:130].<\/p>\n\n\n\n<h3 class=\"wp-block-heading\">\u00bfC\u00f3mo afecta la productividad moderna al empleo?<\/h3>\n\n\n\n<p>La productividad creci\u00f3 por la tecnolog\u00eda, pero los beneficios est\u00e1n concentrados. Sin distribuci\u00f3n equitativa, no mejora la calidad de vida de la mayor\u00eda[web:133].<\/p>\n\n\n\n<h3 class=\"wp-block-heading\">\u00bfEs sostenible el mercado laboral argentino actual?<\/h3>\n\n\n\n<p>Con alto estancamiento y precariedad, la sostenibilidad depende de reformas genuinas, crecimiento del empleo formal y pol\u00edticas que fortalezcan la protecci\u00f3n social[web:127][web:129].<\/p>\n\n\n\n<p><\/p>\n","protected":false},"excerpt":{"rendered":"<p>Luis Campos advierte que la precarizaci\u00f3n y estancamiento laboral persisten: informalidad, salarios bajos y presi\u00f3n sobre el sistema previsional. Opin\u00e1 y debat\u00ed.<\/p>\n","protected":false},"author":5,"featured_media":8975,"comment_status":"open","ping_status":"open","sticky":false,"template":"","format":"standard","meta":{"_monsterinsights_skip_tracking":false,"_monsterinsights_sitenote_active":false,"_monsterinsights_sitenote_note":"","_monsterinsights_sitenote_category":0,"footnotes":"","jetpack_publicize_message":"Luis Campos analiza el mercado laboral argentino: informalidad en alza, estancamiento y desaf\u00edos previsionales que la crisis profundiza.\n\n","jetpack_publicize_feature_enabled":true,"jetpack_social_post_already_shared":false,"jetpack_social_options":{"image_generator_settings":{"template":"highway","default_image_id":0,"font":"","enabled":false},"version":2}},"categories":[3,2],"tags":[58,93,3666,90,227,1499,3668,2953,45,72,3667,3670,624,3669],"class_list":["post-8974","post","type-post","status-publish","format-standard","has-post-thumbnail","hentry","category-economia","category-politica","tag-ajuste","tag-argentina","tag-cta-autonoma","tag-fmi","tag-inflacion","tag-informalidad","tag-luis-campos","tag-mercado-laboral","tag-milei","tag-politica","tag-precariedad","tag-reformas-laborales","tag-salario","tag-sistema-previsional"],"jetpack_publicize_connections":[],"_links":{"self":[{"href":"https:\/\/www.enorsai.com\/noticias\/wp-json\/wp\/v2\/posts\/8974","targetHints":{"allow":["GET"]}}],"collection":[{"href":"https:\/\/www.enorsai.com\/noticias\/wp-json\/wp\/v2\/posts"}],"about":[{"href":"https:\/\/www.enorsai.com\/noticias\/wp-json\/wp\/v2\/types\/post"}],"author":[{"embeddable":true,"href":"https:\/\/www.enorsai.com\/noticias\/wp-json\/wp\/v2\/users\/5"}],"replies":[{"embeddable":true,"href":"https:\/\/www.enorsai.com\/noticias\/wp-json\/wp\/v2\/comments?post=8974"}],"version-history":[{"count":1,"href":"https:\/\/www.enorsai.com\/noticias\/wp-json\/wp\/v2\/posts\/8974\/revisions"}],"predecessor-version":[{"id":8977,"href":"https:\/\/www.enorsai.com\/noticias\/wp-json\/wp\/v2\/posts\/8974\/revisions\/8977"}],"wp:featuredmedia":[{"embeddable":true,"href":"https:\/\/www.enorsai.com\/noticias\/wp-json\/wp\/v2\/media\/8975"}],"wp:attachment":[{"href":"https:\/\/www.enorsai.com\/noticias\/wp-json\/wp\/v2\/media?parent=8974"}],"wp:term":[{"taxonomy":"category","embeddable":true,"href":"https:\/\/www.enorsai.com\/noticias\/wp-json\/wp\/v2\/categories?post=8974"},{"taxonomy":"post_tag","embeddable":true,"href":"https:\/\/www.enorsai.com\/noticias\/wp-json\/wp\/v2\/tags?post=8974"}],"curies":[{"name":"wp","href":"https:\/\/api.w.org\/{rel}","templated":true}]}}