{"id":8971,"date":"2025-09-21T19:48:53","date_gmt":"2025-09-21T22:48:53","guid":{"rendered":"https:\/\/www.enorsai.com\/noticias\/?p=8971"},"modified":"2025-09-21T19:49:01","modified_gmt":"2025-09-21T22:49:01","slug":"ruido-politico-y-dudas-sobre-la-deuda-reconocido-economista-alerta-sobre-una-nueva-crisis-cambiaria","status":"publish","type":"post","link":"https:\/\/www.enorsai.com\/noticias\/politica\/ruido-politico-y-dudas-sobre-la-deuda-reconocido-economista-alerta-sobre-una-nueva-crisis-cambiaria\/","title":{"rendered":"Ruido pol\u00edtico y dudas sobre la deuda: reconocido economista alerta sobre una nueva crisis cambiaria"},"content":{"rendered":"\n<p>El economista Iv\u00e1n Carrino analiza la actual crisis argentina: la incertidumbre sobre el pago de deuda, la intervenci\u00f3n masiva del Banco Central y el \u201cd\u00f3lar barato\u201d. Advierte que la confianza y la credibilidad pol\u00edtica son claves para evitar una escalada recesiva y cambiaria.<\/p>\n\n\n\n<h2 class=\"wp-block-heading\">Crisis cambiaria y especulaci\u00f3n con el d\u00f3lar<\/h2>\n\n\n\n<p>La econom\u00eda argentina atraviesa d\u00edas de extrema volatilidad. El Banco Central vendi\u00f3 m\u00e1s de <strong>1.100 millones de d\u00f3lares<\/strong> en solo 72 horas para sostener el valor del peso, pero el mercado muestra dudas crecientes sobre la capacidad y voluntad oficial de pagar la deuda externa[web:105][web:110]. Seg\u00fan Carrino, la percepci\u00f3n es que el d\u00f3lar est\u00e1 subvaluado y que este precio no se sostiene: cuando solo vende el BCRA, las reservas corren riesgo de agotarse, presionando el tipo de cambio y la inflaci\u00f3n.<\/p>\n\n\n\n<h2 class=\"wp-block-heading\">El ajuste fiscal en juego<\/h2>\n\n\n\n<p>Carrino remarca que el gobierno mantiene un plan de ajuste fiscal y busca convencer al mercado y los electores sobre su viabilidad. Sin embargo, los recientes resultados electorales y derrotas pol\u00edticas en el Congreso da\u00f1an la credibilidad de mantener esa pol\u00edtica[web:108]. La incertidumbre hace que los inversores duden del pago futuro de la deuda y del acceso a financiamiento voluntario. Sin confianza pol\u00edtica, el ajuste se vuelve poco cre\u00edble y los riesgos macroecon\u00f3micos se amplifican.<\/p>\n\n\n\n<h2 class=\"wp-block-heading\">Escenarios: intervenci\u00f3n, cepo y dilema de reservas<\/h2>\n\n\n\n<p>El economista advierte tres escenarios posibles: el gobierno contin\u00faa vendiendo d\u00f3lares para evitar una corrida y sostiene el precio hasta octubre; instala un cepo, restringiendo acceso individual al d\u00f3lar, lo que suele fracasar y generar mercados paralelos; o directamente deja flotarlo, asumiendo un salto devaluatorio y p\u00e9rdida de reservas. Las experiencias previas muestran que el \u00e9xito de cualquier f\u00f3rmula depende de la confianza en el programa fiscal y la percepci\u00f3n internacional[web:105][web:109].<\/p>\n\n\n\n<h2 class=\"wp-block-heading\">Impacto social y riesgo electoral<\/h2>\n\n\n\n<p>Carrino recalca que el principal peligro no es s\u00f3lo econ\u00f3mico sino pol\u00edtico: si el mercado percibe que el ajuste fiscal es insostenible, Argentina podr\u00eda caer en una nueva crisis financiera y recesiva, con fuga de capitales, inflaci\u00f3n acelerada y ca\u00edda del salario real. En ese contexto, la decisi\u00f3n de seguir quemando reservas o pedir m\u00e1s pr\u00e9stamos externos se lee como una apuesta pol\u00edtica de cara a las elecciones[web:107].<\/p>\n\n\n\n<h2 class=\"wp-block-heading\">Tabla: Indicadores clave septiembre 2025<\/h2>\n\n\n\n<figure class=\"wp-block-table\"><table class=\"has-fixed-layout\"><thead><tr><th>Indicador<\/th><th>Valor<\/th><\/tr><\/thead><tbody><tr><td>Venta de reservas (3 d\u00edas)<\/td><td>USD 1.100 millones<\/td><\/tr><tr><td>Riesgo pa\u00eds<\/td><td>1.456 puntos<\/td><\/tr><tr><td>D\u00f3lar oficial<\/td><td>$1.515<\/td><\/tr><tr><td>PBI Q2<\/td><td>-0,1%<\/td><\/tr><tr><td>Inflaci\u00f3n proyectada<\/td><td>Alta<\/td><\/tr><\/tbody><\/table><\/figure>\n\n\n\n<h2 class=\"wp-block-heading\">Reflexi\u00f3n final<\/h2>\n\n\n\n<p>\u201cSin credibilidad ni consenso pol\u00edtico, cualquier plan econ\u00f3mico est\u00e1 en riesgo. Solo la confianza podr\u00e1 estabilizar el d\u00f3lar, evitar fuga de capitales y el retorno de una crisis recesiva hist\u00f3rica\u201d. Dejanos tu comentario debajo o escribinos a <a href=\"mailto:enorsaionline@gmail.com\">enorsaionline@gmail.com<\/a>.<\/p>\n\n\n\n<h2 class=\"wp-block-heading\">Preguntas frecuentes<\/h2>\n\n\n\n<h3 class=\"wp-block-heading\">\u00bfPor qu\u00e9 sube el riesgo pa\u00eds en Argentina?<\/h3>\n\n\n\n<p>Por la incertidumbre pol\u00edtica, dudas sobre el pago de la deuda y se\u00f1ales d\u00e9biles del plan fiscal, el riesgo pa\u00eds super\u00f3 los 1.450 puntos en septiembre[web:110].<\/p>\n\n\n\n<h3 class=\"wp-block-heading\">\u00bfPor qu\u00e9 el Banco Central vende tantos d\u00f3lares?<\/h3>\n\n\n\n<p>Para evitar una nueva corrida cambiaria y sostener el valor del peso. Este mecanismo es insostenible si no hay confianza fiscal y pol\u00edtica[web:105].<\/p>\n\n\n\n<h3 class=\"wp-block-heading\">\u00bfQu\u00e9 escenarios plantea el mercado si se agotan las reservas?<\/h3>\n\n\n\n<p>Carrino advierte que puede haber salto devaluatorio, cepos y recesi\u00f3n si el gobierno no logra credibilidad y restaurar confianza en el ajuste[web:109].<\/p>\n\n\n\n<h3 class=\"wp-block-heading\">\u00bfLas experiencias de cepo cambiario pueden evitar la crisis?<\/h3>\n\n\n\n<p>Hist\u00f3ricamente, el cepo no logr\u00f3 frenar la ca\u00edda de reservas y gener\u00f3 mercados paralelos, afectando inflaci\u00f3n y precios[web:105].<\/p>\n\n\n\n<h3 class=\"wp-block-heading\">\u00bfCu\u00e1l es el impacto social y electoral de la crisis?<\/h3>\n\n\n\n<p>La recesi\u00f3n y la inflaci\u00f3n golpean el salario real y el consumo. El resultado electoral es clave para definir la viabilidad futura del plan econ\u00f3mico[web:107].<\/p>\n","protected":false},"excerpt":{"rendered":"<p>Iv\u00e1n Carrino alerta sobre el riesgo de una nueva crisis argentina. Dudas sobre el pago de deuda y volatilidad cambiaria tensionan el mercado y la pol\u00edtica.<\/p>\n","protected":false},"author":5,"featured_media":8972,"comment_status":"open","ping_status":"open","sticky":false,"template":"","format":"standard","meta":{"_monsterinsights_skip_tracking":false,"_monsterinsights_sitenote_active":false,"_monsterinsights_sitenote_note":"","_monsterinsights_sitenote_category":0,"footnotes":"","jetpack_publicize_message":"Crisis y dudas sobre la deuda: Carrino advierte sobre el riesgo recesivo\n\n","jetpack_publicize_feature_enabled":true,"jetpack_social_post_already_shared":false,"jetpack_social_options":{"image_generator_settings":{"template":"highway","default_image_id":0,"font":"","enabled":false},"version":2}},"categories":[3,2],"tags":[],"class_list":["post-8971","post","type-post","status-publish","format-standard","has-post-thumbnail","hentry","category-economia","category-politica"],"jetpack_publicize_connections":[],"_links":{"self":[{"href":"https:\/\/www.enorsai.com\/noticias\/wp-json\/wp\/v2\/posts\/8971","targetHints":{"allow":["GET"]}}],"collection":[{"href":"https:\/\/www.enorsai.com\/noticias\/wp-json\/wp\/v2\/posts"}],"about":[{"href":"https:\/\/www.enorsai.com\/noticias\/wp-json\/wp\/v2\/types\/post"}],"author":[{"embeddable":true,"href":"https:\/\/www.enorsai.com\/noticias\/wp-json\/wp\/v2\/users\/5"}],"replies":[{"embeddable":true,"href":"https:\/\/www.enorsai.com\/noticias\/wp-json\/wp\/v2\/comments?post=8971"}],"version-history":[{"count":1,"href":"https:\/\/www.enorsai.com\/noticias\/wp-json\/wp\/v2\/posts\/8971\/revisions"}],"predecessor-version":[{"id":8973,"href":"https:\/\/www.enorsai.com\/noticias\/wp-json\/wp\/v2\/posts\/8971\/revisions\/8973"}],"wp:featuredmedia":[{"embeddable":true,"href":"https:\/\/www.enorsai.com\/noticias\/wp-json\/wp\/v2\/media\/8972"}],"wp:attachment":[{"href":"https:\/\/www.enorsai.com\/noticias\/wp-json\/wp\/v2\/media?parent=8971"}],"wp:term":[{"taxonomy":"category","embeddable":true,"href":"https:\/\/www.enorsai.com\/noticias\/wp-json\/wp\/v2\/categories?post=8971"},{"taxonomy":"post_tag","embeddable":true,"href":"https:\/\/www.enorsai.com\/noticias\/wp-json\/wp\/v2\/tags?post=8971"}],"curies":[{"name":"wp","href":"https:\/\/api.w.org\/{rel}","templated":true}]}}