{"id":8968,"date":"2025-09-20T17:10:03","date_gmt":"2025-09-20T20:10:03","guid":{"rendered":"https:\/\/www.enorsai.com\/noticias\/politica\/kicillof-recordo-los-100-dias-de-prision-de-cfk-y-apunto-contra-milei-por-consolidar-un-modelo-de-represion-y-persecucion-politica\/"},"modified":"2025-09-20T17:10:03","modified_gmt":"2025-09-20T20:10:03","slug":"kicillof-recordo-los-100-dias-de-prision-de-cfk-y-apunto-contra-milei-por-consolidar-un-modelo-de-represion-y-persecucion-politica","status":"publish","type":"post","link":"https:\/\/www.enorsai.com\/noticias\/politica\/kicillof-recordo-los-100-dias-de-prision-de-cfk-y-apunto-contra-milei-por-consolidar-un-modelo-de-represion-y-persecucion-politica\/","title":{"rendered":"Kicillof record\u00f3 los 100 d\u00edas de prisi\u00f3n de CFK y apunt\u00f3 contra Milei por consolidar un modelo de represi\u00f3n y persecuci\u00f3n pol\u00edtica"},"content":{"rendered":"\n<p>En un mensaje cargado de firmeza, Axel Kicillof denunci\u00f3 que la detenci\u00f3n de la expresidenta es el resultado de a\u00f1os de hostigamiento y odio promovidos por sectores del poder, que hoy encuentran en el gobierno libertario la oportunidad de profundizar la persecuci\u00f3n contra el peronismo y cualquier voz disidente.<br><br>Cien d\u00edas de prisi\u00f3n. Ese es el n\u00famero que Axel Kicillof eligi\u00f3 remarcar en un posteo en X para dimensionar la gravedad institucional que atraviesa la Argentina bajo la presidencia de Javier Milei. La detenci\u00f3n de Cristina Fern\u00e1ndez de Kirchner no es, en sus palabras, un hecho aislado, sino la consecuencia directa de un entramado de persecuci\u00f3n pol\u00edtica, judicial y medi\u00e1tica que desde hace a\u00f1os busca anular a la principal dirigente del peronismo.<br><br>El gobernador bonaerense fue categ\u00f3rico: \u201cCada d\u00eda con Cristina detenida, Argentina es un pa\u00eds m\u00e1s injusto y una democracia m\u00e1s d\u00e9bil\u201d. Con esa frase condens\u00f3 el sentido de su denuncia: la prisi\u00f3n de la dos veces presidenta no es solo un ataque personal, sino un golpe certero contra la institucionalidad y el sistema pol\u00edtico argentino.<br><br>Kicillof record\u00f3 que Cristina fue hostigada durante a\u00f1os, sometida a una campa\u00f1a de difamaci\u00f3n sistem\u00e1tica y a un clima de odio que deriv\u00f3 incluso en el intento de magnicidio ocurrido frente a su domicilio. Sin embargo, se\u00f1al\u00f3 que ese atentado no marc\u00f3 un l\u00edmite, sino que habilit\u00f3 una escalada de revanchismo que culmin\u00f3 en su encarcelamiento bajo un gobierno con claros rasgos autoritarios.<br><br>La acusaci\u00f3n es directa y sin eufemismos: en la Argentina de Milei, la represi\u00f3n es la respuesta a la protesta social, la persecuci\u00f3n se ensa\u00f1a con opositores y dirigentes sindicales, el periodismo cr\u00edtico es demonizado y la divisi\u00f3n de poderes aparece subordinada a un proyecto concentrador y vengativo.<br><br>El mensaje de Kicillof, adem\u00e1s, introduce un elemento clave: el car\u00e1cter ejemplificador de la condena. La prisi\u00f3n de Cristina, insiste, no solo busca quebrar a una l\u00edder pol\u00edtica, sino tambi\u00e9n enviar una advertencia al resto de la dirigencia que se atreva a enfrentar al poder concentrado. Se trata de un mecanismo cl\u00e1sico de disciplinamiento, donde la c\u00e1rcel funciona como una amenaza velada contra todo aquel que no se pliegue a las reglas del oficialismo.<br><br>Resulta imposible pasar por alto la paradoja: un gobierno que se autoproclama defensor de la libertad es se\u00f1alado por aplicar m\u00e9todos de represi\u00f3n y proscripci\u00f3n pol\u00edtica. Esa contradicci\u00f3n no es menor, porque pone en cuesti\u00f3n la legitimidad misma del discurso oficialista. Milei construy\u00f3 su capital pol\u00edtico en torno a la idea de emancipar al pa\u00eds de \u201cla casta\u201d, pero lo que emerge en los hechos es un esquema de persecuci\u00f3n que replica pr\u00e1cticas de reg\u00edmenes autoritarios.<br><br>Kicillof no se limit\u00f3 a describir un presente sombr\u00edo; su mensaje tambi\u00e9n busc\u00f3 transmitir resistencia. La frase \u201cLa persiguieron, la encarcelaron, pero no pudieron ni podr\u00e1n someterla\u201d resuena como una afirmaci\u00f3n de fuerza y como un llamado a no resignarse. La lucha por la libertad de Cristina aparece no solo como una bandera del kirchnerismo, sino como un punto de inflexi\u00f3n en la defensa de la democracia argentina.<br><br>Sin embargo, la complejidad del escenario no puede ignorarse. Existen sectores que justifican la detenci\u00f3n de Cristina con el argumento de \u201crespetar la justicia\u201d, sin reparar en la evidente selectividad con la que act\u00faan ciertos jueces y fiscales. La falta de imparcialidad, sumada a la presi\u00f3n medi\u00e1tica y pol\u00edtica, dibuja un panorama donde la justicia parece menos un \u00e1rbitro que un instrumento de disciplinamiento.<br><br>Los 100 d\u00edas de prisi\u00f3n de Cristina Kirchner no son solo un n\u00famero. Representan un s\u00edntoma alarmante de c\u00f3mo se erosiona el Estado de derecho en Argentina. El mensaje de Kicillof en X no es simplemente un recordatorio, es una denuncia p\u00fablica contra un gobierno que, lejos de garantizar libertades, profundiza la persecuci\u00f3n pol\u00edtica y consolida un pa\u00eds cada vez m\u00e1s injusto y desigual.<br><br><br><br><\/p>\n","protected":false},"excerpt":{"rendered":"<p>En un mensaje cargado de firmeza, Axel Kicillof denunci\u00f3 que la detenci\u00f3n de la expresidenta es el resultado de a\u00f1os de hostigamiento y odio promovidos por sectores del poder, que hoy encuentran en el gobierno libertario la oportunidad de profundizar la persecuci\u00f3n contra el peronismo y cualquier voz disidente. Cien d\u00edas de prisi\u00f3n. Ese es&#8230;<\/p>\n","protected":false},"author":11,"featured_media":8967,"comment_status":"open","ping_status":"open","sticky":false,"template":"","format":"standard","meta":{"_monsterinsights_skip_tracking":false,"_monsterinsights_sitenote_active":false,"_monsterinsights_sitenote_note":"","_monsterinsights_sitenote_category":0,"footnotes":"","jetpack_publicize_message":"","jetpack_publicize_feature_enabled":true,"jetpack_social_post_already_shared":true,"jetpack_social_options":{"image_generator_settings":{"template":"highway","default_image_id":0,"font":"","enabled":false},"version":2}},"categories":[2],"tags":[804,87,209,104,1143,45,363,267,1392,365],"class_list":["post-8968","post","type-post","status-publish","format-standard","has-post-thumbnail","hentry","category-politica","tag-autoritarismo","tag-cristina","tag-democracia","tag-kicillof","tag-kirchner","tag-milei","tag-peronismo","tag-persecucion","tag-proscripcion","tag-represion"],"jetpack_publicize_connections":[],"_links":{"self":[{"href":"https:\/\/www.enorsai.com\/noticias\/wp-json\/wp\/v2\/posts\/8968","targetHints":{"allow":["GET"]}}],"collection":[{"href":"https:\/\/www.enorsai.com\/noticias\/wp-json\/wp\/v2\/posts"}],"about":[{"href":"https:\/\/www.enorsai.com\/noticias\/wp-json\/wp\/v2\/types\/post"}],"author":[{"embeddable":true,"href":"https:\/\/www.enorsai.com\/noticias\/wp-json\/wp\/v2\/users\/11"}],"replies":[{"embeddable":true,"href":"https:\/\/www.enorsai.com\/noticias\/wp-json\/wp\/v2\/comments?post=8968"}],"version-history":[{"count":0,"href":"https:\/\/www.enorsai.com\/noticias\/wp-json\/wp\/v2\/posts\/8968\/revisions"}],"wp:featuredmedia":[{"embeddable":true,"href":"https:\/\/www.enorsai.com\/noticias\/wp-json\/wp\/v2\/media\/8967"}],"wp:attachment":[{"href":"https:\/\/www.enorsai.com\/noticias\/wp-json\/wp\/v2\/media?parent=8968"}],"wp:term":[{"taxonomy":"category","embeddable":true,"href":"https:\/\/www.enorsai.com\/noticias\/wp-json\/wp\/v2\/categories?post=8968"},{"taxonomy":"post_tag","embeddable":true,"href":"https:\/\/www.enorsai.com\/noticias\/wp-json\/wp\/v2\/tags?post=8968"}],"curies":[{"name":"wp","href":"https:\/\/api.w.org\/{rel}","templated":true}]}}