{"id":8966,"date":"2025-09-20T16:59:34","date_gmt":"2025-09-20T19:59:34","guid":{"rendered":"https:\/\/www.enorsai.com\/noticias\/politica\/a-100-dias-de-su-detencion-cfk-saludo-a-la-militancia-desde-el-balcon-de-su-domicilio-en-constitucion\/"},"modified":"2025-09-20T16:59:34","modified_gmt":"2025-09-20T19:59:34","slug":"a-100-dias-de-su-detencion-cfk-saludo-a-la-militancia-desde-el-balcon-de-su-domicilio-en-constitucion","status":"publish","type":"post","link":"https:\/\/www.enorsai.com\/noticias\/politica\/a-100-dias-de-su-detencion-cfk-saludo-a-la-militancia-desde-el-balcon-de-su-domicilio-en-constitucion\/","title":{"rendered":"A 100 d\u00edas de su detenci\u00f3n CfK salud\u00f3 a la militancia desde el balc\u00f3n de su domicilio en Constituci\u00f3n"},"content":{"rendered":"\n<p>Cristina Kirchner cumpli\u00f3 100 d\u00edas de prisi\u00f3n domiciliaria en el marco de la causa Vialidad. En medio de una movilizaci\u00f3n que exigi\u00f3 su libertad, la referente opositora volvi\u00f3 a irrumpir en la escena pol\u00edtica con duras cr\u00edticas contra el Gobierno, apuntando contra Luis Caputo, Federico Sturzenegger y Karina Milei.<\/p>\n\n\n\n<p>El s\u00e1bado marc\u00f3 un hito cargado de tensi\u00f3n pol\u00edtica: Cristina Fern\u00e1ndez de Kirchner cumpli\u00f3 100 d\u00edas bajo arresto domiciliario y, como era de esperar, la militancia no dej\u00f3 pasar la fecha. Desde temprano, agrupaciones sociales, sindicatos, organizaciones pol\u00edticas y simpatizantes se concentraron en la puerta de su departamento en San Jos\u00e9 1111, en el barrio de Constituci\u00f3n, para acompa\u00f1ar a la expresidenta con un reclamo un\u00e1nime: \u201cCristina libre, 100 d\u00edas de injusticia\u201d.<\/p>\n\n\n\n<p>Cerca de las 15.30, Cristina apareci\u00f3 en el balc\u00f3n vestida con una campera caqui, remera blanca y una escarapela en el pecho. Salud\u00f3 a la multitud que agitaba banderas, cantaba consignas y mostraba la convicci\u00f3n de que la causa judicial que la tiene detenida no es m\u00e1s que un engranaje en la persecuci\u00f3n pol\u00edtica desatada contra ella. \u201cLa vamos a esperar siempre, el pueblo la ama\u201d, expres\u00f3 una mujer frente a las c\u00e1maras de C5N, mientras otra recordaba que \u201clos mejores a\u00f1os fueron con Cristina\u201d y que \u201ccon la AUH nos cambi\u00f3 la vida a las mujeres\u201d.<\/p>\n\n\n\n<p>Pero el momento de mayor impacto no fue el saludo, sino el mensaje publicado en sus redes sociales, donde la exmandataria volvi\u00f3 a encender la pol\u00e9mica contra el Gobierno de Javier Milei. Con su ya caracter\u00edstico \u201cChe Milei\u201d, Cristina denunci\u00f3 el riesgo de un default en el corto plazo. \u201c\u00a1Che Milei! \u00a1Qu\u00e9 olor a default! Te fumaste m\u00e1s de mil millones de d\u00f3lares en apenas dos d\u00edas\u2026 \u2018economista experto en crecimiento con o sin dinero\u2019\u201d, lanz\u00f3 con iron\u00eda, poniendo en evidencia la improvisaci\u00f3n de una gesti\u00f3n que se promociona como salvadora pero que en la pr\u00e1ctica repite los peores errores del pasado reciente.<\/p>\n\n\n\n<figure class=\"wp-block-embed is-type-rich is-provider-twitter wp-block-embed-twitter\"><div class=\"wp-block-embed__wrapper\">\n<blockquote class=\"twitter-tweet\" data-width=\"550\" data-dnt=\"true\"><p lang=\"es\" dir=\"ltr\">100 D\u00cdAS DE INJUSTICIA<br><br>Hace 100 d\u00edas que Cristina Kirchner, presidenta del Partido Justicialista Nacional, est\u00e1 injustamente detenida luego de una condena pol\u00edtica sin fundamento jur\u00eddico alguno.<br><br>La persecuci\u00f3n a dirigentes opositores no es una novedad. Ha sucedido cada vez que\u2026 <a href=\"https:\/\/t.co\/Rd3MqHVw27\">pic.twitter.com\/Rd3MqHVw27<\/a><\/p>&mdash; Partido Justicialista (@p_justicialista) <a href=\"https:\/\/twitter.com\/p_justicialista\/status\/1969463693965422692?ref_src=twsrc%5Etfw\">September 20, 2025<\/a><\/blockquote><script async src=\"https:\/\/platform.twitter.com\/widgets.js\" charset=\"utf-8\"><\/script>\n<\/div><\/figure>\n\n\n\n<p><\/p>\n\n\n\n<p>La expresidenta dirigi\u00f3 sus cr\u00edticas hacia el ministro de Econom\u00eda, Luis \u201cToto\u201d Caputo, a quien responsabiliz\u00f3 de reeditar la cat\u00e1strofe financiera ya vista durante la presidencia de Mauricio Macri. Record\u00f3, adem\u00e1s, la famosa promesa de vender d\u00f3lares en el techo de la banda cambiaria, que termin\u00f3 siendo una estafa a gran escala. \u201cLa \u00fanica banda que existe es la del carry trade del Toto Caputo, que por segunda vez se est\u00e1n llevando puesto el pa\u00eds\u201d, denunci\u00f3, dejando en claro que el actual gobierno no hace m\u00e1s que servir a los especuladores financieros.<\/p>\n\n\n\n<p>El tiro por elevaci\u00f3n alcanz\u00f3 tambi\u00e9n a Federico Sturzenegger, actual asesor estrella del oficialismo, al que Cristina catalog\u00f3 como \u201cpart\u00edcipe necesario del endeudamiento y vaciamiento financiero\u201d en tres ocasiones distintas de la historia reciente. En la misma l\u00ednea, sostuvo que Caputo \u201clogr\u00f3 hacer exactamente el mismo desastre, dos veces, y en tan s\u00f3lo siete a\u00f1os\u201d. Palabras que resuenan en un contexto donde el Ejecutivo insiste en mostrarse como el \u00fanico capaz de ordenar la econom\u00eda, mientras los n\u00fameros rojos, la inflaci\u00f3n persistente y la falta de d\u00f3lares dibujan otra realidad.<\/p>\n\n\n\n<p>Pero Cristina no se qued\u00f3 solo en la econom\u00eda. Apunt\u00f3 tambi\u00e9n contra Karina Milei, la secretaria general de la Presidencia y hermana del mandatario, acusada de recibir coimas en el marco de la compra de medicamentos para personas con discapacidad. \u201cLo de tu hermana cobrando coimas del 3% de los remedios a los discapacitados es un aut\u00e9ntico hit musical internacional\u2026 \u2018Alta coimeraaaa\u2026 Karina es alta coimeraaaa\u2026\u2019 \u00bfNo lo escuchaste?\u201d, ironiz\u00f3 la exmandataria, aludiendo a la canci\u00f3n que ya se hab\u00eda viralizado en el Congreso cuando diputados opositores repudiaron los vetos presidenciales.<\/p>\n\n\n\n<p>El contraste es brutal: mientras la militancia se organiza y sale a las calles con consignas de justicia y memoria, el Gobierno de Javier Milei se consume en medidas que benefician a una minor\u00eda especulativa, reproduce la matriz de endeudamiento y se desliza peligrosamente hacia un nuevo default. La expresidenta, a\u00fan en prisi\u00f3n domiciliaria, se mantiene como una voz inc\u00f3moda, disruptiva y con un peso pol\u00edtico que ni el encarcelamiento logr\u00f3 silenciar.<\/p>\n\n\n\n<p>A 100 d\u00edas de su detenci\u00f3n, Cristina Kirchner no solo sigue en el centro de la escena, sino que logr\u00f3 convertir su situaci\u00f3n judicial en un s\u00edmbolo de resistencia frente a un gobierno que promete libertad pero practica persecuci\u00f3n, promete estabilidad pero entrega caos, promete crecimiento pero entrega hambre y especulaci\u00f3n. Y ese choque entre el relato libertario y la crudeza de la realidad es, justamente, lo que Milei no puede controlar.<\/p>\n\n\n\n<h3 class=\"wp-block-heading\"><\/h3>\n","protected":false},"excerpt":{"rendered":"<p>Cristina Kirchner cumpli\u00f3 100 d\u00edas de prisi\u00f3n domiciliaria en el marco de la causa Vialidad. En medio de una movilizaci\u00f3n que exigi\u00f3 su libertad, la referente opositora volvi\u00f3 a irrumpir en la escena pol\u00edtica con duras cr\u00edticas contra el Gobierno, apuntando contra Luis Caputo, Federico Sturzenegger y Karina Milei. El s\u00e1bado marc\u00f3 un hito cargado&#8230;<\/p>\n","protected":false},"author":9,"featured_media":8965,"comment_status":"open","ping_status":"open","sticky":false,"template":"","format":"standard","meta":{"_monsterinsights_skip_tracking":false,"_monsterinsights_sitenote_active":false,"_monsterinsights_sitenote_note":"","_monsterinsights_sitenote_category":0,"footnotes":"","jetpack_publicize_message":"","jetpack_publicize_feature_enabled":true,"jetpack_social_post_already_shared":true,"jetpack_social_options":{"image_generator_settings":{"template":"highway","default_image_id":0,"font":"","enabled":false},"version":2}},"categories":[2],"tags":[184,87,44,15,27,635,1143,45,1601,253],"class_list":["post-8966","post","type-post","status-publish","format-standard","has-post-thumbnail","hentry","category-politica","tag-caputo","tag-cristina","tag-default","tag-economia","tag-gobierno","tag-karina","tag-kirchner","tag-milei","tag-militancia","tag-sturzenegger"],"jetpack_publicize_connections":[],"_links":{"self":[{"href":"https:\/\/www.enorsai.com\/noticias\/wp-json\/wp\/v2\/posts\/8966","targetHints":{"allow":["GET"]}}],"collection":[{"href":"https:\/\/www.enorsai.com\/noticias\/wp-json\/wp\/v2\/posts"}],"about":[{"href":"https:\/\/www.enorsai.com\/noticias\/wp-json\/wp\/v2\/types\/post"}],"author":[{"embeddable":true,"href":"https:\/\/www.enorsai.com\/noticias\/wp-json\/wp\/v2\/users\/9"}],"replies":[{"embeddable":true,"href":"https:\/\/www.enorsai.com\/noticias\/wp-json\/wp\/v2\/comments?post=8966"}],"version-history":[{"count":0,"href":"https:\/\/www.enorsai.com\/noticias\/wp-json\/wp\/v2\/posts\/8966\/revisions"}],"wp:featuredmedia":[{"embeddable":true,"href":"https:\/\/www.enorsai.com\/noticias\/wp-json\/wp\/v2\/media\/8965"}],"wp:attachment":[{"href":"https:\/\/www.enorsai.com\/noticias\/wp-json\/wp\/v2\/media?parent=8966"}],"wp:term":[{"taxonomy":"category","embeddable":true,"href":"https:\/\/www.enorsai.com\/noticias\/wp-json\/wp\/v2\/categories?post=8966"},{"taxonomy":"post_tag","embeddable":true,"href":"https:\/\/www.enorsai.com\/noticias\/wp-json\/wp\/v2\/tags?post=8966"}],"curies":[{"name":"wp","href":"https:\/\/api.w.org\/{rel}","templated":true}]}}