{"id":8946,"date":"2025-09-20T08:57:00","date_gmt":"2025-09-20T11:57:00","guid":{"rendered":"https:\/\/www.enorsai.com\/noticias\/?p=8946"},"modified":"2025-09-20T08:57:07","modified_gmt":"2025-09-20T11:57:07","slug":"desesperado-y-contra-las-cuerdas-milei-salio-a-decir-que-son-audios-de-peluqueria-e-inteligencia-artificial","status":"publish","type":"post","link":"https:\/\/www.enorsai.com\/noticias\/politica\/desesperado-y-contra-las-cuerdas-milei-salio-a-decir-que-son-audios-de-peluqueria-e-inteligencia-artificial\/","title":{"rendered":"\u00a1Desesperado y contra las cuerdas! Milei sali\u00f3 a decir que \u00abson audios de peluquer\u00eda e inteligencia artificial\u00bb"},"content":{"rendered":"\n<p><strong>Javier Milei inaugur\u00f3 su campa\u00f1a en C\u00f3rdoba con un acto deslucido, cargado de ataques contra opositores y periodistas, pero sin dar respuestas a la crisis econ\u00f3mica que golpea al pa\u00eds.<\/strong><\/p>\n\n\n\n<p>En C\u00f3rdoba, tierra de viejas disputas pol\u00edticas y clave electoral, el presidente Javier Milei eligi\u00f3 dar el puntapi\u00e9 inicial a su campa\u00f1a de cara a las elecciones de 2025. El escenario fue el Parque Sarmiento, el mismo sitio donde en 2023 hab\u00eda cerrado su campa\u00f1a presidencial con una multitud. Sin embargo, la postal de este 2025 no pudo ser m\u00e1s contrastante: apenas un pu\u00f1ado de militantes, diez veces menos que dos a\u00f1os atr\u00e1s, se concentr\u00f3 en torno a las escalinatas, mientras los runners habituales de la zona segu\u00edan con su rutina deportiva, casi ignorando al jefe de Estado. La imagen fue brutal: de la \u00e9pica libertaria se pas\u00f3 a la frialdad de un acto que nunca despeg\u00f3.<\/p>\n\n\n\n<p>Milei, consciente de la pobre convocatoria, apel\u00f3 al discurso del esfuerzo. \u201cEstamos a mitad de camino, por eso les pido que no aflojen\u201d, lanz\u00f3 desde el escenario, intentando inyectar m\u00edstica donde solo hab\u00eda desencanto. Pero m\u00e1s all\u00e1 de ese pedido, su intervenci\u00f3n estuvo marcada por la descalificaci\u00f3n y la victimizaci\u00f3n, con escasas o nulas propuestas para un pa\u00eds que atraviesa una crisis econ\u00f3mica evidente.<\/p>\n\n\n\n<p>El mandatario dedic\u00f3 buena parte de su discurso a desestimar las denuncias sobre supuestas coimas en la Agencia Nacional de Discapacidad (ANDIS). Los audios difundidos en las \u00faltimas semanas, que lo involucran indirectamente a trav\u00e9s de funcionarios de su espacio, fueron reducidos por Milei a \u201coperetas armadas con inteligencia artificial\u201d y \u201cchismes de peluquer\u00eda\u201d. Sin dar explicaciones ni anunciar investigaciones, eligi\u00f3 burlarse de la situaci\u00f3n. Incluso carg\u00f3 contra el periodista Jorge Rial, a quien descalific\u00f3 como \u201cchimentero berreta\u201d, en un claro gesto de desprecio hacia la prensa cr\u00edtica.<\/p>\n\n\n\n<p>El tono se endureci\u00f3 cuando recurri\u00f3 a la vieja estrategia de confrontar con el kirchnerismo. Se mof\u00f3 de Cristina Fern\u00e1ndez de Kirchner, llamando a sus seguidores a corear \u201ctobillera\u201d y sum\u00e1ndose \u00e9l mismo al c\u00e1ntico \u201csaquen al ping\u00fcino del caj\u00f3n\u201d. El recurso mostr\u00f3 hasta qu\u00e9 punto Milei apuesta a reeditar la polarizaci\u00f3n del pasado, aun cuando esa estrategia ya no le garantiz\u00f3 resultados en distritos clave como la provincia de Buenos Aires. El espect\u00e1culo de un presidente cantando consignas de tribuna revel\u00f3 m\u00e1s desesperaci\u00f3n que fortaleza.<\/p>\n\n\n\n<p>La escenograf\u00eda del acto, cuidadosamente planificada, tampoco logr\u00f3 ocultar la debilidad pol\u00edtica. Militantes con remeras violetas rodearon al mandatario para la puesta en escena de un abrazo emotivo, replicando el flyer de convocatoria que circul\u00f3 en redes. La referencia a su perro Conan, a quien defini\u00f3 nuevamente como \u201ccordob\u00e9s\u201d, fue la \u00fanica frase que desat\u00f3 un vitoreo un\u00e1nime. Ni Patricia Bullrich, ni Mart\u00edn Menem, ni Karina Milei consiguieron despertar entusiasmo. El contraste entre la solemnidad del escenario y la indiferencia del parque fue un golpe simb\u00f3lico que ni las Fuerzas del Cielo, con sus estandartes medievales y su organizaci\u00f3n f\u00e9rrea, lograron revertir.<\/p>\n\n\n\n<p>La disputa con Juan Schiaretti tambi\u00e9n ocup\u00f3 un lugar central. Milei lo acus\u00f3 de querer aumentar el gasto p\u00fablico de manera irresponsable y lo acus\u00f3 de \u201cquerer cagarnos de hambre\u201d. El exgobernador respondi\u00f3 con dureza, acusando al presidente de mentir descaradamente y reivindicando la gesti\u00f3n cordobesa como ejemplo de prosperidad fiscal y obra p\u00fablica. El contraste fue inevitable: mientras Schiaretti exhibe resultados concretos en la provincia, Milei evit\u00f3 hablar del d\u00f3lar, de las reservas que se derrumban y del riesgo pa\u00eds que se dispara. La econom\u00eda real brill\u00f3 por su ausencia en el discurso presidencial.<\/p>\n\n\n\n<p>Consciente de la fragilidad de su base social, Milei insisti\u00f3 en que \u201cpara la mitad del a\u00f1o que viene la inflaci\u00f3n ser\u00e1 solo un mal recuerdo\u201d. Una promesa que ya hab\u00eda repetido en 2023 y que hoy suena vac\u00eda frente a \u00edndices que no ceden. El argumento de que \u201clos ricos se van si se les cobra impuestos\u201d fue presentado como verdad absoluta, reduciendo un debate complejo a consignas simplistas. La falta de propuestas para frenar la fuga de capitales o garantizar estabilidad macroecon\u00f3mica dej\u00f3 al descubierto que el gobierno prefiere la ret\u00f3rica antes que las soluciones.<\/p>\n\n\n\n<p>El cierre del acto fue casi un ruego: \u201cLes pido que no flaqueen, sigan peleando. A no aflojar, a no aflojar, a no aflojar\u201d. Una repetici\u00f3n que transmiti\u00f3 m\u00e1s debilidad que convicci\u00f3n. La apelaci\u00f3n al miedo del \u201cmodelo Ezeiza\u201d, en el que los j\u00f3venes se van del pa\u00eds, busc\u00f3 conectar con la angustia social, pero se volvi\u00f3 un b\u00fameran: son justamente las pol\u00edticas de ajuste del propio Milei las que est\u00e1n empujando a miles a emigrar.<\/p>\n\n\n\n<p>En paralelo, Milei se present\u00f3 en la Bolsa de Comercio de C\u00f3rdoba, donde recibi\u00f3 un apoyo expl\u00edcito del empresariado. Manuel Tagle, su presidente, lo elogi\u00f3 como \u201cautoritaro con excesiva capacidad de imponer sus ideas\u201d y pidi\u00f3 abiertamente que tenga m\u00e1s de un mandato. Defini\u00f3 su gesti\u00f3n como \u201chist\u00f3rica\u201d y lleg\u00f3 a compararla con un supuesto \u201cmilagro econ\u00f3mico\u201d de la primera mitad del siglo XX. La desconexi\u00f3n con la realidad fue evidente: mientras las pymes cierran y los trabajadores sufren el ajuste, el poder econ\u00f3mico mediterr\u00e1neo se entusiasma con un modelo que profundiza la desigualdad.<\/p>\n\n\n\n<p>En definitiva, el lanzamiento de campa\u00f1a en C\u00f3rdoba dej\u00f3 m\u00e1s sombras que luces. Milei busc\u00f3 relanzar su figura con un discurso agresivo, pero se encontr\u00f3 con una convocatoria pobre, un electorado indiferente y una oposici\u00f3n que le disputa el terreno econ\u00f3mico con m\u00e1s credibilidad. La negaci\u00f3n de la crisis, el desprecio hacia las denuncias de corrupci\u00f3n y la ausencia de propuestas reales mostraron a un presidente encerrado en su propio relato, cada vez m\u00e1s alejado de las urgencias de la gente. C\u00f3rdoba, que alguna vez lo impuls\u00f3 hacia la Casa Rosada, hoy le devolvi\u00f3 un reflejo inc\u00f3modo: el del desgaste pol\u00edtico y el desencanto social.<\/p>\n\n\n\n<p>Fuente:<\/p>\n\n\n\n<p>.<a href=\"https:\/\/www.pagina12.com.ar\/859393-son-audios-de-peluqueria-e-inteligencia-artificial\">https:\/\/www.pagina12.com.ar\/859393-son-audios-de-peluqueria-e-inteligencia-artificial<\/a><\/p>\n","protected":false},"excerpt":{"rendered":"<p>Javier Milei inaugur\u00f3 su campa\u00f1a en C\u00f3rdoba con un acto deslucido, cargado de ataques contra opositores y periodistas, pero sin dar respuestas a la crisis econ\u00f3mica que golpea al pa\u00eds. En C\u00f3rdoba, tierra de viejas disputas pol\u00edticas y clave electoral, el presidente Javier Milei eligi\u00f3 dar el puntapi\u00e9 inicial a su campa\u00f1a de cara a&#8230;<\/p>\n","protected":false},"author":13,"featured_media":8948,"comment_status":"open","ping_status":"open","sticky":false,"template":"","format":"standard","meta":{"_monsterinsights_skip_tracking":false,"_monsterinsights_sitenote_active":false,"_monsterinsights_sitenote_note":"","_monsterinsights_sitenote_category":0,"footnotes":"","jetpack_publicize_message":"","jetpack_publicize_feature_enabled":true,"jetpack_social_post_already_shared":true,"jetpack_social_options":{"image_generator_settings":{"template":"highway","default_image_id":0,"font":"","enabled":false},"version":2}},"categories":[2],"tags":[],"class_list":["post-8946","post","type-post","status-publish","format-standard","has-post-thumbnail","hentry","category-politica"],"jetpack_publicize_connections":[],"_links":{"self":[{"href":"https:\/\/www.enorsai.com\/noticias\/wp-json\/wp\/v2\/posts\/8946","targetHints":{"allow":["GET"]}}],"collection":[{"href":"https:\/\/www.enorsai.com\/noticias\/wp-json\/wp\/v2\/posts"}],"about":[{"href":"https:\/\/www.enorsai.com\/noticias\/wp-json\/wp\/v2\/types\/post"}],"author":[{"embeddable":true,"href":"https:\/\/www.enorsai.com\/noticias\/wp-json\/wp\/v2\/users\/13"}],"replies":[{"embeddable":true,"href":"https:\/\/www.enorsai.com\/noticias\/wp-json\/wp\/v2\/comments?post=8946"}],"version-history":[{"count":1,"href":"https:\/\/www.enorsai.com\/noticias\/wp-json\/wp\/v2\/posts\/8946\/revisions"}],"predecessor-version":[{"id":8950,"href":"https:\/\/www.enorsai.com\/noticias\/wp-json\/wp\/v2\/posts\/8946\/revisions\/8950"}],"wp:featuredmedia":[{"embeddable":true,"href":"https:\/\/www.enorsai.com\/noticias\/wp-json\/wp\/v2\/media\/8948"}],"wp:attachment":[{"href":"https:\/\/www.enorsai.com\/noticias\/wp-json\/wp\/v2\/media?parent=8946"}],"wp:term":[{"taxonomy":"category","embeddable":true,"href":"https:\/\/www.enorsai.com\/noticias\/wp-json\/wp\/v2\/categories?post=8946"},{"taxonomy":"post_tag","embeddable":true,"href":"https:\/\/www.enorsai.com\/noticias\/wp-json\/wp\/v2\/tags?post=8946"}],"curies":[{"name":"wp","href":"https:\/\/api.w.org\/{rel}","templated":true}]}}