{"id":8942,"date":"2025-09-20T08:44:47","date_gmt":"2025-09-20T11:44:47","guid":{"rendered":"https:\/\/www.enorsai.com\/noticias\/?p=8942"},"modified":"2025-09-20T08:44:53","modified_gmt":"2025-09-20T11:44:53","slug":"sin-autocritica-sturzenegger-celebra-el-ajuste-de-milei-mientras-la-crisis-social-se-profundiza","status":"publish","type":"post","link":"https:\/\/www.enorsai.com\/noticias\/politica\/sin-autocritica-sturzenegger-celebra-el-ajuste-de-milei-mientras-la-crisis-social-se-profundiza\/","title":{"rendered":"\u00a1Sin autocr\u00edtica! Sturzenegger celebra el ajuste de Milei mientras la crisis social se profundiza"},"content":{"rendered":"\n<p>Lejos de la autocr\u00edtica real, Federico Sturzenegger eligi\u00f3 reforzar el relato oficial y destacar el super\u00e1vit fiscal, la estabilidad macroecon\u00f3mica y un supuesto \u201cboom energ\u00e9tico\u201d. Sin embargo, sus declaraciones contrastan con la recesi\u00f3n, la inflaci\u00f3n persistente y la pobreza que golpea cada vez m\u00e1s a los argentinos.<\/p>\n\n\n\n<p>El viernes 19 de septiembre, en medio de un clima marcado por la inestabilidad financiera y el desconcierto pol\u00edtico tras la derrota electoral en la provincia de Buenos Aires, Federico Sturzenegger decidi\u00f3 recurrir a su cuenta de X (ex Twitter) para publicar un extenso mensaje en defensa del gobierno de Javier Milei. El ministro de Desregulaci\u00f3n y Transformaci\u00f3n del Estado no eligi\u00f3 la conferencia de prensa ni la explicaci\u00f3n cara a cara con la ciudadan\u00eda: prefiri\u00f3 el terreno c\u00f3modo de las redes sociales, donde pudo elaborar un relato cargado de cifras, comparaciones y proyecciones optimistas que distan mucho de la realidad cotidiana.<\/p>\n\n\n\n<p>El inicio de su texto busc\u00f3 mostrarse humano y cercano. Reconoci\u00f3 que la elecci\u00f3n bonaerense hab\u00eda dejado al oficialismo \u201cdolido y confundido\u201d, que se cometieron \u201cerrores\u201d y que incluso a ellos, los funcionarios, \u201cles duele que las mejoras tarden en llegar\u201d. Un recurso discursivo que intenta suavizar el impacto del ajuste, pero que resulta insuficiente frente a los hechos: salarios pulverizados, jubilaciones de miseria, miles de despidos en la administraci\u00f3n p\u00fablica y un d\u00f3lar que no deja de presionar sobre los precios.<\/p>\n\n\n\n<p>Lo central de su exposici\u00f3n fue la defensa del super\u00e1vit fiscal. Con tono pedag\u00f3gico, Sturzenegger record\u00f3 que el gobierno alcanz\u00f3 un saldo positivo en apenas un mes y lo sostuvo a lo largo de toda la gesti\u00f3n. Lo present\u00f3 como un logro in\u00e9dito, casi heroico, que equipar\u00f3 con la idea de que \u201cen los hogares tambi\u00e9n hay que tener las cuentas en orden\u201d. Sin embargo, lo que omiti\u00f3 se\u00f1alar es que ese super\u00e1vit no surge de una mayor producci\u00f3n ni de un crecimiento econ\u00f3mico genuino, sino de recortes dr\u00e1sticos: jubilaciones que aumentan por debajo de la inflaci\u00f3n, recortes en salud y educaci\u00f3n, paralizaci\u00f3n de obras p\u00fablicas y transferencia del ajuste a las provincias y a los sectores m\u00e1s vulnerables.<\/p>\n\n\n\n<p>El discurso del \u201corden fiscal\u201d se transforma as\u00ed en una excusa para justificar un ajuste brutal. Mientras en el gobierno celebran n\u00fameros fr\u00edos, millones de familias se ven obligadas a elegir entre pagar la boleta de luz o llenar la heladera. La inflaci\u00f3n persiste y la recesi\u00f3n se profundiza, pero desde la Casa Rosada se insiste en vender una \u00e9pica del sacrificio que, en los hechos, solo castiga a los que menos tienen.<\/p>\n\n\n\n<p>En otro tramo de su mensaje, Sturzenegger destac\u00f3 que el gobierno hab\u00eda logrado \u201cestabilizar la econom\u00eda sin afectar los derechos de propiedad, sin expropiaciones ni locuras\u201d. La frase, que busca diferenciarse de administraciones anteriores, deja en evidencia la prioridad del modelo: garantizar la seguridad de los grandes capitales, mientras el ciudadano com\u00fan se hunde en la precariedad. Los \u00fanicos \u201cderechos\u201d que se protegen con fervor son los de los grandes grupos econ\u00f3micos y las multinacionales, no los de los trabajadores que ven degradarse sus condiciones de vida.<\/p>\n\n\n\n<p>El ministro tambi\u00e9n dedic\u00f3 varios p\u00e1rrafos a lo que denomin\u00f3 el \u201cboom energ\u00e9tico\u201d. Seg\u00fan sus palabras, el pa\u00eds estar\u00eda atravesando una ola de inversiones \u201ccolosales\u201d que permitir\u00e1n aumentar un 30% las exportaciones en los pr\u00f3ximos a\u00f1os y, como consecuencia, una \u201creindustrializaci\u00f3n\u201d similar a la de Estados Unidos con el gas de Texas. En su relato, Argentina estar\u00eda a punto de convertirse en un im\u00e1n para la industria mundial, con energ\u00eda barata y ventajas competitivas \u201cgenuinas\u201d.<\/p>\n\n\n\n<p>Pero aqu\u00ed se abre la grieta entre discurso y realidad. Mientras Sturzenegger promete un futuro de f\u00e1bricas repletas y exportaciones r\u00e9cord, lo que se ve hoy es un entramado industrial destruido, con pymes cerrando sus puertas, ca\u00edda en la producci\u00f3n automotriz y despidos en sectores clave. El \u201cboom\u201d parece m\u00e1s un slogan que un fen\u00f3meno tangible. La comparaci\u00f3n con Estados Unidos o Chile, pa\u00edses con d\u00e9cadas de pol\u00edticas estables y marcos regulatorios claros, suena m\u00e1s a un recurso de marketing que a un an\u00e1lisis serio de la econom\u00eda argentina.<\/p>\n\n\n\n<p>Incluso su referencia a la miner\u00eda, donde reconoci\u00f3 que Chile exporta 50.000 millones de d\u00f3lares anuales frente a los escasos 3.500 millones de Argentina, evidencia la distancia entre la ret\u00f3rica oficial y los n\u00fameros reales. Sturzenegger prefiri\u00f3 venderlo como una oportunidad en marcha, mencionando que con esas inversiones se reactivar\u00eda la infraestructura ferroviaria. Sin embargo, hoy lo que se observa es una par\u00e1lisis de las obras y un desfinanciamiento cr\u00f3nico del transporte p\u00fablico.<\/p>\n\n\n\n<p>Otro cap\u00edtulo de su discurso estuvo dedicado a la pelea contra lo que defini\u00f3 como \u201ckioskos y curros\u201d. Con tono combativo, se jact\u00f3 de haber eliminado 250.000 millones de pesos en supuestos beneficios ocultos en la paritaria de comercio. Lo que en su narrativa aparece como una lucha contra privilegios, en la pr\u00e1ctica se traduce en un ataque directo a los trabajadores organizados y en una ofensiva antisindical que busca debilitar la defensa de los derechos laborales. La ret\u00f3rica contra la \u201ccasta\u201d se convierte as\u00ed en una justificaci\u00f3n del ajuste, recortando conquistas hist\u00f3ricas mientras se mantienen intocados los intereses del gran capital financiero.<\/p>\n\n\n\n<p>En el tramo final, Sturzenegger intent\u00f3 vestir al gobierno de un manto republicano. Asegur\u00f3 que no cuentan con \u201coperadores judiciales\u201d y que existe una \u201cverdadera divisi\u00f3n de poderes in\u00e9dita en el mundo\u201d. Una afirmaci\u00f3n dif\u00edcil de sostener cuando el oficialismo recurre de manera sistem\u00e1tica a decretos de necesidad y urgencia para esquivar el Congreso y cuando las medidas m\u00e1s relevantes se imponen sin consenso pol\u00edtico ni social.<\/p>\n\n\n\n<p>Su cierre fue casi un llamado a la \u00e9pica, al se\u00f1alar que el proyecto de Milei es \u201calgo completamente distinto\u201d y que \u201cel rumbo depende de vos\u201d. Una apelaci\u00f3n a la ciudadan\u00eda que, m\u00e1s que inspirar, expone la fragilidad del relato oficial: si despu\u00e9s de casi un a\u00f1o de gesti\u00f3n lo \u00fanico que se puede exhibir son promesas de futuro y un super\u00e1vit fiscal logrado con ajuste, entonces el balance es pobre y el horizonte incierto.<\/p>\n\n\n\n<p>El extenso posteo de Sturzenegger refleja un oficialismo que se aferra a un relato triunfalista mientras el pa\u00eds atraviesa una de las peores crisis de las \u00faltimas d\u00e9cadas. Hablar de \u201clogros incre\u00edbles\u201d mientras la pobreza supera niveles hist\u00f3ricos, la inflaci\u00f3n lic\u00faa ingresos y la incertidumbre domina la vida cotidiana, no es solo un desfasaje comunicacional: es un insulto a la realidad que viven millones de argentinos.<\/p>\n\n\n\n<p>La insistencia en presentar la pol\u00edtica econ\u00f3mica como un camino de \u00e9xito contrasta con la experiencia diaria de quienes no llegan a fin de mes, de los jubilados que eligen entre remedios o comida, de los estudiantes que ven a sus universidades ahogadas por la falta de presupuesto, de las familias que ajustan hasta en la leche de los chicos. En esa tensi\u00f3n entre discurso y realidad se juega la credibilidad del gobierno.<\/p>\n\n\n\n<p>Lejos de reconocer que el ajuste est\u00e1 generando un da\u00f1o social profundo, Sturzenegger eligi\u00f3 la comodidad del relato optimista. Un relato que, sin embargo, se resquebraja cada d\u00eda frente a la dureza de los hechos. La Argentina de Milei y Sturzenegger no es la del \u201cboom energ\u00e9tico\u201d ni la de la \u201cindustria competitiva\u201d: es la de los comedores populares desbordados, la del consumo en ca\u00edda libre y la de una sociedad que observa c\u00f3mo el futuro prometido se convierte en un horizonte cada vez m\u00e1s incierto.<\/p>\n\n\n\n<h3 class=\"wp-block-heading\">Fuente:<\/h3>\n\n\n\n<p>.<a href=\"https:\/\/noticiasargentinas.com\/politica\/sturzenegger-resalto--logros--del-gobierno--en-plena-crisis-cambiaria-y-politica_a68cdccd336e29ea40143c455\">https:\/\/noticiasargentinas.com\/politica\/sturzenegger-resalto&#8211;logros&#8211;del-gobierno&#8211;en-plena-crisis-cambiaria-y-politica_a68cdccd336e29ea40143c455<\/a><\/p>\n\n\n\n<p><\/p>\n","protected":false},"excerpt":{"rendered":"<p>Lejos de la autocr\u00edtica real, Federico Sturzenegger eligi\u00f3 reforzar el relato oficial y destacar el super\u00e1vit fiscal, la estabilidad macroecon\u00f3mica y un supuesto \u201cboom energ\u00e9tico\u201d. Sin embargo, sus declaraciones contrastan con la recesi\u00f3n, la inflaci\u00f3n persistente y la pobreza que golpea cada vez m\u00e1s a los argentinos. El viernes 19 de septiembre, en medio de&#8230;<\/p>\n","protected":false},"author":12,"featured_media":8943,"comment_status":"open","ping_status":"open","sticky":false,"template":"","format":"standard","meta":{"_monsterinsights_skip_tracking":false,"_monsterinsights_sitenote_active":false,"_monsterinsights_sitenote_note":"","_monsterinsights_sitenote_category":0,"footnotes":"","jetpack_publicize_message":"","jetpack_publicize_feature_enabled":true,"jetpack_social_post_already_shared":true,"jetpack_social_options":{"image_generator_settings":{"template":"highway","default_image_id":0,"font":"","enabled":false},"version":2}},"categories":[2],"tags":[58,49,282,813,227,45,1341,475,253],"class_list":["post-8942","post","type-post","status-publish","format-standard","has-post-thumbnail","hentry","category-politica","tag-ajuste","tag-deficit","tag-dolar","tag-energia","tag-inflacion","tag-milei","tag-mineria","tag-pobreza","tag-sturzenegger"],"jetpack_publicize_connections":[],"_links":{"self":[{"href":"https:\/\/www.enorsai.com\/noticias\/wp-json\/wp\/v2\/posts\/8942","targetHints":{"allow":["GET"]}}],"collection":[{"href":"https:\/\/www.enorsai.com\/noticias\/wp-json\/wp\/v2\/posts"}],"about":[{"href":"https:\/\/www.enorsai.com\/noticias\/wp-json\/wp\/v2\/types\/post"}],"author":[{"embeddable":true,"href":"https:\/\/www.enorsai.com\/noticias\/wp-json\/wp\/v2\/users\/12"}],"replies":[{"embeddable":true,"href":"https:\/\/www.enorsai.com\/noticias\/wp-json\/wp\/v2\/comments?post=8942"}],"version-history":[{"count":1,"href":"https:\/\/www.enorsai.com\/noticias\/wp-json\/wp\/v2\/posts\/8942\/revisions"}],"predecessor-version":[{"id":8944,"href":"https:\/\/www.enorsai.com\/noticias\/wp-json\/wp\/v2\/posts\/8942\/revisions\/8944"}],"wp:featuredmedia":[{"embeddable":true,"href":"https:\/\/www.enorsai.com\/noticias\/wp-json\/wp\/v2\/media\/8943"}],"wp:attachment":[{"href":"https:\/\/www.enorsai.com\/noticias\/wp-json\/wp\/v2\/media?parent=8942"}],"wp:term":[{"taxonomy":"category","embeddable":true,"href":"https:\/\/www.enorsai.com\/noticias\/wp-json\/wp\/v2\/categories?post=8942"},{"taxonomy":"post_tag","embeddable":true,"href":"https:\/\/www.enorsai.com\/noticias\/wp-json\/wp\/v2\/tags?post=8942"}],"curies":[{"name":"wp","href":"https:\/\/api.w.org\/{rel}","templated":true}]}}