{"id":8937,"date":"2025-09-20T08:25:45","date_gmt":"2025-09-20T11:25:45","guid":{"rendered":"https:\/\/www.enorsai.com\/noticias\/?p=8937"},"modified":"2025-09-20T08:26:22","modified_gmt":"2025-09-20T11:26:22","slug":"milei-le-solto-la-mano-al-gordo-dan-y-no-se-hace-cargo-del-ataque-contra-luis-juez-y-su-hija","status":"publish","type":"post","link":"https:\/\/www.enorsai.com\/noticias\/politica\/milei-le-solto-la-mano-al-gordo-dan-y-no-se-hace-cargo-del-ataque-contra-luis-juez-y-su-hija\/","title":{"rendered":"Milei \u00able solt\u00f3 la mano\u00bb al Gordo Dan y no se hace cargo del ataque contra Luis Juez y su hija"},"content":{"rendered":"\n<p>El Presidente eligi\u00f3 minimizar los agravios contra Luis Juez y su hija, deslig\u00e1ndose del militante libertario Daniel \u201cGordo Dan\u201d Parisini y reduciendo su figura a \u201cuno m\u00e1s de 12 millones de seguidores\u201d. En plena crisis pol\u00edtica y tras la derrota en Buenos Aires, Javier Milei se desmarc\u00f3 de un esc\u00e1ndalo que golpea a su gobierno. Su negativa a condenar el ataque revela la naturalizaci\u00f3n del odio en su militancia digital y la fragilidad de su conducci\u00f3n.<\/p>\n\n\n\n<p>Javier Milei volvi\u00f3 a mostrarse incapaz de asumir responsabilidades pol\u00edticas frente a un hecho que lo involucra de lleno. Tras el repudiable ataque del militante libertario Daniel \u201cGordo Dan\u201d Parisini contra el senador Luis Juez y su hija con discapacidad, el Presidente eligi\u00f3 despegarse con una frase que expone su estrategia de evasi\u00f3n: \u201cNo me tengo que hacer cargo de lo que dicen mis seguidores\u201d.<\/p>\n\n\n\n<p>La declaraci\u00f3n fue realizada durante una entrevista con <em>La Voz en Vivo<\/em>, en medio de su visita a la Bolsa de Comercio de C\u00f3rdoba. All\u00ed, el mandatario intent\u00f3 minimizar la pol\u00e9mica, relativizando la figura del influencer y reduci\u00e9ndolo a un an\u00f3nimo dentro de sus \u201c12 millones de seguidores\u201d. El mensaje fue claro: Milei no est\u00e1 dispuesto a pagar el costo pol\u00edtico de disciplinar a una militancia que opera con discursos de odio en su nombre.<\/p>\n\n\n\n<p>El trasfondo del esc\u00e1ndalo es contundente. Parisini, un activo propagandista libertario en redes sociales, atac\u00f3 con sa\u00f1a al senador Juez luego de que \u00e9ste acompa\u00f1ara la ley de emergencia en el sector. Pero lo m\u00e1s grave fue que dirigi\u00f3 sus burlas contra su hija con discapacidad, un l\u00edmite moral que gener\u00f3 repudio transversal y que termin\u00f3 por instalar un enorme costo pol\u00edtico al oficialismo, justo en la previa de la derrota electoral bonaerense.<\/p>\n\n\n\n<p>Consultado sobre el tema, Milei intent\u00f3 maquillar el silencio con un gesto ambiguo: \u201cCon Juez tengo una gran relaci\u00f3n, \u00e9l sabe de mi compromiso con la discapacidad\u201d. La frase, lejos de reparar el da\u00f1o, reforz\u00f3 la imagen de un Presidente que no se atreve a condenar de manera firme los ataques de su propio espacio. Su defensa se complet\u00f3 con un razonamiento tan liviano como peligroso: \u201c\u00bfCree que me tengo que hacer cargo de lo que dicen 12 millones de seguidores? Es rid\u00edculo\u201d.<\/p>\n\n\n\n<p>El episodio desnuda la contradicci\u00f3n del liderazgo libertario. Por un lado, Milei necesita contener a su militancia m\u00e1s radicalizada, que en buena medida sostiene su campa\u00f1a permanente a trav\u00e9s de las redes sociales. Por el otro, cuando esos mismos referentes cruzan l\u00edmites inaceptables, el Presidente opta por desentenderse, como si su palabra no tuviera peso en la conducta de quienes act\u00faan bajo sus banderas.<\/p>\n\n\n\n<p>La decisi\u00f3n de \u201csoltarle la mano\u201d al Gordo Dan no se traduce en un acto de autoridad, sino en un intento desesperado por salvar su propia imagen en un contexto adverso. La ausencia de una condena categ\u00f3rica abre un vac\u00edo que habilita la continuidad de pr\u00e1cticas violentas y degradantes en la arena pol\u00edtica. Hoy fue Parisini, ma\u00f1ana puede ser cualquier otro militante que, protegido por el anonimato de las redes, extienda la frontera del odio un paso m\u00e1s.<\/p>\n\n\n\n<p>Milei no solo expone su debilidad como conductor de un espacio que se le escapa de las manos. Tambi\u00e9n muestra que su gobierno est\u00e1 dispuesto a tolerar e incluso naturalizar el hostigamiento y la violencia simb\u00f3lica como parte de su din\u00e1mica pol\u00edtica. Y en esa elecci\u00f3n peligrosa, lo que queda en evidencia no es solo la falta de l\u00edmites de un sector, sino la irresponsabilidad de un Presidente que prefiere la evasi\u00f3n antes que el compromiso \u00e9tico.<\/p>\n","protected":false},"excerpt":{"rendered":"<p>El Presidente eligi\u00f3 minimizar los agravios contra Luis Juez y su hija, deslig\u00e1ndose del militante libertario Daniel \u201cGordo Dan\u201d Parisini y reduciendo su figura a \u201cuno m\u00e1s de 12 millones de seguidores\u201d. En plena crisis pol\u00edtica y tras la derrota en Buenos Aires, Javier Milei se desmarc\u00f3 de un esc\u00e1ndalo que golpea a su gobierno&#8230;.<\/p>\n","protected":false},"author":9,"featured_media":8938,"comment_status":"open","ping_status":"open","sticky":false,"template":"","format":"standard","meta":{"_monsterinsights_skip_tracking":false,"_monsterinsights_sitenote_active":false,"_monsterinsights_sitenote_note":"","_monsterinsights_sitenote_category":0,"footnotes":"","jetpack_publicize_message":"","jetpack_publicize_feature_enabled":true,"jetpack_social_post_already_shared":true,"jetpack_social_options":{"image_generator_settings":{"template":"highway","default_image_id":0,"font":"","enabled":false},"version":2}},"categories":[2],"tags":[3654,204,900,190,630,3653,605,45,1044,2068],"class_list":["post-8937","post","type-post","status-publish","format-standard","has-post-thumbnail","hentry","category-politica","tag-agresiones","tag-cordoba","tag-discapacidad","tag-elecciones","tag-escandalo","tag-juez","tag-libertarios","tag-milei","tag-oficialismo","tag-parisini"],"jetpack_publicize_connections":[],"_links":{"self":[{"href":"https:\/\/www.enorsai.com\/noticias\/wp-json\/wp\/v2\/posts\/8937","targetHints":{"allow":["GET"]}}],"collection":[{"href":"https:\/\/www.enorsai.com\/noticias\/wp-json\/wp\/v2\/posts"}],"about":[{"href":"https:\/\/www.enorsai.com\/noticias\/wp-json\/wp\/v2\/types\/post"}],"author":[{"embeddable":true,"href":"https:\/\/www.enorsai.com\/noticias\/wp-json\/wp\/v2\/users\/9"}],"replies":[{"embeddable":true,"href":"https:\/\/www.enorsai.com\/noticias\/wp-json\/wp\/v2\/comments?post=8937"}],"version-history":[{"count":1,"href":"https:\/\/www.enorsai.com\/noticias\/wp-json\/wp\/v2\/posts\/8937\/revisions"}],"predecessor-version":[{"id":8939,"href":"https:\/\/www.enorsai.com\/noticias\/wp-json\/wp\/v2\/posts\/8937\/revisions\/8939"}],"wp:featuredmedia":[{"embeddable":true,"href":"https:\/\/www.enorsai.com\/noticias\/wp-json\/wp\/v2\/media\/8938"}],"wp:attachment":[{"href":"https:\/\/www.enorsai.com\/noticias\/wp-json\/wp\/v2\/media?parent=8937"}],"wp:term":[{"taxonomy":"category","embeddable":true,"href":"https:\/\/www.enorsai.com\/noticias\/wp-json\/wp\/v2\/categories?post=8937"},{"taxonomy":"post_tag","embeddable":true,"href":"https:\/\/www.enorsai.com\/noticias\/wp-json\/wp\/v2\/tags?post=8937"}],"curies":[{"name":"wp","href":"https:\/\/api.w.org\/{rel}","templated":true}]}}