{"id":8933,"date":"2025-09-19T20:12:02","date_gmt":"2025-09-19T23:12:02","guid":{"rendered":"https:\/\/www.enorsai.com\/noticias\/?p=8933"},"modified":"2025-09-19T20:12:07","modified_gmt":"2025-09-19T23:12:07","slug":"crisis-cambiaria-y-financiera-roberto-feletti-advierte-sobre-el-desgobierno-y-el-riesgo-de-default","status":"publish","type":"post","link":"https:\/\/www.enorsai.com\/noticias\/politica\/crisis-cambiaria-y-financiera-roberto-feletti-advierte-sobre-el-desgobierno-y-el-riesgo-de-default\/","title":{"rendered":"Crisis cambiaria y financiera: Roberto Feletti advierte sobre el \u201cdesgobierno\u201d y el riesgo de default"},"content":{"rendered":"\n<p>El economista y ex Secretario de Comercio, Roberto Feletti, analiz\u00f3 en Radio 10 la corrida cambiaria, el fracaso del plan de Milei y el peligroso retorno de la bicicleta financiera, apuntando al vaciamiento de reservas y la falta de un rumbo real para la econom\u00eda argentina.<\/p>\n\n\n\n<h2 class=\"wp-block-heading\">La corrida: se\u00f1ales de un modelo agotado<\/h2>\n\n\n\n<p>Feletti advirti\u00f3 que Argentina atraviesa una nueva corrida cambiaria, con el d\u00f3lar superando los 1.500 pesos y las reservas del Banco Central en m\u00ednimos hist\u00f3ricos. <strong>El M3 privado dolarizable supera ampliamente el respaldo en reservas<\/strong>, lo que expone la vulnerabilidad extrema del sistema financiero.<br>Desde su perspectiva, la pol\u00edtica del gobierno repite errores hist\u00f3ricos: valorizaci\u00f3n financiera, tasas altas para retener pesos en bonos y ausencia de acumulaci\u00f3n de d\u00f3lares genuinos. \u201cEstamos ante la cr\u00f3nica de una muerte anunciada\u201d, afirm\u00f3 el economista, trazando paralelos con la salida de la convertibilidad y la gesti\u00f3n de Mauricio Macri.<\/p>\n\n\n\n<h2 class=\"wp-block-heading\">El ciclo de la renta financiera y el rol del FMI<\/h2>\n\n\n\n<p>Seg\u00fan Feletti, \u201cel gobierno se fum\u00f3 el ajuste, el blanqueo y los d\u00f3lares del FMI, pero nunca acumul\u00f3 reservas\u201d. <strong>La renta financiera<\/strong> es el principal motor de fuga: quien invirti\u00f3 en bonos ajustados al tipo de cambio a principios de a\u00f1o gan\u00f3 hasta un 50% en d\u00f3lares.<br>La ayuda norteamericana y los desembolsos del FMI no lograron ning\u00fan efecto estabilizador. Feletti se\u00f1ala que el Tesoro de EE.UU. deber\u00eda pasar por el Congreso para asistir financieramente a Argentina, y que hist\u00f3ricamente la asistencia externa no resolvi\u00f3 las causas de fondo del desequilibrio nacional.<\/p>\n\n\n\n<h2 class=\"wp-block-heading\">Tasa alta, recesi\u00f3n y punto de ruptura<\/h2>\n\n\n\n<p>El plan oficial de \u201csecar la plaza de pesos\u201d fracas\u00f3: \u201cSe derrumb\u00f3 el consumo, se devast\u00f3 la econom\u00eda real y ni as\u00ed frenaron la corrida\u201d, argument\u00f3 Feletti. El exceso de deuda en pesos, la fuga hacia el d\u00f3lar y las sucesivas devaluaciones llevan al pa\u00eds a un \u201cpunto de ruptura\u201d donde ni la tasa de inter\u00e9s puede contener la demanda de d\u00f3lares.<br>El Banco Central paga rendimientos en pesos impagables, pero el stock de reservas sigue cayendo. Las tasas reales se mantienen entre el 53% y el 60%, generando m\u00e1s especulaci\u00f3n y menos actividad productiva.<\/p>\n\n\n\n<h2 class=\"wp-block-heading\">Ausencia de rumbo y comparaci\u00f3n hist\u00f3rica<\/h2>\n\n\n\n<p>Feletti describi\u00f3 al gobierno como \u201cun boxeador vencido y acorralado\u201d: \u201cEste es un no-gobierno, repite recetas viejas y niega la gravedad de la crisis\u201d. Compar\u00f3 la actualidad con la salida de la convertibilidad y con el final de la gesti\u00f3n Macri, cuando ni los desembolsos del FMI pudieron contener la crisis cambiaria y financiera.<br>En ese contexto, reivindic\u00f3 la necesidad de que el presidente reconozca la realidad y ofrezca un plan serio de salida, en vez de \u201chablar de una Argentina fant\u00e1stica y negar la crisis\u201d. Emplaz\u00f3 a la dirigencia a dejar de mirar para otro lado e investigar el uso de los fondos del FMI y el endeudamiento r\u00e9cord.<\/p>\n\n\n\n<h2 class=\"wp-block-heading\">Proyecciones: \u00bfdefault o cambio de rumbo?<\/h2>\n\n\n\n<p>Feletti plante\u00f3 que despu\u00e9s de las elecciones es \u201cinsostenible\u201d la bicicleta financiera. \u201cVa a haber correcci\u00f3n cambiaria. El modelo s\u00f3lo funciona hasta que se acaben los d\u00f3lares; despu\u00e9s, hay riesgo de salida desordenada y hasta de default\u201d, sentenci\u00f3.<br>Inst\u00f3 a cambiar el rumbo: \u201cEs el pa\u00eds m\u00e1s endeudado con el FMI y no puede estabilizar su econom\u00eda. Alguien deber\u00eda preguntarse qu\u00e9 pas\u00f3 con todos esos d\u00f3lares y qui\u00e9n responde por el da\u00f1o social y financiero causado\u201d.<\/p>\n\n\n\n<h2 class=\"wp-block-heading\">Reflexi\u00f3n final<\/h2>\n\n\n\n<p>\u00abEl presidente gobierna para la bicicleta financiera y para el mercado, pero la sociedad queda a la deriva. Es urgente reconstruir reservas, producci\u00f3n y certezas. Dejanos tu comentario debajo o escribinos a <a href=\"mailto:enorsaionline@gmail.com\">enorsaionline@gmail.com<\/a>.\u00bb<\/p>\n\n\n\n<h2 class=\"wp-block-heading\">Preguntas frecuentes<\/h2>\n\n\n\n<h3 class=\"wp-block-heading\">\u00bfPor qu\u00e9 sube el d\u00f3lar y hay corrida cambiaria en Argentina?<\/h3>\n\n\n\n<p>Por falta de reservas genuinas, desconfianza en el plan econ\u00f3mico y fuga de fondos hacia el d\u00f3lar por ganancias financieras y devaluaciones previas.<\/p>\n\n\n\n<h3 class=\"wp-block-heading\">\u00bfQu\u00e9 es la valorizaci\u00f3n financiera y c\u00f3mo afecta la econom\u00eda?<\/h3>\n\n\n\n<p>Es un ciclo donde el Estado paga tasas altas para retener pesos en activos financieros. Genera ganancias especulativas, fuga de capitales y falta de inversi\u00f3n en la econom\u00eda real.<\/p>\n\n\n\n<h3 class=\"wp-block-heading\">\u00bfEl gobierno puede frenar la corrida cambiaria?<\/h3>\n\n\n\n<p>Seg\u00fan Feletti, faltan reservas y credibilidad para hacerlo. Aunque existen instrumentos legales, la crisis es resultado estructural de la falta de d\u00f3lares y un modelo agotado.<\/p>\n\n\n\n<h3 class=\"wp-block-heading\">\u00bfQu\u00e9 hizo el gobierno con los d\u00f3lares del FMI y blanqueo?<\/h3>\n\n\n\n<p>Fueron usados para contener el tipo de cambio y financiar renta financiera, pero no se acumul\u00f3 un colch\u00f3n de reservas. La deuda y la fragilidad financiera aumentaron. <a href=\"https:\/\/www.radio10.com.ar\/roberto-feletti-es-muy-grave-la-politica-economica-que-llevan-adelante-n6168771\" target=\"_blank\" rel=\"noreferrer noopener\">Ver an\u00e1lisis en Radio 10<\/a>.<\/p>\n\n\n\n<h3 class=\"wp-block-heading\">\u00bfCu\u00e1l es el peligro hacia adelante si no cambia el rumbo?<\/h3>\n\n\n\n<p>Riesgo de default, crisis social y salida desordenada si no se recupera un programa econ\u00f3mico consistente y respaldo de reservas.<\/p>\n","protected":false},"excerpt":{"rendered":"<p>Feletti advierte sobre el riesgo de default, la corrida cambiaria y el desgobierno econ\u00f3mico. C\u00f3mo la bicicleta financiera y la fuga de reservas golpean a la Argentina. Opin\u00e1.<\/p>\n","protected":false},"author":13,"featured_media":8934,"comment_status":"open","ping_status":"open","sticky":false,"template":"","format":"standard","meta":{"_monsterinsights_skip_tracking":false,"_monsterinsights_sitenote_active":false,"_monsterinsights_sitenote_note":"","_monsterinsights_sitenote_category":0,"footnotes":"","jetpack_publicize_message":"","jetpack_publicize_feature_enabled":true,"jetpack_social_post_already_shared":true,"jetpack_social_options":{"image_generator_settings":{"template":"highway","default_image_id":0,"font":"","enabled":false},"version":2}},"categories":[3,2],"tags":[93,3651,3303,44,282,225,45,3652,66,3650],"class_list":["post-8933","post","type-post","status-publish","format-standard","has-post-thumbnail","hentry","category-economia","category-politica","tag-argentina","tag-corrida-financiera","tag-crisis-cambiaria","tag-default","tag-dolar","tag-economia-argentina","tag-milei","tag-renta-financiera","tag-reservas","tag-roberto-feletti"],"jetpack_publicize_connections":[],"_links":{"self":[{"href":"https:\/\/www.enorsai.com\/noticias\/wp-json\/wp\/v2\/posts\/8933","targetHints":{"allow":["GET"]}}],"collection":[{"href":"https:\/\/www.enorsai.com\/noticias\/wp-json\/wp\/v2\/posts"}],"about":[{"href":"https:\/\/www.enorsai.com\/noticias\/wp-json\/wp\/v2\/types\/post"}],"author":[{"embeddable":true,"href":"https:\/\/www.enorsai.com\/noticias\/wp-json\/wp\/v2\/users\/13"}],"replies":[{"embeddable":true,"href":"https:\/\/www.enorsai.com\/noticias\/wp-json\/wp\/v2\/comments?post=8933"}],"version-history":[{"count":1,"href":"https:\/\/www.enorsai.com\/noticias\/wp-json\/wp\/v2\/posts\/8933\/revisions"}],"predecessor-version":[{"id":8935,"href":"https:\/\/www.enorsai.com\/noticias\/wp-json\/wp\/v2\/posts\/8933\/revisions\/8935"}],"wp:featuredmedia":[{"embeddable":true,"href":"https:\/\/www.enorsai.com\/noticias\/wp-json\/wp\/v2\/media\/8934"}],"wp:attachment":[{"href":"https:\/\/www.enorsai.com\/noticias\/wp-json\/wp\/v2\/media?parent=8933"}],"wp:term":[{"taxonomy":"category","embeddable":true,"href":"https:\/\/www.enorsai.com\/noticias\/wp-json\/wp\/v2\/categories?post=8933"},{"taxonomy":"post_tag","embeddable":true,"href":"https:\/\/www.enorsai.com\/noticias\/wp-json\/wp\/v2\/tags?post=8933"}],"curies":[{"name":"wp","href":"https:\/\/api.w.org\/{rel}","templated":true}]}}