{"id":8930,"date":"2025-09-19T11:53:22","date_gmt":"2025-09-19T14:53:22","guid":{"rendered":"https:\/\/www.enorsai.com\/noticias\/?p=8930"},"modified":"2025-09-19T11:53:26","modified_gmt":"2025-09-19T14:53:26","slug":"privatizacion-de-nucleoelectrica-riesgo-de-desmantelamiento-y-perdida-de-soberania","status":"publish","type":"post","link":"https:\/\/www.enorsai.com\/noticias\/politica\/privatizacion-de-nucleoelectrica-riesgo-de-desmantelamiento-y-perdida-de-soberania\/","title":{"rendered":"Privatizaci\u00f3n de Nucleoel\u00e9ctrica: riesgo de desmantelamiento y p\u00e9rdida de soberan\u00eda"},"content":{"rendered":"\n<p>El Gobierno avanz\u00f3 en la privatizaci\u00f3n parcial de Nucleoel\u00e9ctrica Argentina S.A., operadora de las tres centrales nucleares del pa\u00eds. Nicol\u00e1s Malinovsky advierte sobre consecuencias para la soberan\u00eda, el desarrollo tecnol\u00f3gico y el empleo especializado.<\/p>\n\n\n\n<h2 class=\"wp-block-heading\">El avance privatizador en el sector nuclear<\/h2>\n\n\n\n<p>El Ejecutivo decret\u00f3 la venta del <strong>44% de las acciones de Nucleoel\u00e9ctrica Argentina S.A.<\/strong>, empresa estatal que opera <strong>Atucha I, Atucha II y Embalse<\/strong> y que genera el <strong>7% de la energ\u00eda el\u00e9ctrica nacional<\/strong>.<br>El Estado mantendr\u00e1 el <strong>51%<\/strong> y habilitar\u00e1 un <strong>Programa de Propiedad Participada<\/strong> (5%) para trabajadores. Este proceso, impulsado por la <strong>Ley de Bases<\/strong> y requisitos del FMI, busca atraer capital privado, pero enfrenta fuerte rechazo sindical y t\u00e9cnico por el impacto estrat\u00e9gico.<br><a href=\"https:\/\/www.rionegro.com.ar\/energia\/el-gobierno-confirmo-como-sera-la-privatizacion-de-la-empresa-que-controla-las-centrales-nucleares-de-argentina-4300820\/\" target=\"_blank\" rel=\"noreferrer noopener\">[Fuente: R\u00edo Negro]<\/a><\/p>\n\n\n\n<h2 class=\"wp-block-heading\">Malinovsky: entre la historia y el modelo de desarrollo<\/h2>\n\n\n\n<p>En <strong>AM 530<\/strong>, Nicol\u00e1s Malinovsky advirti\u00f3 que el sector nuclear argentino surgi\u00f3 como pol\u00edtica de Estado durante el peronismo, con la creaci\u00f3n de la <strong>Comisi\u00f3n Nacional de Energ\u00eda At\u00f3mica<\/strong> en los a\u00f1os 50.<br>Destac\u00f3 la diferencia con Europa, que redujo su apuesta nuclear, mientras Argentina mantuvo sus capacidades cient\u00edficas y tecnol\u00f3gicas. La privatizaci\u00f3n actual detiene proyectos estrat\u00e9gicos (como el reactor CAREM) y podr\u00eda derivar en un vaciamiento de capacidades nacionales. <\/p>\n\n\n\n<p>La venta de IMPSA <a href=\"https:\/\/www.enorsai.com.ar\/politica\/42141-el-desmantelamiento-del-sistema-nuclear-argentino-bajo-el-gobierno-de-milei.html\">El desmantelamiento del sistema nuclear argentino bajo el gobierno de Milei<\/a><\/p>\n\n\n\n<h2 class=\"wp-block-heading\">Geopol\u00edtica, FMI y lobby internacional<\/h2>\n\n\n\n<p>La privatizaci\u00f3n fue exigida por el <strong>Fondo Monetario Internacional<\/strong> como parte de las reformas estructurales; hay inter\u00e9s expl\u00edcito de empresas estadounidenses. El presidente de Nucleoel\u00e9ctrica, <strong>Demian Reidel<\/strong>, posee estrechos v\u00ednculos con JP Morgan y Goldman Sachs, lo que refuerza sospechas sobre el destino del know-how nacional.<br>El alejamiento de acuerdos con China debilita la posici\u00f3n argentina ante la competencia global en tecnolog\u00eda nuclear.<br><a href=\"https:\/\/www.infobae.com\/economia\/2025\/09\/15\/el-gobierno-definio-como-sera-la-privatizacion-de-la-empresa-que-opera-los-reactores-nucleares\/\" target=\"_blank\" rel=\"noreferrer noopener\">[Fuente: Infobae]<\/a><\/p>\n\n\n\n<h2 class=\"wp-block-heading\">Impacto en soberan\u00eda, empleo y ciencia<\/h2>\n\n\n\n<p>Malinovsky relaciona el proceso con el antecedente de privatizaciones como YPF, que generaron d\u00e9ficit energ\u00e9tico y p\u00e9rdida de soberan\u00eda. Advierte que la gesti\u00f3n privada busca maximizar beneficios, afectando inversi\u00f3n en ciencia, empleo calificado y autonom\u00eda estrat\u00e9gica.<br>La paralizaci\u00f3n de proyectos como el reactor modular CAREM y la reducci\u00f3n del presupuesto a la CNEA configuran un grave riesgo de \u00e9xodo cient\u00edfico y vaciamiento estructural.<\/p>\n\n\n\n<h2 class=\"wp-block-heading\">Reacci\u00f3n pol\u00edtica y social<\/h2>\n\n\n\n<p>Senadores y diputados como <strong>Silvina Garc\u00eda Larraburu<\/strong> y <strong>Agustina Propato<\/strong> presentaron proyectos para frenar la privatizaci\u00f3n y declarar la \u201cemergencia nuclear nacional\u201d. Gremios como <strong>Luz y Fuerza<\/strong> y <strong>CNTI<\/strong> denuncian destrucci\u00f3n de soberan\u00eda y transferencia de ganancias al extranjero.<br><a href=\"https:\/\/www.rionegro.com.ar\/politica\/una-senadora-de-rio-negro-presento-un-proyecto-de-ley-para-frenar-la-privatizacion-de-nasa-4305442\/\" target=\"_blank\" rel=\"noreferrer noopener\">[Proyecto de ley anti-privatizaci\u00f3n]<\/a><\/p>\n\n\n\n<h2 class=\"wp-block-heading\">Tabla: Reparto Accionario y Producci\u00f3n<\/h2>\n\n\n\n<figure class=\"wp-block-table\"><table class=\"has-fixed-layout\"><thead><tr><th>Actor<\/th><th>% Acciones<\/th><th>Rol<\/th><\/tr><\/thead><tbody><tr><td>Estado Nacional<\/td><td>51<\/td><td>Control mayoritario y veto estrat\u00e9gico<\/td><\/tr><tr><td>Privado<\/td><td>44<\/td><td>Capital, gesti\u00f3n operativa y resultados<\/td><\/tr><tr><td>Trabajadores<\/td><td>5<\/td><td>Participaci\u00f3n v\u00eda PPP<\/td><\/tr><tr><td>Nucleoel\u00e9ctrica<\/td><td>7%<\/td><td>Del total de energ\u00eda nacional<\/td><\/tr><\/tbody><\/table><\/figure>\n\n\n\n<h2 class=\"wp-block-heading\">Reflexi\u00f3n final<\/h2>\n\n\n\n<p>La privatizaci\u00f3n de Nucleoel\u00e9ctrica pone en riesgo estrat\u00e9gico el futuro energ\u00e9tico del pa\u00eds, la soberan\u00eda y el talento cient\u00edfico acumulado en d\u00e9cadas. Recuperar lo perdido ser\u00e1 una tarea monumental y costosa.<br>Dejanos tu comentario debajo o escribinos a <a href=\"mailto:enorsaionline@gmail.com\">enorsaionline@gmail.com<\/a>.<\/p>\n\n\n\n<h2 class=\"wp-block-heading\">Preguntas frecuentes<\/h2>\n\n\n\n<h3 class=\"wp-block-heading\">\u00bfQu\u00e9 es Nucleoel\u00e9ctrica Argentina S.A.?<\/h3>\n\n\n\n<p>Es la empresa estatal que opera las centrales Atucha I, Atucha II y Embalse, responsables del 7% de la energ\u00eda el\u00e9ctrica nacional. <a href=\"https:\/\/www.rionegro.com.ar\/energia\/el-gobierno-confirmo-como-sera-la-privatizacion-de-la-empresa-que-controla-las-centrales-nucleares-de-argentina-4300820\/\">M\u00e1s info<\/a>.<\/p>\n\n\n\n<h3 class=\"wp-block-heading\">\u00bfC\u00f3mo ser\u00e1 la privatizaci\u00f3n de Nucleoel\u00e9ctrica?<\/h3>\n\n\n\n<p>Se vender\u00e1 el 44% de las acciones al sector privado, el Estado mantendr\u00e1 el 51% y trabajadores acceder\u00e1n al 5% por PPP. <a href=\"https:\/\/www.infobae.com\/economia\/2025\/09\/15\/el-gobierno-definio-como-sera-la-privatizacion-de-la-empresa-que-opera-los-reactores-nucleares\/\">Fuente<\/a>.<\/p>\n\n\n\n<h3 class=\"wp-block-heading\">\u00bfQu\u00e9 impacto tiene la privatizaci\u00f3n en la soberan\u00eda energ\u00e9tica argentina?<\/h3>\n\n\n\n<p>El riesgo principal es la p\u00e9rdida de control sobre un sector estrat\u00e9gico, dependencia de intereses extranjeros y vaciamiento de capacidades cient\u00edficas en el pa\u00eds.<\/p>\n\n\n\n<h3 class=\"wp-block-heading\">\u00bfQu\u00e9 proyectos nucleares est\u00e1n afectados por la privatizaci\u00f3n?<\/h3>\n\n\n\n<p>La paralizaci\u00f3n incluye el reactor modular CAREM, la extensi\u00f3n de Atucha I y proyectos de uranio e infraestructura nuclear financiados con capital p\u00fablico. <a href=\"https:\/\/www.nodal.am\/2025\/09\/la-privatizacion-del-atomo-que-pasara-con-la-energia-nuclear-y-el-uranio-por-nicolas-malinovsky\/\">Fuente<\/a>.<\/p>\n\n\n\n<h3 class=\"wp-block-heading\">\u00bfHay iniciativas para frenar la privatizaci\u00f3n?<\/h3>\n\n\n\n<p>S\u00ed, senadores y gremios presentaron proyectos para declarar el sector \u201cestrat\u00e9gico inalienable\u201d y frenar la privatizaci\u00f3n en el Congreso <a href=\"https:\/\/www.rionegro.com.ar\/politica\/una-senadora-de-rio-negro-presento-un-proyecto-de-ley-para-frenar-la-privatizacion-de-nasa-4305442\/\">Ver proyecto<\/a>.<\/p>\n","protected":false},"excerpt":{"rendered":"<p>El Gobierno privatiz\u00f3 parte de Nucleoel\u00e9ctrica, poniendo en riesgo la soberan\u00eda energ\u00e9tica y empleo cient\u00edfico. Analiza Malinovsky en AM530. Opin\u00e1 y particip\u00e1.<\/p>\n","protected":false},"author":5,"featured_media":8931,"comment_status":"open","ping_status":"open","sticky":false,"template":"","format":"standard","meta":{"_monsterinsights_skip_tracking":false,"_monsterinsights_sitenote_active":false,"_monsterinsights_sitenote_note":"","_monsterinsights_sitenote_category":0,"footnotes":"","jetpack_publicize_message":"\u00bfPor qu\u00e9 la privatizaci\u00f3n de Nucleoel\u00e9ctrica argentina genera pol\u00e9micas, riesgos y resistencia social? Lo explica Nicol\u00e1s Malinovsky.\n\n","jetpack_publicize_feature_enabled":true,"jetpack_social_post_already_shared":false,"jetpack_social_options":{"image_generator_settings":{"template":"highway","default_image_id":0,"font":"","enabled":false},"version":2}},"categories":[3,2],"tags":[58,1615,3647,90,3645,3648,3646,3649,2974],"class_list":["post-8930","post","type-post","status-publish","format-standard","has-post-thumbnail","hentry","category-economia","category-politica","tag-ajuste","tag-atucha","tag-embalse","tag-fmi","tag-malinovsky","tag-nucleoelectrica","tag-privatizacion-nucleares","tag-sector-nuclear","tag-soberania-energetica"],"jetpack_publicize_connections":[],"_links":{"self":[{"href":"https:\/\/www.enorsai.com\/noticias\/wp-json\/wp\/v2\/posts\/8930","targetHints":{"allow":["GET"]}}],"collection":[{"href":"https:\/\/www.enorsai.com\/noticias\/wp-json\/wp\/v2\/posts"}],"about":[{"href":"https:\/\/www.enorsai.com\/noticias\/wp-json\/wp\/v2\/types\/post"}],"author":[{"embeddable":true,"href":"https:\/\/www.enorsai.com\/noticias\/wp-json\/wp\/v2\/users\/5"}],"replies":[{"embeddable":true,"href":"https:\/\/www.enorsai.com\/noticias\/wp-json\/wp\/v2\/comments?post=8930"}],"version-history":[{"count":1,"href":"https:\/\/www.enorsai.com\/noticias\/wp-json\/wp\/v2\/posts\/8930\/revisions"}],"predecessor-version":[{"id":8932,"href":"https:\/\/www.enorsai.com\/noticias\/wp-json\/wp\/v2\/posts\/8930\/revisions\/8932"}],"wp:featuredmedia":[{"embeddable":true,"href":"https:\/\/www.enorsai.com\/noticias\/wp-json\/wp\/v2\/media\/8931"}],"wp:attachment":[{"href":"https:\/\/www.enorsai.com\/noticias\/wp-json\/wp\/v2\/media?parent=8930"}],"wp:term":[{"taxonomy":"category","embeddable":true,"href":"https:\/\/www.enorsai.com\/noticias\/wp-json\/wp\/v2\/categories?post=8930"},{"taxonomy":"post_tag","embeddable":true,"href":"https:\/\/www.enorsai.com\/noticias\/wp-json\/wp\/v2\/tags?post=8930"}],"curies":[{"name":"wp","href":"https:\/\/api.w.org\/{rel}","templated":true}]}}