{"id":8915,"date":"2025-09-17T22:06:56","date_gmt":"2025-09-18T01:06:56","guid":{"rendered":"https:\/\/www.enorsai.com\/noticias\/?p=8915"},"modified":"2025-09-17T22:07:47","modified_gmt":"2025-09-18T01:07:47","slug":"milei-sufre-una-derrota-parlamentaria-por-sus-recortes-en-salud-y-educacion-dejando-al-descubierto-la-incapacidad-del-gobierno","status":"publish","type":"post","link":"https:\/\/www.enorsai.com\/noticias\/politica\/milei-sufre-una-derrota-parlamentaria-por-sus-recortes-en-salud-y-educacion-dejando-al-descubierto-la-incapacidad-del-gobierno\/","title":{"rendered":"Milei sufre una derrota parlamentaria por sus recortes en salud y educaci\u00f3n dejando al descubierto la incapacidad del gobierno"},"content":{"rendered":"\n<p>La C\u00e1mara de Diputados rechaz\u00f3 los vetos presidenciales a la emergencia pedi\u00e1trica y al financiamiento universitario, mientras en la Casa Rosada prim\u00f3 el hermetismo y las caras largas de los funcionarios.<\/p>\n\n\n\n<p>El oficialismo reaccion\u00f3 con silencio y estrategias de aislamiento medi\u00e1tico, mientras el gobierno enfrenta cr\u00edticas internas, incertidumbre sobre el presupuesto 2026 y la creciente presi\u00f3n de sectores golpeados por sus pol\u00edticas de ajuste.<\/p>\n\n\n\n<p>La derrota de Javier Milei en Diputados no fue solo un rev\u00e9s legislativo: fue un golpe de visibilidad que el gobierno quiso ocultar a toda costa. Desde el Sal\u00f3n Eva Per\u00f3n, el Presidente y sus ministros observaron por televisi\u00f3n c\u00f3mo se rechazaban los vetos a la emergencia pedi\u00e1trica y al financiamiento universitario, mientras personal de Casa Militar cerraba puertas y corr\u00eda por los pasillos para impedir que la prensa los interceptara. El hermetismo oficial no solo evidenci\u00f3 temor al escrutinio, sino tambi\u00e9n la fragilidad de un gobierno que pretende imponerse a golpe de decreto y redes sociales.<\/p>\n\n\n\n<p>Los ministros, con las caras largas que delataban la tensi\u00f3n, aprovecharon el operativo de \u201cseguridad\u201d para salir sin dar declaraciones, conscientes de que cada gesto era observado por una ciudadan\u00eda que ya siente los efectos del ajuste: estudiantes, docentes, m\u00e9dicos y residentes se movilizaban en las calles, denunciando la falta de inversi\u00f3n en salud y educaci\u00f3n. El rechazo parlamentario no fue casual; refleja la resistencia social a pol\u00edticas que concentran recursos y reducen derechos fundamentales, mientras el oficialismo juega a minimizar da\u00f1os con RT presidenciales y mensajes agresivos en redes.<\/p>\n\n\n\n<p>La situaci\u00f3n interna del gobierno se torn\u00f3 todav\u00eda m\u00e1s compleja. Cr\u00edticas hacia Lisandro Catal\u00e1n y los primos Menem se sumaron al desconcierto, y la posible \u201cjudicializaci\u00f3n\u201d de la aplicaci\u00f3n de las leyes parece un recurso ya gastado. En paralelo, el d\u00f3lar toc\u00f3 el techo de la banda cambiaria y el Banco Central tuvo que vender 53 millones para contenerlo, un reflejo de la fragilidad econ\u00f3mica que acompa\u00f1a a un liderazgo m\u00e1s preocupado por su imagen que por soluciones concretas.<\/p>\n\n\n\n<p>El Consejo Interuniversitario Nacional advirti\u00f3 que el presupuesto anunciado para 2026 consolida el ajuste sobre el sistema educativo: los 4,8 billones de pesos destinados a las universidades quedan lejos de los 7,3 billones necesarios para garantizar su funcionamiento. La tensi\u00f3n electoral a\u00f1ade un elemento m\u00e1s de presi\u00f3n: Milei prepara recorridas por provincias y encuentros con candidatos para demostrar que \u201clos candidatos son \u00e9l\u201d, en un intento evidente de frenar la creciente desconfianza.<\/p>\n\n\n\n<p>El episodio de este mi\u00e9rcoles deja un mensaje claro: el gobierno de La Libertad Avanza enfrenta no solo el rechazo parlamentario, sino tambi\u00e9n la cr\u00edtica social y la desconfianza interna. Los vetos rechazados, lejos de ser simples gestos simb\u00f3licos, revelan la incapacidad de Milei de equilibrar ajustes econ\u00f3micos con las necesidades b\u00e1sicas de la poblaci\u00f3n y la estabilidad del sistema educativo y sanitario. Cada paso en falso refuerza la sensaci\u00f3n de improvisaci\u00f3n y la urgencia de un liderazgo que parece m\u00e1s centrado en controlar narrativas que en resolver problemas reales.<\/p>\n\n\n\n<p>Fuente:<\/p>\n\n\n\n<p>.<a href=\"https:\/\/www.pagina12.com.ar\/858732-milei-y-sus-ministros-recibieron-la-derrota-parlamentaria-co\">https:\/\/www.pagina12.com.ar\/858732-milei-y-sus-ministros-recibieron-la-derrota-parlamentaria-co<\/a><\/p>\n","protected":false},"excerpt":{"rendered":"<p>La C\u00e1mara de Diputados rechaz\u00f3 los vetos presidenciales a la emergencia pedi\u00e1trica y al financiamiento universitario, mientras en la Casa Rosada prim\u00f3 el hermetismo y las caras largas de los funcionarios. El oficialismo reaccion\u00f3 con silencio y estrategias de aislamiento medi\u00e1tico, mientras el gobierno enfrenta cr\u00edticas internas, incertidumbre sobre el presupuesto 2026 y la creciente&#8230;<\/p>\n","protected":false},"author":9,"featured_media":8916,"comment_status":"open","ping_status":"open","sticky":false,"template":"","format":"standard","meta":{"_monsterinsights_skip_tracking":false,"_monsterinsights_sitenote_active":false,"_monsterinsights_sitenote_note":"","_monsterinsights_sitenote_category":0,"footnotes":"","jetpack_publicize_message":"","jetpack_publicize_feature_enabled":true,"jetpack_social_post_already_shared":true,"jetpack_social_options":{"image_generator_settings":{"template":"highway","default_image_id":0,"font":"","enabled":false},"version":2}},"categories":[2],"tags":[58,257,43,260,276,27,45,72,1289,249],"class_list":["post-8915","post","type-post","status-publish","format-standard","has-post-thumbnail","hentry","category-politica","tag-ajuste","tag-congreso","tag-crisis","tag-diputados","tag-educacion","tag-gobierno","tag-milei","tag-politica","tag-presupuesto","tag-salud"],"jetpack_publicize_connections":[],"_links":{"self":[{"href":"https:\/\/www.enorsai.com\/noticias\/wp-json\/wp\/v2\/posts\/8915","targetHints":{"allow":["GET"]}}],"collection":[{"href":"https:\/\/www.enorsai.com\/noticias\/wp-json\/wp\/v2\/posts"}],"about":[{"href":"https:\/\/www.enorsai.com\/noticias\/wp-json\/wp\/v2\/types\/post"}],"author":[{"embeddable":true,"href":"https:\/\/www.enorsai.com\/noticias\/wp-json\/wp\/v2\/users\/9"}],"replies":[{"embeddable":true,"href":"https:\/\/www.enorsai.com\/noticias\/wp-json\/wp\/v2\/comments?post=8915"}],"version-history":[{"count":2,"href":"https:\/\/www.enorsai.com\/noticias\/wp-json\/wp\/v2\/posts\/8915\/revisions"}],"predecessor-version":[{"id":8918,"href":"https:\/\/www.enorsai.com\/noticias\/wp-json\/wp\/v2\/posts\/8915\/revisions\/8918"}],"wp:featuredmedia":[{"embeddable":true,"href":"https:\/\/www.enorsai.com\/noticias\/wp-json\/wp\/v2\/media\/8916"}],"wp:attachment":[{"href":"https:\/\/www.enorsai.com\/noticias\/wp-json\/wp\/v2\/media?parent=8915"}],"wp:term":[{"taxonomy":"category","embeddable":true,"href":"https:\/\/www.enorsai.com\/noticias\/wp-json\/wp\/v2\/categories?post=8915"},{"taxonomy":"post_tag","embeddable":true,"href":"https:\/\/www.enorsai.com\/noticias\/wp-json\/wp\/v2\/tags?post=8915"}],"curies":[{"name":"wp","href":"https:\/\/api.w.org\/{rel}","templated":true}]}}