{"id":8912,"date":"2025-09-17T21:56:29","date_gmt":"2025-09-18T00:56:29","guid":{"rendered":"https:\/\/www.enorsai.com\/noticias\/?p=8912"},"modified":"2025-09-17T21:56:35","modified_gmt":"2025-09-18T00:56:35","slug":"escandalo-karina-milei-tendra-que-dar-la-cara-y-sera-interpelada-en-diputados-por-las-coimas-en-andis","status":"publish","type":"post","link":"https:\/\/www.enorsai.com\/noticias\/politica\/escandalo-karina-milei-tendra-que-dar-la-cara-y-sera-interpelada-en-diputados-por-las-coimas-en-andis\/","title":{"rendered":"\u00a1Esc\u00e1ndalo! Karina Milei tendr\u00e1 que dar la cara y ser\u00e1 interpelada en Diputados por las coimas en ANDIS"},"content":{"rendered":"\n<p>La iniciativa, impulsada por Uni\u00f3n por la Patria, busca que se investigue a fondo un esquema de recaudaci\u00f3n irregular denunciado por el desplazado titular de ANDIS, Diego Spagnuolo, y que apuntar\u00eda directamente a Karina Milei. La oposici\u00f3n denuncia obstrucci\u00f3n del oficialismo para frenar la transparencia.<\/p>\n\n\n\n<p>La pol\u00edtica argentina enfrenta un nuevo episodio de turbulencia: Karina Milei, secretaria general de la Presidencia, qued\u00f3 en el centro del esc\u00e1ndalo por presuntas coimas en la Agencia Nacional de Discapacidad (ANDIS). La C\u00e1mara de Diputados aprob\u00f3 este mi\u00e9rcoles el emplazamiento de las comisiones de Asuntos Constitucionales y de Acci\u00f3n Social y Salud P\u00fablica, que se reunir\u00e1n el pr\u00f3ximo martes 23 de septiembre, con el objetivo de dar curso a un conjunto de proyectos que incluyen la interpelaci\u00f3n de la hermana del presidente.<\/p>\n\n\n\n<p>El impulso lo dio el diputado Itai Hagman, de Uni\u00f3n por la Patria, quien logr\u00f3 que la moci\u00f3n se aprobara a mano alzada a pesar del rechazo del oficialismo. La urgencia del emplazamiento radica en la necesidad de que la comisi\u00f3n de Asuntos Constitucionales, controlada por Nicol\u00e1s Mayoraz y el oficialismo, d\u00e9 dictamen a iniciativas opositoras que buscan transparentar irregularidades dentro de ANDIS.<\/p>\n\n\n\n<p>Entre los proyectos en juego se encuentran pedidos de informes, interpelaciones, auditor\u00edas cuestionadas que redujeron pensiones por discapacidad y una propuesta de reestructuraci\u00f3n de la conducci\u00f3n de la agencia, planteada por Juan Marino. Todos ellos quedaron trabados por la falta de convocatoria de la comisi\u00f3n oficialista, una pr\u00e1ctica que recuerda c\u00f3mo el Gobierno busca frenar la rendici\u00f3n de cuentas y proteger a sus funcionarios.<\/p>\n\n\n\n<p>El coraz\u00f3n del esc\u00e1ndalo surge de los audios atribuibles a Diego Spagnuolo, desplazado titular de ANDIS, en los que se describe un sistema de recaudaci\u00f3n de coimas con la Droguer\u00eda Suizo Argentina como intermediaria. Seg\u00fan Spagnuolo, los laboratorios con contratos en ANDIS deb\u00edan aportar retornos que inicialmente eran del 5% y que en alg\u00fan momento ascendieron al 8%. La diferencia del 3% habr\u00eda sido destinada a Karina Milei, dejando a la secretaria general de la Presidencia seriamente comprometida ante la justicia.<\/p>\n\n\n\n<p>El juez Sebasti\u00e1n Casanello ya orden\u00f3 allanamientos y secuestros de celulares y otros dispositivos de Spagnuolo y de la familia Kovalivker, due\u00f1a de la droguer\u00eda. En uno de los domicilios, Emmanuel Kovalivker fue encontrado con 266 mil d\u00f3lares y siete millones de pesos repartidos en sobres, mientras su hermano Jonathan logr\u00f3 escapar con las cajas de seguridad vac\u00edas. Tambi\u00e9n fue intervenido Daniel Garbellini, supuesto nexo entre la droguer\u00eda y ANDIS, presuntamente colocado en el organismo por indicaci\u00f3n del asesor \u201cLule\u201d Menem.<\/p>\n\n\n\n<p>El caso desata un fuerte se\u00f1alamiento sobre la falta de controles y la opacidad que rodea a funcionarios cercanos al presidente. Las acusaciones plantean interrogantes sobre la cultura de impunidad que el gobierno de Javier Milei podr\u00eda estar fomentando, y ponen de relieve la necesidad de que las instituciones ejerzan su rol fiscalizador sin interferencias pol\u00edticas. Mientras tanto, la expectativa se concentra en la interpelaci\u00f3n del pr\u00f3ximo martes, que promete arrojar luz sobre un entramado de presuntas coimas que compromete directamente al entorno presidencial.<\/p>\n\n\n\n<hr class=\"wp-block-separator has-alpha-channel-opacity\"\/>\n\n\n\n<h3 class=\"wp-block-heading\"><strong>Fuente:<\/strong><\/h3>\n\n\n\n<p>.<a href=\"https:\/\/www.tiempoar.com.ar\/ta_article\/coimas-en-andis-diputados-emplazo-a-comisiones-para-interpelar-a-karina-milei\/\">https:\/\/www.tiempoar.com.ar\/ta_article\/coimas-en-andis-diputados-emplazo-a-comisiones-para-interpelar-a-karina-milei\/<\/a><\/p>\n\n\n\n<p><\/p>\n","protected":false},"excerpt":{"rendered":"<p>La iniciativa, impulsada por Uni\u00f3n por la Patria, busca que se investigue a fondo un esquema de recaudaci\u00f3n irregular denunciado por el desplazado titular de ANDIS, Diego Spagnuolo, y que apuntar\u00eda directamente a Karina Milei. La oposici\u00f3n denuncia obstrucci\u00f3n del oficialismo para frenar la transparencia. La pol\u00edtica argentina enfrenta un nuevo episodio de turbulencia: Karina&#8230;<\/p>\n","protected":false},"author":9,"featured_media":8913,"comment_status":"open","ping_status":"open","sticky":false,"template":"","format":"standard","meta":{"_monsterinsights_skip_tracking":false,"_monsterinsights_sitenote_active":false,"_monsterinsights_sitenote_note":"","_monsterinsights_sitenote_category":0,"footnotes":"","jetpack_publicize_message":"","jetpack_publicize_feature_enabled":true,"jetpack_social_post_already_shared":true,"jetpack_social_options":{"image_generator_settings":{"template":"highway","default_image_id":0,"font":"","enabled":false},"version":2}},"categories":[2],"tags":[3248,93,625,75,260,70,635,45,985,72],"class_list":["post-8912","post","type-post","status-publish","format-standard","has-post-thumbnail","hentry","category-politica","tag-andis","tag-argentina","tag-coimas","tag-corrupcion","tag-diputados","tag-justicia","tag-karina","tag-milei","tag-oposicion","tag-politica"],"jetpack_publicize_connections":[],"_links":{"self":[{"href":"https:\/\/www.enorsai.com\/noticias\/wp-json\/wp\/v2\/posts\/8912","targetHints":{"allow":["GET"]}}],"collection":[{"href":"https:\/\/www.enorsai.com\/noticias\/wp-json\/wp\/v2\/posts"}],"about":[{"href":"https:\/\/www.enorsai.com\/noticias\/wp-json\/wp\/v2\/types\/post"}],"author":[{"embeddable":true,"href":"https:\/\/www.enorsai.com\/noticias\/wp-json\/wp\/v2\/users\/9"}],"replies":[{"embeddable":true,"href":"https:\/\/www.enorsai.com\/noticias\/wp-json\/wp\/v2\/comments?post=8912"}],"version-history":[{"count":1,"href":"https:\/\/www.enorsai.com\/noticias\/wp-json\/wp\/v2\/posts\/8912\/revisions"}],"predecessor-version":[{"id":8914,"href":"https:\/\/www.enorsai.com\/noticias\/wp-json\/wp\/v2\/posts\/8912\/revisions\/8914"}],"wp:featuredmedia":[{"embeddable":true,"href":"https:\/\/www.enorsai.com\/noticias\/wp-json\/wp\/v2\/media\/8913"}],"wp:attachment":[{"href":"https:\/\/www.enorsai.com\/noticias\/wp-json\/wp\/v2\/media?parent=8912"}],"wp:term":[{"taxonomy":"category","embeddable":true,"href":"https:\/\/www.enorsai.com\/noticias\/wp-json\/wp\/v2\/categories?post=8912"},{"taxonomy":"post_tag","embeddable":true,"href":"https:\/\/www.enorsai.com\/noticias\/wp-json\/wp\/v2\/tags?post=8912"}],"curies":[{"name":"wp","href":"https:\/\/api.w.org\/{rel}","templated":true}]}}