{"id":8904,"date":"2025-09-17T20:49:32","date_gmt":"2025-09-17T23:49:32","guid":{"rendered":"https:\/\/www.enorsai.com\/noticias\/?p=8904"},"modified":"2025-09-17T20:49:42","modified_gmt":"2025-09-17T23:49:42","slug":"cristina-kirchner-celebro-el-rechazo-a-los-vetos-de-milei-en-diputados","status":"publish","type":"post","link":"https:\/\/www.enorsai.com\/noticias\/politica\/cristina-kirchner-celebro-el-rechazo-a-los-vetos-de-milei-en-diputados\/","title":{"rendered":"Cristina Kirchner celebr\u00f3 el rechazo a los vetos de Milei en Diputados"},"content":{"rendered":"\n<p>La C\u00e1mara de Diputados rechaz\u00f3 los vetos de Javier Milei a la Ley de Financiamiento Universitario y a la de Emergencia en Pediatr\u00eda. Cristina Kirchner, desde su domicilio, celebr\u00f3 la decisi\u00f3n y apunt\u00f3 a la necesidad de defender los derechos b\u00e1sicos frente al avance del ajuste.<\/p>\n\n\n\n<p>En una jornada atravesada por la movilizaci\u00f3n estudiantil y la tensi\u00f3n pol\u00edtica, la expresidenta volvi\u00f3 a marcar posici\u00f3n contra el gobierno de Javier Milei, reivindicando la resistencia social frente a las pol\u00edticas que buscan desfinanciar la universidad p\u00fablica y debilitar el sistema de salud para ni\u00f1os y ni\u00f1as.<\/p>\n\n\n\n<p>La C\u00e1mara de Diputados de la Naci\u00f3n le dio un rev\u00e9s pol\u00edtico al presidente Javier Milei al rechazar este mi\u00e9rcoles sus vetos a la Ley de Financiamiento Universitario y a la de Emergencia en Pediatr\u00eda. No fue un tr\u00e1mite menor: la decisi\u00f3n coincidi\u00f3 con la masiva Marcha Federal Universitaria, un escenario cargado de simbolismo donde estudiantes, docentes y familias enteras festejaron con saltos, abrazos y l\u00e1grimas el resultado parlamentario que represent\u00f3 un respiro frente al ajuste despiadado del gobierno.<\/p>\n\n\n\n<p>Cristina Kirchner, cumpliendo prisi\u00f3n domiciliaria en su residencia de San Jos\u00e9 1111, sigui\u00f3 la sesi\u00f3n rodeada de militantes que eligieron acompa\u00f1arla en una jornada que respiraba resistencia. Con un mensaje contundente en redes sociales, celebr\u00f3 el rechazo a las medidas del Ejecutivo y record\u00f3, citando una hist\u00f3rica consigna peronista, que \u201cel pueblo no cambia de ideas, sigue las banderas de Evita y Per\u00f3n\u201d. Su publicaci\u00f3n no solo recuper\u00f3 la memoria del movimiento popular, sino que tambi\u00e9n traz\u00f3 una l\u00ednea clara: defender la salud de los ni\u00f1os y la universidad p\u00fablica es hoy un deber frente a un gobierno que pretende desmantelar derechos conquistados a fuerza de lucha.<\/p>\n\n\n\n<figure class=\"wp-block-embed is-type-rich is-provider-twitter wp-block-embed-twitter\"><div class=\"wp-block-embed__wrapper\">\n<blockquote class=\"twitter-tweet\" data-width=\"550\" data-dnt=\"true\"><p lang=\"qme\" dir=\"ltr\">\ud83c\udde6\ud83c\uddf7 <a href=\"https:\/\/t.co\/Qrl2f1kwZl\">pic.twitter.com\/Qrl2f1kwZl<\/a><\/p>&mdash; Cristina Kirchner (@CFKArgentina) <a href=\"https:\/\/twitter.com\/CFKArgentina\/status\/1968448235262943303?ref_src=twsrc%5Etfw\">September 17, 2025<\/a><\/blockquote><script async src=\"https:\/\/platform.twitter.com\/widgets.js\" charset=\"utf-8\"><\/script>\n<\/div><\/figure>\n\n\n\n<p>La carga simb\u00f3lica del d\u00eda fue ineludible. Las c\u00e1maras de televisi\u00f3n mostraron a miles de estudiantes explotando de emoci\u00f3n cuando las pantallas instaladas en la movilizaci\u00f3n transmitieron el resultado parlamentario. La imagen contrast\u00f3 con el discurso oficial que intenta instalar la idea de una sociedad resignada al ajuste. La realidad, sin embargo, es otra: hay un pueblo que se moviliza, que resiste y que celebra cada freno al avance de las pol\u00edticas de Milei.<\/p>\n\n\n\n<p>El trasfondo es evidente. Vetar leyes que buscan sostener el sistema universitario y garantizar atenci\u00f3n pedi\u00e1trica en medio de una crisis social y econ\u00f3mica significa darle la espalda a las mayor\u00edas. Milei, con su l\u00f3gica de motosierra, act\u00faa como si la salud y la educaci\u00f3n fueran lujos prescindibles y no pilares de cualquier sociedad que se pretenda justa. Ese gesto explica por qu\u00e9 la votaci\u00f3n en Diputados y la reacci\u00f3n popular adquieren tanta relevancia pol\u00edtica.<\/p>\n\n\n\n<p>Cristina, al reaparecer p\u00fablicamente con este mensaje, no solo celebr\u00f3 un triunfo coyuntural, sino que tambi\u00e9n volvi\u00f3 a posicionarse como referencia de un campo pol\u00edtico y social que no se resigna. El hecho de que la acompa\u00f1aran militantes en su casa refleja que la conexi\u00f3n con la militancia persiste a pesar de las restricciones que enfrenta. Su frase final, \u201cDefiende la salud de los ni\u00f1os y la Universidad P\u00fablica\u201d, funcion\u00f3 como una s\u00edntesis del clima del d\u00eda y como un recordatorio de que lo que est\u00e1 en juego va mucho m\u00e1s all\u00e1 de un resultado legislativo: se trata del modelo de pa\u00eds que se quiere construir.<\/p>\n\n\n\n<p>La complejidad de la coyuntura no deja dudas. Aunque el gobierno intentar\u00e1 avanzar nuevamente con su plan de ajuste, lo ocurrido en Diputados y en las calles demuestra que existen l\u00edmites, resistencias y liderazgos que lo enfrentan. Nada asegura que estos frenos se repitan en el futuro, pero s\u00ed es claro que Milei no cuenta con un cheque en blanco. La disputa est\u00e1 abierta y, como lo record\u00f3 Cristina, el pueblo tiene memoria, convicciones y una historia de lucha que no se borra con vetos.<\/p>\n\n\n\n<p>Fuente:<\/p>\n\n\n\n<p>.<a href=\"https:\/\/www.minutouno.com\/politica\/cristina-kirchner-celebro-el-rechazo-los-vetos-javier-milei-el-pueblo-no-cambia-ideas-n6191748\">https:\/\/www.minutouno.com\/politica\/cristina-kirchner-celebro-el-rechazo-los-vetos-javier-milei-el-pueblo-no-cambia-ideas-n6191748<\/a><\/p>\n","protected":false},"excerpt":{"rendered":"<p>La C\u00e1mara de Diputados rechaz\u00f3 los vetos de Javier Milei a la Ley de Financiamiento Universitario y a la de Emergencia en Pediatr\u00eda. Cristina Kirchner, desde su domicilio, celebr\u00f3 la decisi\u00f3n y apunt\u00f3 a la necesidad de defender los derechos b\u00e1sicos frente al avance del ajuste. En una jornada atravesada por la movilizaci\u00f3n estudiantil y&#8230;<\/p>\n","protected":false},"author":1,"featured_media":8909,"comment_status":"open","ping_status":"open","sticky":false,"template":"","format":"standard","meta":{"_monsterinsights_skip_tracking":false,"_monsterinsights_sitenote_active":false,"_monsterinsights_sitenote_note":"","_monsterinsights_sitenote_category":0,"footnotes":"","jetpack_publicize_message":"","jetpack_publicize_feature_enabled":true,"jetpack_social_post_already_shared":true,"jetpack_social_options":{"image_generator_settings":{"template":"highway","default_image_id":0,"font":"","enabled":false},"version":2}},"categories":[2],"tags":[257,87,260,1143,45,974,985,1562,1520,1978],"class_list":["post-8904","post","type-post","status-publish","format-standard","has-post-thumbnail","hentry","category-politica","tag-congreso","tag-cristina","tag-diputados","tag-kirchner","tag-milei","tag-movilizacion","tag-oposicion","tag-pediatria","tag-universidad","tag-vetos"],"jetpack_publicize_connections":[],"_links":{"self":[{"href":"https:\/\/www.enorsai.com\/noticias\/wp-json\/wp\/v2\/posts\/8904","targetHints":{"allow":["GET"]}}],"collection":[{"href":"https:\/\/www.enorsai.com\/noticias\/wp-json\/wp\/v2\/posts"}],"about":[{"href":"https:\/\/www.enorsai.com\/noticias\/wp-json\/wp\/v2\/types\/post"}],"author":[{"embeddable":true,"href":"https:\/\/www.enorsai.com\/noticias\/wp-json\/wp\/v2\/users\/1"}],"replies":[{"embeddable":true,"href":"https:\/\/www.enorsai.com\/noticias\/wp-json\/wp\/v2\/comments?post=8904"}],"version-history":[{"count":1,"href":"https:\/\/www.enorsai.com\/noticias\/wp-json\/wp\/v2\/posts\/8904\/revisions"}],"predecessor-version":[{"id":8910,"href":"https:\/\/www.enorsai.com\/noticias\/wp-json\/wp\/v2\/posts\/8904\/revisions\/8910"}],"wp:featuredmedia":[{"embeddable":true,"href":"https:\/\/www.enorsai.com\/noticias\/wp-json\/wp\/v2\/media\/8909"}],"wp:attachment":[{"href":"https:\/\/www.enorsai.com\/noticias\/wp-json\/wp\/v2\/media?parent=8904"}],"wp:term":[{"taxonomy":"category","embeddable":true,"href":"https:\/\/www.enorsai.com\/noticias\/wp-json\/wp\/v2\/categories?post=8904"},{"taxonomy":"post_tag","embeddable":true,"href":"https:\/\/www.enorsai.com\/noticias\/wp-json\/wp\/v2\/tags?post=8904"}],"curies":[{"name":"wp","href":"https:\/\/api.w.org\/{rel}","templated":true}]}}