{"id":8865,"date":"2025-09-17T08:47:10","date_gmt":"2025-09-17T11:47:10","guid":{"rendered":"https:\/\/www.enorsai.com\/noticias\/?p=8865"},"modified":"2025-09-17T08:50:55","modified_gmt":"2025-09-17T11:50:55","slug":"critica-milei-economia-derecha-latinoamerica","status":"publish","type":"post","link":"https:\/\/www.enorsai.com\/noticias\/uncategorized\/critica-milei-economia-derecha-latinoamerica\/","title":{"rendered":"Economista y doctor en Ciencias Pol\u00edticas, Paraguay: \u00abMilei no es un presidente, es un vendedor\u00bb"},"content":{"rendered":"\n<p><strong>Entrevistado:<\/strong> V\u00edctor Ben\u00edtez (economista y doctor en Ciencias Pol\u00edticas, Paraguay)<\/p>\n\n\n\n<h3 class=\"wp-block-heading\">El an\u00e1lisis y la cr\u00edtica a Milei y la econom\u00eda de derecha<\/h3>\n\n\n\n<ul class=\"wp-block-list\">\n<li>Ben\u00edtez afirm\u00f3 que tanto Milei como el presidente paraguayo Pe\u00f1a act\u00faan m\u00e1s como \u201cvendedores\u201d al servicio de elites econ\u00f3micas que como verdaderos presidentes comprometidos con el bienestar social.<\/li>\n\n\n\n<li>Critic\u00f3 el modelo defendido por Milei y la derecha libertaria, se\u00f1alando la falta de Estado, fuerte econom\u00eda informal, elevado hambre estructural y crisis social a pesar de cifras macroecon\u00f3micas estables.<\/li>\n\n\n\n<li>Paraguay, a pesar de su crecimiento y baja inflaci\u00f3n, tiene casi 2 millones de personas sin acceso regular a servicios b\u00e1sicos como agua potable o electricidad, adem\u00e1s de un salario m\u00ednimo muy bajo para el costo de vida.<\/li>\n\n\n\n<li>Calific\u00f3 el \u201cmodelo low cost\u201d como insostenible: pocos impuestos, poca redistribuci\u00f3n y un Estado ausente dejan la estructura social muy vulnerable y con dependencia peligrosa de remesas del exterior.<\/li>\n\n\n\n<li>Sobre las maquilas, advirti\u00f3 que s\u00f3lo multiplican empleos precarizados y con escaso impacto en el desarrollo local, explotando mano de obra barata sin derrame de bienestar.[web:6]<\/li>\n<\/ul>\n\n\n\n<p><em><strong>Reflexi\u00f3n Enorsai<\/strong><\/em><\/p>\n\n\n\n<p>A nivel internacional, las experiencias hist\u00f3ricas con gobiernos de ultraderecha y pol\u00edticas neoliberales extremas han demostrado ser peligrosas para las sociedades latinoamericanas. En los a\u00f1os 70 y 80, dictaduras neoliberales en Chile, Argentina y Brasil implementaron reformas que generaron altos niveles de desigualdad, represi\u00f3n social y enormes violaciones de derechos humanos, sin resolver estructuralmente los problemas de pobreza.[web:2][web:6]<\/p>\n\n\n\n<p>M\u00e1s de un centenar de economistas de todo el mundo alertaron recientemente: medidas como la dolarizaci\u00f3n, el achicamiento dr\u00e1stico del Estado, el desmantelamiento de servicios p\u00fablicos y la fe ciega en el libre mercado suelen profundizar la desigualdad, deterioran los salarios reales y generan vulnerabilidad econ\u00f3mica, delegando las crisis sobre los sectores m\u00e1s fr\u00e1giles. Experiencias hist\u00f3ricas de ajuste extremo \u2014como el \u201cConsenso de Washington\u201d\u2014 crearon crisis sociales profundas, incrementaron la pobreza y dispararon el desempleo.[web:6]<\/p>\n\n\n\n<p>En Am\u00e9rica Latina, la ola actual de la nueva derecha radical suele atacar el pluralismo, restringir derechos y debilitar las instituciones democr\u00e1ticas bajo la ret\u00f3rica del \u201corden\u201d y la eficiencia. Todo esto constituye una amenaza real para los procesos democr\u00e1ticos, la cohesi\u00f3n social y la justicia distributiva. Frente al avance de estos modelos, defender pol\u00edticas p\u00fablicas s\u00f3lidas, amplias libertades y democracia verdaderamente plural es una bandera insoslayable para el futuro de la regi\u00f3n.[web:3] <\/p>\n\n\n\n<h2 class=\"wp-block-heading\">Datos hist\u00f3ricos sobre golpes y pol\u00edticas de derecha<\/h2>\n\n\n\n<ul class=\"wp-block-list\">\n<li>En Guatemala (1954), el derrocamiento de Jacobo \u00c1rbenz por un golpe apoyado por EE.UU. abri\u00f3 una era de dictaduras represivas, motivadas por intereses corporativos, como los de United Fruit Company. La inestabilidad y pobreza se profundizaron por pol\u00edticas orientadas a beneficios privados.<a href=\"https:\/\/kaosenlared.net\/la-derecha-y-los-golpes-de-estado-en-america-latina-una-historia-de-terror-poder-y-represion\/\" target=\"_blank\" rel=\"noreferrer noopener\"><\/a><\/li>\n\n\n\n<li>En Brasil (1964), el golpe militar concluy\u00f3 en m\u00e1s de 20 a\u00f1os de dictadura, se persigui\u00f3 a disidentes y se implementaron pol\u00edticas neoliberales que modernizaron parcialmente la econom\u00eda pero tambi\u00e9n incrementaron fuertemente la desigualdad y la pobreza urbana.<a href=\"https:\/\/kaosenlared.net\/la-derecha-y-los-golpes-de-estado-en-america-latina-una-historia-de-terror-poder-y-represion\/\" target=\"_blank\" rel=\"noreferrer noopener\"><\/a><\/li>\n\n\n\n<li>El golpe en Chile (1973) contra Salvador Allende instaur\u00f3 la dictadura de Pinochet, conocida por su represi\u00f3n brutal (m\u00e1s de 3.000 muertos y desaparecidos) y por ser laboratorio del \u201cConsenso de Washington\u201d, aplicando privatizaciones y reformas de mercado que dispararon la desigualdad y deterioraron los sistemas p\u00fablicos.<a href=\"https:\/\/dialnet.unirioja.es\/descarga\/articulo\/9718954.pdf\" target=\"_blank\" rel=\"noreferrer noopener\"><\/a><\/li>\n\n\n\n<li>En Argentina (1976), la dictadura militar utiliz\u00f3 el terrorismo de Estado \u2013con m\u00e1s de 30.000 desaparecidos\u2013 y llev\u00f3 adelante fuertes pol\u00edticas de ajuste y apertura, generando crisis de deuda y una estructura social devastada, cuyos efectos perduraron d\u00e9cadas.<a href=\"https:\/\/www.dw.com\/es\/golpes-de-estado-y-dictaduras-de-derecha-e-izquierda-en-am%C3%A9rica-latina\/g-51596433\" target=\"_blank\" rel=\"noreferrer noopener\"><\/a><\/li>\n\n\n\n<li>Gran parte de Am\u00e9rica Latina fue zona de experimentaci\u00f3n neoliberal durante los 70 y 80, bajo dictaduras militares, priorizando el mercado y privatizando \u00e1reas estrat\u00e9gicas. El impacto fue aumento de la deuda externa, debilitamiento institucional y mayor vulnerabilidad ante crisis globales.<a href=\"https:\/\/www.edumargen.org\/docs\/curso28-9\/unid03\/complem01_03.pdf\" target=\"_blank\" rel=\"noreferrer noopener\"><\/a><\/li>\n\n\n\n<li>Estos modelos, sostenidos por las oligarqu\u00edas locales y el apoyo de EE.UU., revelaron que la concentraci\u00f3n de riqueza y poder, la represi\u00f3n y el achicamiento del Estado conducen a sociedades m\u00e1s desiguales, menos democr\u00e1ticas y expuestas a crisis econ\u00f3micas recurrentes.<a href=\"https:\/\/www.cidob.org\/publicaciones\/introduccion-resurgimiento-de-la-derecha-en-america-latina\" target=\"_blank\" rel=\"noreferrer noopener\"><\/a><\/li>\n<\/ul>\n","protected":false},"excerpt":{"rendered":"<p>Cr\u00edtica del economista V\u00edctor Ben\u00edtez al modelo de Milei y la derecha: crecimiento econ\u00f3mico sin mejoras sociales, peligros del neoliberalismo en Am\u00e9rica Latina.<\/p>\n","protected":false},"author":14,"featured_media":8877,"comment_status":"open","ping_status":"open","sticky":false,"template":"","format":"standard","meta":{"_monsterinsights_skip_tracking":false,"_monsterinsights_sitenote_active":false,"_monsterinsights_sitenote_note":"","_monsterinsights_sitenote_category":0,"footnotes":"","jetpack_publicize_message":"El economista V\u00edctor Ben\u00edtez destroza el discurso de Milei: \u201cNo es un presidente, es un vendedor\u201d. Crecimiento sin desarrollo, pobreza y Estado ausente en Paraguay, un modelo peligroso para Latinoam\u00e9rica. Derechos, democracia y justicia social en riesgo por la avanzada neoliberal.","jetpack_publicize_feature_enabled":true,"jetpack_social_post_already_shared":false,"jetpack_social_options":{"image_generator_settings":{"template":"highway","default_image_id":0,"font":"","enabled":false},"version":2}},"categories":[3,2,1],"tags":[],"class_list":["post-8865","post","type-post","status-publish","format-standard","has-post-thumbnail","hentry","category-economia","category-politica","category-uncategorized"],"jetpack_publicize_connections":[],"_links":{"self":[{"href":"https:\/\/www.enorsai.com\/noticias\/wp-json\/wp\/v2\/posts\/8865","targetHints":{"allow":["GET"]}}],"collection":[{"href":"https:\/\/www.enorsai.com\/noticias\/wp-json\/wp\/v2\/posts"}],"about":[{"href":"https:\/\/www.enorsai.com\/noticias\/wp-json\/wp\/v2\/types\/post"}],"author":[{"embeddable":true,"href":"https:\/\/www.enorsai.com\/noticias\/wp-json\/wp\/v2\/users\/14"}],"replies":[{"embeddable":true,"href":"https:\/\/www.enorsai.com\/noticias\/wp-json\/wp\/v2\/comments?post=8865"}],"version-history":[{"count":1,"href":"https:\/\/www.enorsai.com\/noticias\/wp-json\/wp\/v2\/posts\/8865\/revisions"}],"predecessor-version":[{"id":8876,"href":"https:\/\/www.enorsai.com\/noticias\/wp-json\/wp\/v2\/posts\/8865\/revisions\/8876"}],"wp:featuredmedia":[{"embeddable":true,"href":"https:\/\/www.enorsai.com\/noticias\/wp-json\/wp\/v2\/media\/8877"}],"wp:attachment":[{"href":"https:\/\/www.enorsai.com\/noticias\/wp-json\/wp\/v2\/media?parent=8865"}],"wp:term":[{"taxonomy":"category","embeddable":true,"href":"https:\/\/www.enorsai.com\/noticias\/wp-json\/wp\/v2\/categories?post=8865"},{"taxonomy":"post_tag","embeddable":true,"href":"https:\/\/www.enorsai.com\/noticias\/wp-json\/wp\/v2\/tags?post=8865"}],"curies":[{"name":"wp","href":"https:\/\/api.w.org\/{rel}","templated":true}]}}