{"id":8862,"date":"2025-09-17T08:02:43","date_gmt":"2025-09-17T11:02:43","guid":{"rendered":"https:\/\/www.enorsai.com\/noticias\/?p=8862"},"modified":"2025-09-17T08:07:24","modified_gmt":"2025-09-17T11:07:24","slug":"los-puntos-de-concentracion-de-la-marcha-universitaria","status":"publish","type":"post","link":"https:\/\/www.enorsai.com\/noticias\/sociedad\/los-puntos-de-concentracion-de-la-marcha-universitaria\/","title":{"rendered":"Los puntos de concentraci\u00f3n de la marcha universitaria"},"content":{"rendered":"\n<ul class=\"wp-block-list\">\n<li>Federaci\u00f3n Universitaria de Buenos Aires (FUBA) &#8211; 14.30 hs. Plaza Houssey.<\/li>\n\n\n\n<li>Facultad de Derecho &#8211; 13 hs., Escalinatas de la Facultad.<\/li>\n\n\n\n<li>Centro de Estudiantes de la Facultad de Ciencias Sociales &#8211; 13.30 hs. Santiago del Estero al 1029.<\/li>\n\n\n\n<li>Centro de Estudiantes de Filosof\u00eda y Letras &#8211; 14.30 hs. Av. de Mayo y San Jos\u00e9.<\/li>\n\n\n\n<li>Federaci\u00f3n Argentina del Trabajador de Universidades Nacionales (FATUN) &#8211; 14.30 hs. Av. de Mayo y San Jos\u00e9.<\/li>\n\n\n\n<li>Frente de Izquierda &#8211; 12 hs. Montevideo y Rivadavia.<\/li>\n\n\n\n<li>Uni\u00f3n de Trabajadores de la Econom\u00eda Popular (UTEP) &#8211; 15 hs. Sol\u00eds e Yrigoyen.<\/li>\n\n\n\n<li>CGT, CTA y ATE &#8211; 14 hs. San Jos\u00e9 y Av. de Mayo.<\/li>\n\n\n\n<li>Movimiento Derecho al Futuro- 14:30 sede de Madres de Plaza de Mayo (Hip\u00f3lito Yrigoyen 1584).<\/li>\n\n\n\n<li>el PJ Y la UCR, concentrar\u00e1n en Tucum\u00e1n y Callao.<\/li>\n<\/ul>\n","protected":false},"excerpt":{"rendered":"","protected":false},"author":1,"featured_media":8863,"comment_status":"open","ping_status":"open","sticky":false,"template":"","format":"standard","meta":{"_monsterinsights_skip_tracking":false,"_monsterinsights_sitenote_active":false,"_monsterinsights_sitenote_note":"","_monsterinsights_sitenote_category":0,"footnotes":"","jetpack_publicize_message":"","jetpack_publicize_feature_enabled":true,"jetpack_social_post_already_shared":true,"jetpack_social_options":{"image_generator_settings":{"template":"highway","default_image_id":0,"font":"","enabled":false},"version":2}},"categories":[4],"tags":[257,513,1521,537,45,1289,371,904,1474,1487],"class_list":["post-8862","post","type-post","status-publish","format-standard","has-post-thumbnail","hentry","category-sociedad","tag-congreso","tag-docentes","tag-estudiantes","tag-financiamiento","tag-milei","tag-presupuesto","tag-protesta","tag-sindicatos","tag-universidades","tag-veto"],"jetpack_publicize_connections":[],"_links":{"self":[{"href":"https:\/\/www.enorsai.com\/noticias\/wp-json\/wp\/v2\/posts\/8862","targetHints":{"allow":["GET"]}}],"collection":[{"href":"https:\/\/www.enorsai.com\/noticias\/wp-json\/wp\/v2\/posts"}],"about":[{"href":"https:\/\/www.enorsai.com\/noticias\/wp-json\/wp\/v2\/types\/post"}],"author":[{"embeddable":true,"href":"https:\/\/www.enorsai.com\/noticias\/wp-json\/wp\/v2\/users\/1"}],"replies":[{"embeddable":true,"href":"https:\/\/www.enorsai.com\/noticias\/wp-json\/wp\/v2\/comments?post=8862"}],"version-history":[{"count":1,"href":"https:\/\/www.enorsai.com\/noticias\/wp-json\/wp\/v2\/posts\/8862\/revisions"}],"predecessor-version":[{"id":8864,"href":"https:\/\/www.enorsai.com\/noticias\/wp-json\/wp\/v2\/posts\/8862\/revisions\/8864"}],"wp:featuredmedia":[{"embeddable":true,"href":"https:\/\/www.enorsai.com\/noticias\/wp-json\/wp\/v2\/media\/8863"}],"wp:attachment":[{"href":"https:\/\/www.enorsai.com\/noticias\/wp-json\/wp\/v2\/media?parent=8862"}],"wp:term":[{"taxonomy":"category","embeddable":true,"href":"https:\/\/www.enorsai.com\/noticias\/wp-json\/wp\/v2\/categories?post=8862"},{"taxonomy":"post_tag","embeddable":true,"href":"https:\/\/www.enorsai.com\/noticias\/wp-json\/wp\/v2\/tags?post=8862"}],"curies":[{"name":"wp","href":"https:\/\/api.w.org\/{rel}","templated":true}]}}