{"id":8859,"date":"2025-09-17T07:56:24","date_gmt":"2025-09-17T10:56:24","guid":{"rendered":"https:\/\/www.enorsai.com\/noticias\/?p=8859"},"modified":"2025-09-17T07:56:31","modified_gmt":"2025-09-17T10:56:31","slug":"estudiantes-docentes-y-sindicatos-marchan-contra-el-recorte-presupuestario-del-gobierno-de-milei","status":"publish","type":"post","link":"https:\/\/www.enorsai.com\/noticias\/politica\/estudiantes-docentes-y-sindicatos-marchan-contra-el-recorte-presupuestario-del-gobierno-de-milei\/","title":{"rendered":"Estudiantes, docentes y sindicatos marchan contra el recorte presupuestario del gobierno de Milei"},"content":{"rendered":"\n<p>La movilizaci\u00f3n nacional llega al coraz\u00f3n de Buenos Aires bajo la consigna \u201cNuestro futuro no se veta\u201d, en rechazo al veto presidencial a la Ley de Financiamiento Universitario. La protesta revela un conflicto profundo entre el modelo de ajuste fiscal del gobierno de Javier Milei y la defensa de la educaci\u00f3n p\u00fablica como derecho social.<\/p>\n\n\n\n<p>La Ciudad de Buenos Aires vive una jornada hist\u00f3rica. Desde el mediod\u00eda, columnas de estudiantes, docentes, no docentes y sindicatos comenzaron a poblar las calles con un destino com\u00fan: el Congreso de la Naci\u00f3n. All\u00ed, a las 18 horas, se desarrollar\u00e1 el acto central de la Marcha Federal Universitaria, la segunda de magnitud nacional en lo que va del a\u00f1o, y una de las m\u00e1s potentes muestras de resistencia social frente al ajuste del gobierno de Javier Milei.<\/p>\n\n\n\n<p>El detonante de esta convocatoria masiva es el veto presidencial a la Ley de Financiamiento Universitario, una norma que hab\u00eda sido votada por amplia mayor\u00eda en el Congreso y que buscaba garantizar un presupuesto acorde a las necesidades de las universidades nacionales. Con un simple decreto, Milei desech\u00f3 esa conquista, argumentando que la ley violaba el art\u00edculo 38 de la Ley 24.156 de Administraci\u00f3n Financiera porque no especificaba las fuentes de recursos. En los hechos, el veto se traduce en el vaciamiento de las universidades, el deterioro de la investigaci\u00f3n cient\u00edfica y la precarizaci\u00f3n de docentes y trabajadores.<\/p>\n\n\n\n<p>Lejos de resignarse, el movimiento universitario y un amplio abanico de actores sociales respondieron en las calles. La consigna que recorre pancartas y banderas es clara: \u201cNuestro futuro no se veta\u201d. No se trata de un reclamo corporativo de las universidades; la protesta interpela a toda la sociedad porque lo que est\u00e1 en juego es el derecho al conocimiento, la igualdad de oportunidades y la posibilidad de un pa\u00eds que apueste al desarrollo antes que a la exclusi\u00f3n.<\/p>\n\n\n\n<p>Las organizaciones estudiantiles movilizan desde cada facultad. La FUBA convoca desde Plaza Houssay; Derecho se concentra en sus tradicionales escalinatas; Sociales desde Santiago del Estero al 1029; Filosof\u00eda y Letras en Avenida de Mayo y San Jos\u00e9. FATUN, el gremio de trabajadores de universidades nacionales, tambi\u00e9n marcha con sus columnas, al igual que la CGT, la CTA, ATE y la UTEP. A ello se suman el Frente de Izquierda, organizaciones piqueteras como el Polo Obrero y el MST, y trabajadores del Hospital Garrahan que vinculan la protesta con la Ley de Emergencia Pedi\u00e1trica, tambi\u00e9n vetada por Milei.<\/p>\n\n\n\n<p>La magnitud de la movilizaci\u00f3n se refleja en el mapa de cortes. Las principales arterias del centro porte\u00f1o \u2014Callao, Entre R\u00edos, Rivadavia e Hip\u00f3lito Yrigoyen\u2014 se encuentran bloqueadas durante horas, una postal que exhibe la masividad del reclamo y que las autoridades intentan relativizar. El gobierno, seg\u00fan admiten sus propios voceros, se muestra pesimista respecto a la votaci\u00f3n en Diputados que buscar\u00e1 insistir con la ley, pero al mismo tiempo minimiza el impacto pol\u00edtico de la marcha. Una estrategia de manual: deslegitimar la protesta para no reconocer que la universidad p\u00fablica se ha transformado en un punto neur\u00e1lgico de resistencia contra el modelo libertario.<\/p>\n\n\n\n<p>El contraste entre el relato oficial y la realidad es evidente. Mientras Milei anunci\u00f3 supuestos aumentos en el presupuesto universitario para 2026, dirigentes como Jorge Anr\u00f3, secretario adjunto de FATUN, desnudaron la trampa: \u201cEl presupuesto para el 2026 es pr\u00e1cticamente igual al del 2025, un a\u00f1o que vivimos en peligro\u201d. No se trata de recursos extras ni de un plan estrat\u00e9gico, sino de la continuidad de un ajuste que estrangula a las instituciones educativas. El gobierno juega con n\u00fameros en los papeles, pero en los hechos la vida universitaria se degrada d\u00eda a d\u00eda.<\/p>\n\n\n\n<p>La noche previa a la movilizaci\u00f3n dej\u00f3 una imagen simb\u00f3lica que recorri\u00f3 el pa\u00eds. Universidades como la de San Mart\u00edn, la de La Matanza y la propia FUBA realizaron un apag\u00f3n en sus edificios, apagando las luces en se\u00f1al de protesta. Las redes sociales multiplicaron esas im\u00e1genes, que mostraban pasillos, aulas y bibliotecas sumidas en la penumbra. Fue un gesto potente: si el gobierno insiste en dejar a oscuras a las universidades, entonces ser\u00e1n ellas mismas quienes exhiban la magnitud de ese despojo.<\/p>\n\n\n\n<p>Lo m\u00e1s significativo de esta jornada es la amplitud de la convocatoria. No solo confluyen sindicatos y partidos pol\u00edticos, sino tambi\u00e9n miles de ciudadanos sin pertenencia partidaria que entienden que la universidad p\u00fablica es un bien com\u00fan que trasciende ideolog\u00edas. Profesionales formados en universidades nacionales, trabajadores que ven en la educaci\u00f3n una v\u00eda de ascenso social para sus hijos, j\u00f3venes que sue\u00f1an con acceder a una carrera: todos ellos est\u00e1n en la calle defendiendo algo m\u00e1s grande que un presupuesto.<\/p>\n\n\n\n<p>La Marcha Federal Universitaria expone con crudeza la contradicci\u00f3n central del gobierno de Javier Milei. Mientras proclama un orden fiscal f\u00e9rreo y la necesidad de \u201cajustar donde haga falta\u201d, decide recortar en \u00e1reas estrat\u00e9gicas como la educaci\u00f3n, la salud y la ciencia. El dogma libertario prioriza el mercado por encima de los derechos, como si el futuro de un pa\u00eds pudiera medirse \u00fanicamente en variables de d\u00e9ficit y super\u00e1vit. Pero la historia argentina demuestra lo contrario: sin universidades p\u00fablicas, no hay movilidad social ni innovaci\u00f3n cient\u00edfica. Sin educaci\u00f3n gratuita y de calidad, la brecha social se profundiza hasta volverse insalvable.<\/p>\n\n\n\n<p>En este contexto, la sesi\u00f3n de Diputados adquiere una relevancia trascendental. Los legisladores tienen la oportunidad de revertir el veto y reafirmar la vigencia de una universidad p\u00fablica inclusiva. De no hacerlo, ser\u00e1n c\u00f3mplices del ajuste y cargar\u00e1n con la responsabilidad de condenar a generaciones enteras a un futuro limitado por la l\u00f3gica de mercado que Milei pretende imponer.<\/p>\n\n\n\n<p>La protesta de hoy es un grito colectivo que desborda las consignas coyunturales. Es el recordatorio de que la universidad p\u00fablica forma m\u00e9dicos, ingenieros, docentes, cient\u00edficos, artistas y profesionales que sostienen el entramado social y productivo del pa\u00eds. Es tambi\u00e9n la advertencia de que la sociedad argentina no est\u00e1 dispuesta a entregar sin resistencia un derecho que cost\u00f3 d\u00e9cadas de lucha y conquistas.<\/p>\n\n\n\n<p>Lo que ocurre frente al Congreso no es solo una manifestaci\u00f3n m\u00e1s. Es una disputa por el sentido mismo de lo p\u00fablico en Argentina. De un lado, un gobierno que desprecia a la universidad porque no genera ganancias inmediatas y que reduce todo a n\u00fameros fr\u00edos en una planilla de Excel. Del otro, una sociedad que entiende que sin universidades no hay democracia plena, ni soberan\u00eda, ni posibilidad de desarrollo.<\/p>\n\n\n\n<p>En definitiva, la Marcha Federal Universitaria es una muestra de fuerza contra el ajuste y una defensa apasionada de la educaci\u00f3n como derecho social. Frente al autoritarismo fiscal y el desinter\u00e9s de Milei por el futuro de los j\u00f3venes, miles de voces se unen para repetir una verdad tan obvia como inc\u00f3moda para el poder: el conocimiento no es un gasto, es una inversi\u00f3n colectiva. Y si el gobierno insiste en vetar el futuro, el pueblo en las calles demostrar\u00e1 que hay derechos que no se negocian.<\/p>\n\n\n\n<p>Fuente:<\/p>\n\n\n\n<p>.<a href=\"https:\/\/www.infobae.com\/politica\/2025\/09\/17\/marcha-federal-universitaria-cuales-seran-los-puntos-donde-se-concentraran-las-distintas-agrupaciones\/\">https:\/\/www.infobae.com\/politica\/2025\/09\/17\/marcha-federal-universitaria-cuales-seran-los-puntos-donde-se-concentraran-las-distintas-agrupaciones\/<\/a><\/p>\n","protected":false},"excerpt":{"rendered":"<p>La movilizaci\u00f3n nacional llega al coraz\u00f3n de Buenos Aires bajo la consigna \u201cNuestro futuro no se veta\u201d, en rechazo al veto presidencial a la Ley de Financiamiento Universitario. La protesta revela un conflicto profundo entre el modelo de ajuste fiscal del gobierno de Javier Milei y la defensa de la educaci\u00f3n p\u00fablica como derecho social&#8230;.<\/p>\n","protected":false},"author":11,"featured_media":8860,"comment_status":"open","ping_status":"open","sticky":false,"template":"","format":"standard","meta":{"_monsterinsights_skip_tracking":false,"_monsterinsights_sitenote_active":false,"_monsterinsights_sitenote_note":"","_monsterinsights_sitenote_category":0,"footnotes":"","jetpack_publicize_message":"","jetpack_publicize_feature_enabled":true,"jetpack_social_post_already_shared":true,"jetpack_social_options":{"image_generator_settings":{"template":"highway","default_image_id":0,"font":"","enabled":false},"version":2}},"categories":[2],"tags":[257,513,1521,537,45,1289,371,904,1474,1487],"class_list":["post-8859","post","type-post","status-publish","format-standard","has-post-thumbnail","hentry","category-politica","tag-congreso","tag-docentes","tag-estudiantes","tag-financiamiento","tag-milei","tag-presupuesto","tag-protesta","tag-sindicatos","tag-universidades","tag-veto"],"jetpack_publicize_connections":[],"_links":{"self":[{"href":"https:\/\/www.enorsai.com\/noticias\/wp-json\/wp\/v2\/posts\/8859","targetHints":{"allow":["GET"]}}],"collection":[{"href":"https:\/\/www.enorsai.com\/noticias\/wp-json\/wp\/v2\/posts"}],"about":[{"href":"https:\/\/www.enorsai.com\/noticias\/wp-json\/wp\/v2\/types\/post"}],"author":[{"embeddable":true,"href":"https:\/\/www.enorsai.com\/noticias\/wp-json\/wp\/v2\/users\/11"}],"replies":[{"embeddable":true,"href":"https:\/\/www.enorsai.com\/noticias\/wp-json\/wp\/v2\/comments?post=8859"}],"version-history":[{"count":1,"href":"https:\/\/www.enorsai.com\/noticias\/wp-json\/wp\/v2\/posts\/8859\/revisions"}],"predecessor-version":[{"id":8861,"href":"https:\/\/www.enorsai.com\/noticias\/wp-json\/wp\/v2\/posts\/8859\/revisions\/8861"}],"wp:featuredmedia":[{"embeddable":true,"href":"https:\/\/www.enorsai.com\/noticias\/wp-json\/wp\/v2\/media\/8860"}],"wp:attachment":[{"href":"https:\/\/www.enorsai.com\/noticias\/wp-json\/wp\/v2\/media?parent=8859"}],"wp:term":[{"taxonomy":"category","embeddable":true,"href":"https:\/\/www.enorsai.com\/noticias\/wp-json\/wp\/v2\/categories?post=8859"},{"taxonomy":"post_tag","embeddable":true,"href":"https:\/\/www.enorsai.com\/noticias\/wp-json\/wp\/v2\/tags?post=8859"}],"curies":[{"name":"wp","href":"https:\/\/api.w.org\/{rel}","templated":true}]}}