{"id":8853,"date":"2025-09-17T07:42:22","date_gmt":"2025-09-17T10:42:22","guid":{"rendered":"https:\/\/www.enorsai.com\/noticias\/?p=8853"},"modified":"2025-09-17T07:42:36","modified_gmt":"2025-09-17T10:42:36","slug":"milei-militariza-el-congreso-con-1-100-efectivos-para-frenar-la-marcha-federal","status":"publish","type":"post","link":"https:\/\/www.enorsai.com\/noticias\/politica\/milei-militariza-el-congreso-con-1-100-efectivos-para-frenar-la-marcha-federal\/","title":{"rendered":"Milei militariza el Congreso con 1.100 efectivos para frenar la Marcha Federal"},"content":{"rendered":"\n<p><strong><em>El Gobierno nacional mont\u00f3 un despliegue de 1.100 efectivos federales y vallas en los alrededores del Congreso para contener la movilizaci\u00f3n contra los vetos de Javier Milei a las leyes de financiamiento educativo y de emergencia pedi\u00e1trica.<\/em><\/strong><\/p>\n\n\n\n<p>Mientras sindicatos, estudiantes y jubilados se preparan para reclamar en la Marcha Federal, el oficialismo responde con un operativo de control que convierte al parlamento en una fortaleza policial.<\/p>\n\n\n\n<p>El Congreso de la Naci\u00f3n amaneci\u00f3 blindado por decisi\u00f3n del Gobierno de Javier Milei. Unos 1.100 efectivos federales, sumados a la Polic\u00eda de la Ciudad, fueron desplegados en un megaoperativo de seguridad con un \u00fanico objetivo: contener la protesta social que se dar\u00e1 cita frente al parlamento. La Marcha Federal, convocada por organizaciones pol\u00edticas, estudiantiles y sindicales, tiene como eje el rechazo a los vetos presidenciales contra dos leyes sensibles: la de financiamiento universitario y la de emergencia pedi\u00e1trica.<\/p>\n\n\n\n<p>La respuesta del Ejecutivo fue convertir el coraz\u00f3n de la vida democr\u00e1tica en un per\u00edmetro amurallado. Polic\u00edas federales, gendarmes, prefectos y agentes de la PSA estar\u00e1n apostados en la Plaza del Congreso y las calles aleda\u00f1as. Seg\u00fan datos oficiales, ser\u00e1n 700 efectivos de la Polic\u00eda Federal, 280 de Gendarmer\u00eda Nacional, 90 de Prefectura y 30 de la Polic\u00eda de Seguridad Aeroportuaria, a lo que se sumar\u00e1n refuerzos de la fuerza porte\u00f1a. Vallas en todos los accesos completan el cuadro.<\/p>\n\n\n\n<p>Lejos de un gesto de apertura al reclamo ciudadano, el gobierno libertario demuestra una vez m\u00e1s su intolerancia hacia la protesta social. No es casual que la marcha coincida con la sesi\u00f3n en Diputados donde se debatir\u00e1 la insistencia de la oposici\u00f3n para revertir los vetos de Milei. La presi\u00f3n sobre el Congreso no solo viene desde las calles; ahora tambi\u00e9n se siente en el interior de un recinto rodeado de uniformes.<\/p>\n\n\n\n<p>A la movilizaci\u00f3n se sumar\u00e1 la hist\u00f3rica marcha de los jubilados, que desde hace a\u00f1os denuncia el deterioro de sus haberes y que hoy encuentra en el plan econ\u00f3mico de Milei un factor adicional de empobrecimiento. Mientras miles de ciudadanos expresan su hartazgo frente a un ajuste que castiga a los sectores m\u00e1s vulnerables, el oficialismo prefiere responder con despliegue represivo en lugar de escuchar.<\/p>\n\n\n\n<p>El blindaje del Congreso es, en s\u00ed mismo, una foto pol\u00edtica: la de un gobierno que elige militarizar el espacio p\u00fablico en lugar de abrir canales de di\u00e1logo. En la pr\u00e1ctica, Milei pone m\u00e1s energ\u00eda en proteger su cerco institucional que en garantizar derechos b\u00e1sicos como la educaci\u00f3n, la salud y la dignidad de los jubilados. Es la confirmaci\u00f3n de una estrategia de poder que prefiere mostrar fuerza antes que reconocer demandas leg\u00edtimas.<\/p>\n","protected":false},"excerpt":{"rendered":"<p>El Gobierno nacional mont\u00f3 un despliegue de 1.100 efectivos federales y vallas en los alrededores del Congreso para contener la movilizaci\u00f3n contra los vetos de Javier Milei a las leyes de financiamiento educativo y de emergencia pedi\u00e1trica. Mientras sindicatos, estudiantes y jubilados se preparan para reclamar en la Marcha Federal, el oficialismo responde con un&#8230;<\/p>\n","protected":false},"author":1,"featured_media":8856,"comment_status":"open","ping_status":"open","sticky":false,"template":"","format":"standard","meta":{"_monsterinsights_skip_tracking":false,"_monsterinsights_sitenote_active":false,"_monsterinsights_sitenote_note":"","_monsterinsights_sitenote_category":0,"footnotes":"","jetpack_publicize_message":"","jetpack_publicize_feature_enabled":true,"jetpack_social_post_already_shared":true,"jetpack_social_options":{"image_generator_settings":{"template":"highway","default_image_id":0,"font":"","enabled":false},"version":2}},"categories":[2],"tags":[257,276,3596,509,1669,45,371,365,86,1487],"class_list":["post-8853","post","type-post","status-publish","format-standard","has-post-thumbnail","hentry","category-politica","tag-congreso","tag-educacion","tag-federal","tag-jubilados","tag-marcha","tag-milei","tag-protesta","tag-represion","tag-seguridad","tag-veto"],"jetpack_publicize_connections":[],"_links":{"self":[{"href":"https:\/\/www.enorsai.com\/noticias\/wp-json\/wp\/v2\/posts\/8853","targetHints":{"allow":["GET"]}}],"collection":[{"href":"https:\/\/www.enorsai.com\/noticias\/wp-json\/wp\/v2\/posts"}],"about":[{"href":"https:\/\/www.enorsai.com\/noticias\/wp-json\/wp\/v2\/types\/post"}],"author":[{"embeddable":true,"href":"https:\/\/www.enorsai.com\/noticias\/wp-json\/wp\/v2\/users\/1"}],"replies":[{"embeddable":true,"href":"https:\/\/www.enorsai.com\/noticias\/wp-json\/wp\/v2\/comments?post=8853"}],"version-history":[{"count":1,"href":"https:\/\/www.enorsai.com\/noticias\/wp-json\/wp\/v2\/posts\/8853\/revisions"}],"predecessor-version":[{"id":8858,"href":"https:\/\/www.enorsai.com\/noticias\/wp-json\/wp\/v2\/posts\/8853\/revisions\/8858"}],"wp:featuredmedia":[{"embeddable":true,"href":"https:\/\/www.enorsai.com\/noticias\/wp-json\/wp\/v2\/media\/8856"}],"wp:attachment":[{"href":"https:\/\/www.enorsai.com\/noticias\/wp-json\/wp\/v2\/media?parent=8853"}],"wp:term":[{"taxonomy":"category","embeddable":true,"href":"https:\/\/www.enorsai.com\/noticias\/wp-json\/wp\/v2\/categories?post=8853"},{"taxonomy":"post_tag","embeddable":true,"href":"https:\/\/www.enorsai.com\/noticias\/wp-json\/wp\/v2\/tags?post=8853"}],"curies":[{"name":"wp","href":"https:\/\/api.w.org\/{rel}","templated":true}]}}