{"id":8852,"date":"2025-09-17T07:40:57","date_gmt":"2025-09-17T10:40:57","guid":{"rendered":"https:\/\/www.enorsai.com\/noticias\/?p=8852"},"modified":"2025-09-17T07:44:29","modified_gmt":"2025-09-17T10:44:29","slug":"milei-en-la-cpac-salarios-triplicados-memes-y-un-furcio-explosivo-del-vocero","status":"publish","type":"post","link":"https:\/\/www.enorsai.com\/noticias\/politica\/milei-en-la-cpac-salarios-triplicados-memes-y-un-furcio-explosivo-del-vocero\/","title":{"rendered":"Milei en la CPAC: salarios \u201ctriplicados\u201d, memes y un furcio explosivo del vocero"},"content":{"rendered":"\n<p>Javier Milei asegur\u00f3 en la cumbre de la ultraderecha (CPAC) que los salarios argentinos pasaron de 300 a 1.200 d\u00f3lares. La declaraci\u00f3n gener\u00f3 una ola de cr\u00edticas y memes, mientras un furcio del vocero presidencial abri\u00f3 un pol\u00e9mico frente interno.<\/p>\n\n\n\n<h2 class=\"wp-block-heading\">Un Milei euf\u00f3rico en Paraguay<\/h2>\n\n\n\n<p>Tras presentar el Presupuesto 2026, <strong>Javier Milei<\/strong> viaj\u00f3 a Paraguay para participar de la <strong>CPAC<\/strong>, la cumbre internacional de la ultraderecha en la que se reuni\u00f3 con el presidente Santiago Pe\u00f1a. All\u00ed, Milei elogi\u00f3 al mandatario paraguayo y volvi\u00f3 a insistir con su modelo econ\u00f3mico basado en la dolarizaci\u00f3n.<\/p>\n\n\n\n<p>En su discurso, el presidente argentino afirm\u00f3 que los salarios en la Argentina \u201cse triplicaron\u201d y que actualmente promedian entre <strong>1.100 y 1.200 d\u00f3lares<\/strong>. La declaraci\u00f3n inmediatamente desat\u00f3 reacciones en redes sociales, donde usuarios ironizaron con c\u00e1lculos que no cierran: al tipo de cambio vigente, el salario m\u00ednimo deber\u00eda rondar <strong>1.776.000 pesos<\/strong>, una cifra completamente alejada de la realidad de la mayor\u00eda.<\/p>\n\n\n\n<h2 class=\"wp-block-heading\">La reacci\u00f3n en redes: memes y cr\u00edticas<\/h2>\n\n\n\n<p>Las redes sociales se inundaron de comentarios y memes. Varios usuarios se\u00f1alaron que, lejos de mejorar, los ingresos se vieron golpeados por la <strong>inflaci\u00f3n acumulada<\/strong> y la falta de recomposici\u00f3n real. El contraste entre el relato presidencial y la situaci\u00f3n cotidiana fue evidente.<\/p>\n\n\n\n<ul class=\"wp-block-list\">\n<li>Usuarios ironizaron con un \u201cd\u00f3lar Milei\u201d de 600 pesos.<\/li>\n\n\n\n<li>Otros compararon el anuncio con la realidad del salario m\u00ednimo oficial.<\/li>\n\n\n\n<li>El contraste entre estad\u00edsticas oficiales y discurso pol\u00edtico abri\u00f3 un debate sobre credibilidad.<\/li>\n<\/ul>\n\n\n\n<p>Una comparaci\u00f3n internacional tambi\u00e9n mostr\u00f3 el desfasaje: seg\u00fan datos de la <a href=\"https:\/\/www.indec.gob.ar\" target=\"_blank\" rel=\"noreferrer noopener\">INDEC<\/a> y organismos laborales, el salario promedio argentino contin\u00faa muy por debajo del de pa\u00edses vecinos.<\/p>\n\n\n\n<h2 class=\"wp-block-heading\">El furcio de Adorni: fuego amigo en vivo<\/h2>\n\n\n\n<p>La pol\u00e9mica se amplific\u00f3 cuando <strong>Manuel Adorni<\/strong>, vocero presidencial, cometi\u00f3 un ins\u00f3lito furcio al declarar que \u201cel presidente es el m\u00e1s comprometido con la corrupci\u00f3n\u201d. Aunque intentaba remarcar que Javier Milei no tolera irregularidades, la frase corri\u00f3 como p\u00f3lvora y se convirti\u00f3 en tendencia junto a los memes sobre los salarios.<\/p>\n\n\n\n<p>Ni Adorni ni la Secretar\u00eda General de la Presidencia rectificaron de inmediato sus dichos. El silencio posterior fue interpretado como un nuevo error en la comunicaci\u00f3n interna de la Casa Rosada. El episodio sum\u00f3 tensi\u00f3n a la visita internacional de Milei, en plena exposici\u00f3n global en la CPAC.<\/p>\n\n\n\n<h2 class=\"wp-block-heading\">Entre el discurso y la realidad<\/h2>\n\n\n\n<p>Mientras el Gobierno insiste en una narrativa de recuperaci\u00f3n econ\u00f3mica, los indicadores oficiales muestran que el poder adquisitivo sigue erosionado y que la inflaci\u00f3n mantiene en jaque a los <a href=\"https:\/\/www.enorsai.com\/politica\/\" target=\"_blank\" rel=\"noreferrer noopener\">salarios reales<\/a>. La distancia entre relato y realidad se hace evidente en los recibos de sueldo y en las g\u00f3ndolas.<\/p>\n\n\n\n<p>El episodio en Paraguay deja expuesta nuevamente la tensi\u00f3n entre comunicaci\u00f3n pol\u00edtica, expectativas sociales y el humor digital que amplifica contradicciones en cuesti\u00f3n de segundos.<\/p>\n\n\n\n<h2 class=\"wp-block-heading\">Reflexi\u00f3n final<\/h2>\n\n\n\n<p>Las palabras de Javier Milei en la CPAC y el posterior furcio de su vocero muestran que la disputa por el relato econ\u00f3mico ser\u00e1 tan intensa como la realidad de los bolsillos de los argentinos. La pol\u00edtica de la posverdad se enfrenta cada d\u00eda con el humor viral y la resistencia de las cuentas familiares.<\/p>\n\n\n\n<p><em>Dejanos tu comentario debajo o escribinos a <a href=\"mailto:enorsaionline@gmail.com\">enorsaionline@gmail.com<\/a><\/em><\/p>\n\n\n\n<h2 class=\"wp-block-heading\">Preguntas frecuentes<\/h2>\n\n\n\n<h3 class=\"wp-block-heading\">\u00bfQu\u00e9 dijo Javier Milei sobre los salarios en la CPAC?<\/h3>\n\n\n\n<p>El presidente asegur\u00f3 que los salarios triplicaron su valor y que hoy rondan los 1.200 d\u00f3lares, una afirmaci\u00f3n cuestionada por economistas y usuarios en redes sociales.<\/p>\n\n\n\n<h3 class=\"wp-block-heading\">\u00bfCu\u00e1l es el salario m\u00ednimo en d\u00f3lares en Argentina actualmente?<\/h3>\n\n\n\n<p>Con la cotizaci\u00f3n del d\u00f3lar oficial, el salario m\u00ednimo equivale a menos de 400 d\u00f3lares, muy lejos de los 1.200 que mencion\u00f3 Milei.<\/p>\n\n\n\n<h3 class=\"wp-block-heading\">\u00bfQui\u00e9n estuvo presente en la CPAC junto a Milei?<\/h3>\n\n\n\n<p>El mandatario se reuni\u00f3 en Paraguay con el presidente Santiago Pe\u00f1a, adem\u00e1s de participar en paneles con referentes de la ultraderecha internacional.<\/p>\n\n\n\n<h3 class=\"wp-block-heading\">\u00bfQu\u00e9 dijo el vocero Manuel Adorni sobre la corrupci\u00f3n?<\/h3>\n\n\n\n<p>Durante una conferencia, cometi\u00f3 un furcio al afirmar que \u201cel m\u00e1s comprometido con la corrupci\u00f3n es el presidente\u201d, lo cual gener\u00f3 pol\u00e9mica. <a href=\"https:\/\/www.pagina12.com.ar\/\" target=\"_blank\" rel=\"noreferrer noopener\">P\u00e1gina 12<\/a> tambi\u00e9n se hizo eco del episodio.<\/p>\n\n\n\n<h3 class=\"wp-block-heading\">\u00bfD\u00f3nde puedo leer m\u00e1s an\u00e1lisis sobre salarios y econom\u00eda?<\/h3>\n\n\n\n<p>Encontr\u00e1 m\u00e1s informaci\u00f3n en la secci\u00f3n de <a href=\"https:\/\/www.enorsai.com\/economia\/\" target=\"_blank\" rel=\"noreferrer noopener\">Econom\u00eda de Enorsai<\/a>, con estad\u00edsticas oficiales y an\u00e1lisis cr\u00edticos de la actualidad.<\/p>\n","protected":false},"excerpt":{"rendered":"<p>\u00abMilei en la CPAC dijo que triplic\u00f3 sueldos a 1.200 d\u00f3lares, pero los datos lo contradicen. El furcio de Adorni desat\u00f3 otra pol\u00e9mica.\u00bb<\/p>\n","protected":false},"author":4,"featured_media":8854,"comment_status":"open","ping_status":"open","sticky":false,"template":"","format":"standard","meta":{"_monsterinsights_skip_tracking":false,"_monsterinsights_sitenote_active":false,"_monsterinsights_sitenote_note":"","_monsterinsights_sitenote_category":0,"footnotes":"","jetpack_publicize_message":"\"Milei habl\u00f3 de sueldos de 1.200 d\u00f3lares en la CPAC y estallaron los memes. Un furcio de Adorni sum\u00f3 m\u00e1s pol\u00e9mica a la semana pol\u00edtica.\"","jetpack_publicize_feature_enabled":true,"jetpack_social_post_already_shared":false,"jetpack_social_options":{"image_generator_settings":{"template":"highway","default_image_id":0,"font":"","enabled":false},"version":2}},"categories":[3,2],"tags":[3592,3595,1816,3590,3591,3589,3594,3593],"class_list":["post-8852","post","type-post","status-publish","format-standard","has-post-thumbnail","hentry","category-economia","category-politica","tag-adorni-furcio-corrupcion","tag-cpac-ultraderecha-milei","tag-economia-argentina-2025","tag-javier-milei-paraguay","tag-milei-cpac","tag-milei-salarios","tag-salario-minimo-argentina-2025","tag-triplicacion-de-sueldos-milei"],"jetpack_publicize_connections":[],"_links":{"self":[{"href":"https:\/\/www.enorsai.com\/noticias\/wp-json\/wp\/v2\/posts\/8852","targetHints":{"allow":["GET"]}}],"collection":[{"href":"https:\/\/www.enorsai.com\/noticias\/wp-json\/wp\/v2\/posts"}],"about":[{"href":"https:\/\/www.enorsai.com\/noticias\/wp-json\/wp\/v2\/types\/post"}],"author":[{"embeddable":true,"href":"https:\/\/www.enorsai.com\/noticias\/wp-json\/wp\/v2\/users\/4"}],"replies":[{"embeddable":true,"href":"https:\/\/www.enorsai.com\/noticias\/wp-json\/wp\/v2\/comments?post=8852"}],"version-history":[{"count":1,"href":"https:\/\/www.enorsai.com\/noticias\/wp-json\/wp\/v2\/posts\/8852\/revisions"}],"predecessor-version":[{"id":8855,"href":"https:\/\/www.enorsai.com\/noticias\/wp-json\/wp\/v2\/posts\/8852\/revisions\/8855"}],"wp:featuredmedia":[{"embeddable":true,"href":"https:\/\/www.enorsai.com\/noticias\/wp-json\/wp\/v2\/media\/8854"}],"wp:attachment":[{"href":"https:\/\/www.enorsai.com\/noticias\/wp-json\/wp\/v2\/media?parent=8852"}],"wp:term":[{"taxonomy":"category","embeddable":true,"href":"https:\/\/www.enorsai.com\/noticias\/wp-json\/wp\/v2\/categories?post=8852"},{"taxonomy":"post_tag","embeddable":true,"href":"https:\/\/www.enorsai.com\/noticias\/wp-json\/wp\/v2\/tags?post=8852"}],"curies":[{"name":"wp","href":"https:\/\/api.w.org\/{rel}","templated":true}]}}