{"id":8847,"date":"2025-09-17T05:57:43","date_gmt":"2025-09-17T08:57:43","guid":{"rendered":"https:\/\/www.enorsai.com\/noticias\/politica\/periodistas-denuncian-que-la-milei-prohibio-grabar-su-discurso-en-el-cpac-de-asuncion\/"},"modified":"2025-09-17T05:57:43","modified_gmt":"2025-09-17T08:57:43","slug":"periodistas-denuncian-que-la-milei-prohibio-grabar-su-discurso-en-el-cpac-de-asuncion","status":"publish","type":"post","link":"https:\/\/www.enorsai.com\/noticias\/politica\/periodistas-denuncian-que-la-milei-prohibio-grabar-su-discurso-en-el-cpac-de-asuncion\/","title":{"rendered":"Periodistas denuncian que la Milei prohibi\u00f3 grabar su discurso en el CPAC de Asunci\u00f3n"},"content":{"rendered":"\n<p>La cobertura del presidente argentino en Paraguay qued\u00f3 marcada por acusaciones de censura y maltrato a la prensa, luego de que guardias privados impidieran registrar su exposici\u00f3n por \u00f3rdenes oficiales.<p><br>El paso de Javier Milei por el vecino pa\u00eds dej\u00f3 una nueva pol\u00e9mica: periodistas paraguayos denunciaron que se les prohibi\u00f3 filmar su discurso en la Conferencia Pol\u00edtica de Acci\u00f3n Conservadora y que incluso intentaron quitarles los celulares. M\u00e1s tarde, el gobierno argentino justific\u00f3 la ausencia de la transmisi\u00f3n oficial del Foro de Emprendedores Industriales del Paraguay alegando un \u201cproblema local\u201d.<br><br>La gira de Javier Milei por Paraguay no estuvo marcada solo por sus declaraciones grandilocuentes sobre salarios y econom\u00eda, sino tambi\u00e9n por un esc\u00e1ndalo que vuelve a poner en el centro la relaci\u00f3n entre su gobierno y la prensa. Lo que deb\u00eda ser una cobertura institucional termin\u00f3 transform\u00e1ndose en un episodio de censura que dej\u00f3 a los periodistas paraguayos en pie de guerra.<br><br>Durante la inauguraci\u00f3n de la Conferencia Pol\u00edtica de Acci\u00f3n Conservadora (CPAC), comunicadores locales denunciaron que no pudieron registrar en video el discurso del mandatario argentino. Seg\u00fan relataron, la orden fue tajante: desde la propia Presidencia argentina se dispuso que nadie pod\u00eda grabar a Milei. La situaci\u00f3n escal\u00f3 al punto de que guardias privados intentaron arrebatarles los celulares para impedir fotos y filmaciones, un hecho repudiado por el Sindicato de Periodistas de Paraguay, que emiti\u00f3 un comunicado de condena.<br><br><\/p><\/p>\n\n\n\n<figure class=\"wp-block-embed is-type-rich is-provider-twitter wp-block-embed-twitter\"><div class=\"wp-block-embed__wrapper\">\n<blockquote class=\"twitter-tweet\" data-width=\"550\" data-dnt=\"true\"><p lang=\"es\" dir=\"ltr\">MILEI EN PARAGUAY | \ud83c\udde6\ud83c\uddf7\ud83c\uddf5\ud83c\uddfe<br><br>\ud83d\udde3\ufe0f El Presidente argentino realiza una charla en el SND.<br><br>\ud83d\udde3\ufe0f Se trata de un encuentro con j\u00f3venes y m\u00e1s temprano se reuni\u00f3 con Santiago Pe\u00f1a. <a href=\"https:\/\/t.co\/GH4LFMNwPK\">pic.twitter.com\/GH4LFMNwPK<\/a><\/p>&mdash; Radio 1000 AM (@1000_am) <a href=\"https:\/\/twitter.com\/1000_am\/status\/1968089952480276948?ref_src=twsrc%5Etfw\">September 16, 2025<\/a><\/blockquote><script async src=\"https:\/\/platform.twitter.com\/widgets.js\" charset=\"utf-8\"><\/script>\n<\/div><\/figure>\n\n\n\n<p><p>El episodio no qued\u00f3 ah\u00ed. M\u00e1s tarde, el presidente deb\u00eda participar en el Foro de Emprendedores Industriales del Paraguay (FEIP), cuya transmisi\u00f3n oficial hab\u00eda sido anunciada con antelaci\u00f3n. Sin embargo, el discurso nunca sali\u00f3 al aire. La explicaci\u00f3n del gobierno argentino fue endeble: atribuy\u00f3 el fracaso a un problema t\u00e9cnico del pa\u00eds anfitri\u00f3n y prometi\u00f3 distribuir la versi\u00f3n taquigr\u00e1fica \u201cni bien est\u00e9 disponible\u201d.<br><br>Pero la duda persiste. \u00bfFue realmente un desperfecto local o una maniobra deliberada para controlar la difusi\u00f3n de lo que dice Milei fuera de Argentina? La coincidencia entre la censura denunciada en el CPAC y la falta de transmisi\u00f3n en el FEIP alimenta las sospechas. Lo cierto es que mientras el libertario proclama transparencia y libertad, su administraci\u00f3n parece aplicar la tijera informativa con un celo preocupante.<br><br>El contraste es brutal. Milei habla de salarios triplicados en Argentina, asegura que \u201clo peor ya pas\u00f3\u201d y promete un futuro de crecimiento, pero puertas adentro su equipo restringe a la prensa, impone filtros y deja en la sombra sus propias palabras. La imagen que queda hacia afuera no es la de un gobierno confiado en su discurso, sino la de uno que teme el registro libre de sus intervenciones.<br><br>En definitiva, lo ocurrido en Asunci\u00f3n revela un patr\u00f3n inquietante. La gesti\u00f3n de Milei no solo ajusta presupuestos y recorta derechos, tambi\u00e9n busca controlar los relatos que se difunden sobre \u00e9l. En tiempos donde la credibilidad se mide en transparencia, la censura es un boomerang que expone m\u00e1s debilidades que fortalezas.<\/p><\/p>\n\n\n\n<p>Fuente:<\/p>\n\n\n\n<p>.https:\/\/www.minutouno.com\/politica\/que-paso-la-transmision-del-discurso-javier-milei-el-foro-emprendedores-industriales-del-paraguay-n6191261<\/p>\n","protected":false},"excerpt":{"rendered":"<p>La cobertura del presidente argentino en Paraguay qued\u00f3 marcada por acusaciones de censura y maltrato a la prensa, luego de que guardias privados impidieran registrar su exposici\u00f3n por \u00f3rdenes oficiales. El paso de Javier Milei por el vecino pa\u00eds dej\u00f3 una nueva pol\u00e9mica: periodistas paraguayos denunciaron que se les prohibi\u00f3 filmar su discurso en la&#8230;<\/p>\n","protected":false},"author":12,"featured_media":8846,"comment_status":"open","ping_status":"open","sticky":false,"template":"","format":"standard","meta":{"_monsterinsights_skip_tracking":false,"_monsterinsights_sitenote_active":false,"_monsterinsights_sitenote_note":"","_monsterinsights_sitenote_category":0,"footnotes":"","jetpack_publicize_message":"","jetpack_publicize_feature_enabled":true,"jetpack_social_post_already_shared":true,"jetpack_social_options":{"image_generator_settings":{"template":"highway","default_image_id":0,"font":"","enabled":false},"version":2}},"categories":[2],"tags":[93,504,1254,27,505,45,1252,933,1344,3588],"class_list":["post-8847","post","type-post","status-publish","format-standard","has-post-thumbnail","hentry","category-politica","tag-argentina","tag-censura","tag-discurso","tag-gobierno","tag-libertad","tag-milei","tag-paraguay","tag-periodistas","tag-prensa","tag-transmision"],"jetpack_publicize_connections":[],"_links":{"self":[{"href":"https:\/\/www.enorsai.com\/noticias\/wp-json\/wp\/v2\/posts\/8847","targetHints":{"allow":["GET"]}}],"collection":[{"href":"https:\/\/www.enorsai.com\/noticias\/wp-json\/wp\/v2\/posts"}],"about":[{"href":"https:\/\/www.enorsai.com\/noticias\/wp-json\/wp\/v2\/types\/post"}],"author":[{"embeddable":true,"href":"https:\/\/www.enorsai.com\/noticias\/wp-json\/wp\/v2\/users\/12"}],"replies":[{"embeddable":true,"href":"https:\/\/www.enorsai.com\/noticias\/wp-json\/wp\/v2\/comments?post=8847"}],"version-history":[{"count":0,"href":"https:\/\/www.enorsai.com\/noticias\/wp-json\/wp\/v2\/posts\/8847\/revisions"}],"wp:featuredmedia":[{"embeddable":true,"href":"https:\/\/www.enorsai.com\/noticias\/wp-json\/wp\/v2\/media\/8846"}],"wp:attachment":[{"href":"https:\/\/www.enorsai.com\/noticias\/wp-json\/wp\/v2\/media?parent=8847"}],"wp:term":[{"taxonomy":"category","embeddable":true,"href":"https:\/\/www.enorsai.com\/noticias\/wp-json\/wp\/v2\/categories?post=8847"},{"taxonomy":"post_tag","embeddable":true,"href":"https:\/\/www.enorsai.com\/noticias\/wp-json\/wp\/v2\/tags?post=8847"}],"curies":[{"name":"wp","href":"https:\/\/api.w.org\/{rel}","templated":true}]}}