{"id":884,"date":"2025-02-08T23:46:47","date_gmt":"2025-02-09T02:46:47","guid":{"rendered":"https:\/\/www.enorsai.com\/noticias\/?p=884"},"modified":"2025-02-08T23:46:47","modified_gmt":"2025-02-09T02:46:47","slug":"miguel-angel-pesce-el-fmi-presiona-milei-tambalea-y-la-devaluacion-acecha","status":"publish","type":"post","link":"https:\/\/www.enorsai.com\/noticias\/economia\/miguel-angel-pesce-el-fmi-presiona-milei-tambalea-y-la-devaluacion-acecha\/","title":{"rendered":"Miguel \u00c1ngel Pesce: \u00abEl FMI presiona, Milei tambalea y la devaluaci\u00f3n acecha\u00bb"},"content":{"rendered":"\n<p><strong>El propio presidente reconoce el atraso cambiario, pero sigue jugando con fuego mientras el ajuste golpea a los argentinos.<\/strong><\/p>\n\n\n\n<p>El ex presidente del Banco Central, Miguel \u00c1ngel Pesce, desnud\u00f3 con crudeza la estrategia econ\u00f3mica de Javier Milei y el inevitable desenlace que se avecina: una nueva devaluaci\u00f3n. En una entrevista con el programa <em>Toma y Daca<\/em>, el economista analiz\u00f3 la presi\u00f3n del Fondo Monetario Internacional (FMI) sobre la Argentina y la creciente incapacidad del Gobierno para sostener su pol\u00edtica cambiaria sin acumular reservas.<\/p>\n\n\n\n<p><strong>La receta del FMI: ajuste, devaluaci\u00f3n y miseria<\/strong><\/p>\n\n\n\n<p>El Fondo tiene una obsesi\u00f3n clara: la acumulaci\u00f3n de reservas. \u00abEl Gobierno est\u00e1 teniendo resultados bajando la inflaci\u00f3n, pero no los tiene acumulando reservas, entonces el FMI exige una devaluaci\u00f3n\u00bb, se\u00f1al\u00f3 Pesce. En otras palabras, la pol\u00edtica de Milei de mantener un d\u00f3lar oficial artificialmente bajo est\u00e1 chocando con los n\u00fameros rojos del Banco Central.<\/p>\n\n\n\n<p>El ex titular del BCRA dej\u00f3 en claro que la flexibilizaci\u00f3n del organismo financiero internacional tiene l\u00edmites. \u00abEl FMI ha demostrado ductilidad pol\u00edtica, ya lo vimos con Macri. Pero no creo que haya un acuerdo de largo plazo con este Gobierno en este contexto\u00bb. La raz\u00f3n es evidente: sin un colch\u00f3n de d\u00f3lares, el ajuste eterno no es viable ni siquiera para los tecn\u00f3cratas de Washington.<\/p>\n\n\n\n<p><strong>Un modelo que no cierra (ni con represi\u00f3n)<\/strong><\/p>\n\n\n\n<p>Pesce tambi\u00e9n remarc\u00f3 la contradicci\u00f3n en la estrategia oficial. \u00abPara que el FMI te d\u00e9 m\u00e1s d\u00f3lares necesitas hacer otras cosas, como devaluar, que el Gobierno no est\u00e1 dispuesto a hacer\u00bb. El problema es que el modelo actual tampoco puede sostenerse en el tiempo. La falta de divisas pone en jaque el abastecimiento de insumos y amenaza con paralizar sectores productivos clave. No es casualidad que las importaciones, en lugar de normalizarse, sigan en un cuello de botella.<\/p>\n\n\n\n<p>El propio Milei reconoce que el d\u00f3lar oficial est\u00e1 retrasado. \u00abTodos reconocen que hay atraso cambiario, hasta Javier Milei en su art\u00edculo. Pero el atraso cambiario tiene consecuencias\u00bb, advirti\u00f3 Pesce. Y esas consecuencias pueden ser devastadoras: la pr\u00f3xima devaluaci\u00f3n, cuando llegue, impactar\u00e1 de lleno en los precios, licuando los salarios a\u00fan m\u00e1s y sumiendo a m\u00e1s argentinos en la pobreza.<\/p>\n\n\n\n<p><strong>El espejismo del \u00absuper\u00e1vit\u00bb y el colapso en el horizonte<\/strong><\/p>\n\n\n\n<p>Mientras tanto, Milei se regodea en un \u00absuper\u00e1vit\u00bb fiscal que es una farsa sostenida a fuerza de recortes brutales en jubilaciones, obra p\u00fablica y subsidios. Pero la bomba de tiempo sigue tictaqueando. \u00abVa a haber exigencias de parte del FMI y todo el mundo va a sospechar que si se llega a ese acuerdo es porque hay otro m\u00e1s adelante\u00bb, alert\u00f3 Pesce.<\/p>\n\n\n\n<p>El problema es que no hay perspectivas de que la econom\u00eda real repunte. \u00abTodos esper\u00e1bamos que para este a\u00f1o alguna parte de la infraestructura para exportar petr\u00f3leo estuviera terminada y eso aportar\u00eda a la balanza cambiaria, pero la \u00fanica estructura disponible es la que se hizo el Gobierno anterior\u00bb. La falta de inversi\u00f3n y el desprecio por la planificaci\u00f3n est\u00e1n sellando el destino de un pa\u00eds que se encamina hacia un nuevo colapso financiero.<\/p>\n\n\n\n<p><strong>Con una inflaci\u00f3n reprimida, una econom\u00eda estancada y una bomba cambiaria latente, el desenlace es previsible. Y cuando explote, Milei har\u00e1 lo que mejor sabe: culpar a \u00abla casta\u00bb, a los \u00abzurditos\u00bb o al Papa Francisco. Pero la realidad es que la econom\u00eda no se maneja con memes ni con esloganes libertarios. Y el costo de esa irresponsabilidad lo pagar\u00e1 el pueblo argentino.<\/strong><\/p>\n\n\n\n<hr class=\"wp-block-separator has-alpha-channel-opacity\"\/>\n","protected":false},"excerpt":{"rendered":"<p>El propio presidente reconoce el atraso cambiario, pero sigue jugando con fuego mientras el ajuste golpea a los argentinos. El ex presidente del Banco Central, Miguel \u00c1ngel Pesce, desnud\u00f3 con crudeza la estrategia econ\u00f3mica de Javier Milei y el inevitable desenlace que se avecina: una nueva devaluaci\u00f3n. En una entrevista con el programa Toma y&#8230;<\/p>\n","protected":false},"author":4,"featured_media":885,"comment_status":"open","ping_status":"open","sticky":false,"template":"","format":"standard","meta":{"_monsterinsights_skip_tracking":false,"_monsterinsights_sitenote_active":false,"_monsterinsights_sitenote_note":"","_monsterinsights_sitenote_category":0,"footnotes":"","jetpack_publicize_message":"","jetpack_publicize_feature_enabled":true,"jetpack_social_post_already_shared":true,"jetpack_social_options":{"image_generator_settings":{"template":"highway","default_image_id":0,"font":"","enabled":false},"version":2}},"categories":[3],"tags":[335,334,333,331,332],"class_list":["post-884","post","type-post","status-publish","format-standard","has-post-thumbnail","hentry","category-economia","tag-banco-central-reservas","tag-crisis-economica-argentina","tag-devaluacion-en-argentina","tag-fmi-y-argentina-2025","tag-javier-milei-atraso-cambiario"],"jetpack_publicize_connections":[],"_links":{"self":[{"href":"https:\/\/www.enorsai.com\/noticias\/wp-json\/wp\/v2\/posts\/884","targetHints":{"allow":["GET"]}}],"collection":[{"href":"https:\/\/www.enorsai.com\/noticias\/wp-json\/wp\/v2\/posts"}],"about":[{"href":"https:\/\/www.enorsai.com\/noticias\/wp-json\/wp\/v2\/types\/post"}],"author":[{"embeddable":true,"href":"https:\/\/www.enorsai.com\/noticias\/wp-json\/wp\/v2\/users\/4"}],"replies":[{"embeddable":true,"href":"https:\/\/www.enorsai.com\/noticias\/wp-json\/wp\/v2\/comments?post=884"}],"version-history":[{"count":1,"href":"https:\/\/www.enorsai.com\/noticias\/wp-json\/wp\/v2\/posts\/884\/revisions"}],"predecessor-version":[{"id":886,"href":"https:\/\/www.enorsai.com\/noticias\/wp-json\/wp\/v2\/posts\/884\/revisions\/886"}],"wp:featuredmedia":[{"embeddable":true,"href":"https:\/\/www.enorsai.com\/noticias\/wp-json\/wp\/v2\/media\/885"}],"wp:attachment":[{"href":"https:\/\/www.enorsai.com\/noticias\/wp-json\/wp\/v2\/media?parent=884"}],"wp:term":[{"taxonomy":"category","embeddable":true,"href":"https:\/\/www.enorsai.com\/noticias\/wp-json\/wp\/v2\/categories?post=884"},{"taxonomy":"post_tag","embeddable":true,"href":"https:\/\/www.enorsai.com\/noticias\/wp-json\/wp\/v2\/tags?post=884"}],"curies":[{"name":"wp","href":"https:\/\/api.w.org\/{rel}","templated":true}]}}