{"id":8828,"date":"2025-09-16T13:39:55","date_gmt":"2025-09-16T16:39:55","guid":{"rendered":"https:\/\/www.enorsai.com\/noticias\/?p=8828"},"modified":"2025-09-16T13:46:28","modified_gmt":"2025-09-16T16:46:28","slug":"buenos-aires-cerro-todos-los-juicios-por-deuda-externa-con-bonistas-que-no-ingresaron-al-canje","status":"publish","type":"post","link":"https:\/\/www.enorsai.com\/noticias\/economia\/buenos-aires-cerro-todos-los-juicios-por-deuda-externa-con-bonistas-que-no-ingresaron-al-canje\/","title":{"rendered":"Buenos Aires cerr\u00f3 todos los juicios por deuda externa con bonistas que no ingresaron al canje"},"content":{"rendered":"\n<p>El acuerdo replica las condiciones de la reestructuraci\u00f3n de 2021 y garantiza la sostenibilidad de la deuda provincial<br><br>Axel Kicillof y el ministro Pablo L\u00f3pez destacaron que la Provincia logra as\u00ed cerrar definitivamente el cap\u00edtulo de litigios internacionales, pese al ahogo financiero que impone el gobierno nacional.<br><br>El gobierno de la provincia de Buenos Aires anunci\u00f3 que alcanz\u00f3 un acuerdo con los bonistas que hab\u00edan obtenido fallos favorables en las cortes de Nueva York por no haber ingresado al canje de deuda de 2021. Con este entendimiento, que replica las condiciones de aquella reestructuraci\u00f3n, se cierran todos los juicios pendientes contra la Provincia, incluyendo desistimientos recientes de demandas en Alemania.<br><br>El ministro de Econom\u00eda bonaerense, Pablo L\u00f3pez, subray\u00f3 la importancia del logro: \u201cEste es un hito m\u00e1s en el camino que iniciamos en 2020 desde la gesti\u00f3n del gobernador Axel Kicillof. Hemos logrado retornar a un sendero de sostenibilidad y responsabilidad en t\u00e9rminos de deuda p\u00fablica, con todos los beneficios que ello conlleva. Con este nuevo acuerdo reafirmamos nuestro compromiso con el cumplimiento de nuestras obligaciones en el marco de una administraci\u00f3n responsable que, a pesar de un contexto extremadamente complejo, nos permite seguir dando respuesta a las necesidades de los bonaerenses\u201d.<br><br>Deuda heredada y reestructuraci\u00f3n<br><br>El acuerdo tiene como trasfondo el fuerte endeudamiento tomado por la gesti\u00f3n de Mar\u00eda Eugenia Vidal entre 2016 y 2019, cuando la provincia emiti\u00f3 m\u00e1s de 5.000 millones de d\u00f3lares en los mercados internacionales. Ese endeudamiento duplic\u00f3 la carga de los servicios de deuda, que pasaron de representar el 10% de los recursos provinciales en 2016 a casi el 20% en 2019, generando una situaci\u00f3n insostenible.<br><br>Frente a esa crisis, en 2020 la administraci\u00f3n de Kicillof inici\u00f3 un proceso de reestructuraci\u00f3n que culmin\u00f3 en 2021 con una adhesi\u00f3n del 97,66% de los acreedores. Ese canje permiti\u00f3 estirar los vencimientos, reducir la presi\u00f3n financiera y cumplir desde entonces en forma regular con los pagos semestrales de los nuevos bonos.<br><br>Condiciones del acuerdo<br><br>Seg\u00fan lo informado oficialmente, las condiciones alcanzadas con los bonistas replican las del canje de 2021:<br><br>Recepci\u00f3n de la misma cantidad de bonos en d\u00f3lares con vencimiento 2037 que hubieran obtenido de haber ingresado al canje original.<br><br>Pago en efectivo de un monto equivalente a los servicios que esos bonos devengaron y fueron abonados por la Provincia desde 2021 hasta la actualidad.<br><br><br>El entendimiento, resultado de un proceso de mediaci\u00f3n, permiti\u00f3 cerrar los litigios sin comprometer la sustentabilidad fiscal, completando pr\u00e1cticamente en su totalidad el proceso de normalizaci\u00f3n de la deuda iniciado en 2020.<br><br>Un cierre en contexto adverso<br><br>La resoluci\u00f3n llega en un marco particularmente complejo: recortes de transferencias nacionales obligatorias, paralizaci\u00f3n total de la obra p\u00fablica por parte del gobierno de Javier Milei y una situaci\u00f3n macroecon\u00f3mica recesiva. Aun as\u00ed, la Provincia destac\u00f3 que mantendr\u00e1 el compromiso con el cumplimiento de sus obligaciones financieras sin resignar la atenci\u00f3n de las necesidades sociales y productivas de los bonaerenses.<br><br>En definitiva, el acuerdo representa un cierre definitivo del cap\u00edtulo judicial de la deuda heredada, blindando la sostenibilidad financiera de la provincia y marcando un contraste con la pol\u00edtica de endeudamiento que la origin\u00f3.<br><br><\/p>\n","protected":false},"excerpt":{"rendered":"<p>El acuerdo replica las condiciones de la reestructuraci\u00f3n de 2021 y garantiza la sostenibilidad de la deuda provincial Axel Kicillof y el ministro Pablo L\u00f3pez destacaron que la Provincia logra as\u00ed cerrar definitivamente el cap\u00edtulo de litigios internacionales, pese al ahogo financiero que impone el gobierno nacional. El gobierno de la provincia de Buenos Aires&#8230;<\/p>\n","protected":false},"author":11,"featured_media":8829,"comment_status":"open","ping_status":"open","sticky":false,"template":"","format":"standard","meta":{"_monsterinsights_skip_tracking":false,"_monsterinsights_sitenote_active":false,"_monsterinsights_sitenote_note":"","_monsterinsights_sitenote_category":0,"footnotes":"","jetpack_publicize_message":"","jetpack_publicize_feature_enabled":true,"jetpack_social_post_already_shared":true,"jetpack_social_options":{"image_generator_settings":{"template":"highway","default_image_id":0,"font":"","enabled":false},"version":2}},"categories":[3],"tags":[104],"class_list":["post-8828","post","type-post","status-publish","format-standard","has-post-thumbnail","hentry","category-economia","tag-kicillof"],"jetpack_publicize_connections":[],"_links":{"self":[{"href":"https:\/\/www.enorsai.com\/noticias\/wp-json\/wp\/v2\/posts\/8828","targetHints":{"allow":["GET"]}}],"collection":[{"href":"https:\/\/www.enorsai.com\/noticias\/wp-json\/wp\/v2\/posts"}],"about":[{"href":"https:\/\/www.enorsai.com\/noticias\/wp-json\/wp\/v2\/types\/post"}],"author":[{"embeddable":true,"href":"https:\/\/www.enorsai.com\/noticias\/wp-json\/wp\/v2\/users\/11"}],"replies":[{"embeddable":true,"href":"https:\/\/www.enorsai.com\/noticias\/wp-json\/wp\/v2\/comments?post=8828"}],"version-history":[{"count":1,"href":"https:\/\/www.enorsai.com\/noticias\/wp-json\/wp\/v2\/posts\/8828\/revisions"}],"predecessor-version":[{"id":8830,"href":"https:\/\/www.enorsai.com\/noticias\/wp-json\/wp\/v2\/posts\/8828\/revisions\/8830"}],"wp:featuredmedia":[{"embeddable":true,"href":"https:\/\/www.enorsai.com\/noticias\/wp-json\/wp\/v2\/media\/8829"}],"wp:attachment":[{"href":"https:\/\/www.enorsai.com\/noticias\/wp-json\/wp\/v2\/media?parent=8828"}],"wp:term":[{"taxonomy":"category","embeddable":true,"href":"https:\/\/www.enorsai.com\/noticias\/wp-json\/wp\/v2\/categories?post=8828"},{"taxonomy":"post_tag","embeddable":true,"href":"https:\/\/www.enorsai.com\/noticias\/wp-json\/wp\/v2\/tags?post=8828"}],"curies":[{"name":"wp","href":"https:\/\/api.w.org\/{rel}","templated":true}]}}