{"id":8792,"date":"2025-09-15T20:54:06","date_gmt":"2025-09-15T23:54:06","guid":{"rendered":"https:\/\/www.enorsai.com\/noticias\/?p=8792"},"modified":"2025-09-15T21:42:10","modified_gmt":"2025-09-16T00:42:10","slug":"sabrina-selva-la-eleccion-de-octubre-es-clave-para-restaurar-el-equilibrio-institucional-y-limitar-a-milei","status":"publish","type":"post","link":"https:\/\/www.enorsai.com\/noticias\/politica\/sabrina-selva-la-eleccion-de-octubre-es-clave-para-restaurar-el-equilibrio-institucional-y-limitar-a-milei\/","title":{"rendered":"Sabrina Selva: \u201cLa elecci\u00f3n de octubre es clave para restaurar el equilibrio institucional y limitar a Milei\u201d"},"content":{"rendered":"\n<p>Por Redacci\u00f3n Enorsai<\/p>\n\n\n\n<p>Sabrina Selva, diputada nacional de Uni\u00f3n por la Patria, destac\u00f3 en El Destape la importancia estrat\u00e9gica de las elecciones legislativas de octubre: \u201cEl Congreso es el principal l\u00edmite a las pol\u00edticas de Milei y el equilibrio de poderes se juega en las urnas\u201d. La unidad del peronismo, el di\u00e1logo con otros bloques y la reconstrucci\u00f3n democr\u00e1tica centran su an\u00e1lisis de cara a 2027. M\u00e1s contenido pol\u00edtico y social en <a href=\"https:\/\/www.enorsai.com.ar\/\" target=\"_blank\" rel=\"noreferrer noopener\">enorsai.com.ar<\/a> y <a href=\"https:\/\/www.enorsai.com\/\" target=\"_blank\" rel=\"noreferrer noopener\">enorsai.com<\/a>.<\/p>\n\n\n\n<h2 class=\"wp-block-heading\">El Congreso como frontera y el valor de octubre<\/h2>\n\n\n\n<p>Selva remarca que el Congreso es \u201choy la herramienta m\u00e1s importante para ponerle un l\u00edmite a Milei\u201d, y que la elecci\u00f3n del 26 de octubre, donde se renueva medio parlamento y un tercio del Senado, definir\u00e1 la capacidad opositora para condicionar la agenda del oficialismo y defender el equilibrio institucional. Enterate m\u00e1s sobre la agenda legislativa en nuestras noticias de <a href=\"https:\/\/www.enorsai.com.ar\/politica\/\" target=\"_blank\" rel=\"noreferrer noopener\">Pol\u00edtica en Enorsai.com.ar<\/a> y <a href=\"https:\/\/www.enorsai.com\/politica\/\" target=\"_blank\" rel=\"noreferrer noopener\">Pol\u00edtica en Enorsai.com<\/a>.<\/p>\n\n\n\n<ul class=\"wp-block-list\">\n<li>Creci\u00f3 el di\u00e1logo transversal entre gobernadores y bloques de distintos partidos, ahora m\u00e1s preocupados por el rumbo nacional que por viejas distancias partidarias.<\/li>\n\n\n\n<li>La oposici\u00f3n construy\u00f3 consensos parlamentarios clave y Selva destaca el trabajo conjunto en la C\u00e1mara de Diputados, especialmente en el control sobre fondos discrecionales y comisiones investigadoras. Acced\u00e9 a las \u00faltimas investigaciones pol\u00edticas en <a href=\"https:\/\/www.enorsai.com.ar\/investigacion\/\" target=\"_blank\" rel=\"noreferrer noopener\">Investigaci\u00f3n Enorsai.com.ar<\/a> y <a href=\"https:\/\/www.enorsai.com\/investigacion\/\" target=\"_blank\" rel=\"noreferrer noopener\">Investigaci\u00f3n Enorsai.com<\/a>.<\/li>\n\n\n\n<li>Se\u00f1ala que la estrategia electoral que prioriz\u00f3 unidad y territorialidad fue clave para la remontada, y pide prudencia para no caer en exitismo sino construir una alternativa robusta a futuro.<\/li>\n<\/ul>\n\n\n\n<h2 class=\"wp-block-heading\">Unidad, ampliaci\u00f3n y autocr\u00edtica en el peronismo<\/h2>\n\n\n\n<p>La dirigente bonaerense reconoce que la unidad interna permiti\u00f3 enfrentar a Milei, ayudada por l\u00edderes como Kicillof y Massa, pero subraya: \u201cEl futuro se juega ampliando el espacio m\u00e1s all\u00e1 del justicialismo y discutiendo con madurez institucional nuestras diferencias internas\u201d. Segu\u00ed el an\u00e1lisis del peronismo y la oposici\u00f3n en <a href=\"https:\/\/www.enorsai.com.ar\/opinion\/\" target=\"_blank\" rel=\"noreferrer noopener\">Opini\u00f3n Enorsai.com.ar<\/a> y <a href=\"https:\/\/www.enorsai.com\/opinion\/\" target=\"_blank\" rel=\"noreferrer noopener\">Opini\u00f3n Enorsai.com<\/a>.<\/p>\n\n\n\n<ul class=\"wp-block-list\">\n<li>El peronismo debe institucionalizar los mecanismos democr\u00e1ticos de debate interno y apertura (como las PASO) y sumar alianzas con sectores moderados que permitan conformar una alternativa competitiva para 2027.<\/li>\n\n\n\n<li>Selva destaca el rol de la cercan\u00eda con la ciudadan\u00eda, el trabajo legislativo riguroso y la necesidad de aprender de errores pasados sin autocomplacencia.<\/li>\n\n\n\n<li>Alerta contra subestimar el descontento y insiste en conectar debates pol\u00edticos con demandas sociales reales. Informes sociales y contexto en <a href=\"https:\/\/www.enorsai.com.ar\/sociedad\/\" target=\"_blank\" rel=\"noreferrer noopener\">Sociedad Enorsai.com.ar<\/a> y <a href=\"https:\/\/www.enorsai.com\/sociedad\/\" target=\"_blank\" rel=\"noreferrer noopener\">Sociedad Enorsai.com<\/a>.<\/li>\n<\/ul>\n\n\n\n<p><strong>Infograf\u00eda | Puntos clave seg\u00fan Sabrina Selva<\/strong><\/p>\n\n\n\n<figure class=\"wp-block-table\"><table class=\"has-fixed-layout\"><tbody><tr><th>Eje<\/th><th>Diagn\u00f3stico<\/th><\/tr><tr><td>Elecci\u00f3n de octubre<\/td><td>Define el equilibrio de poderes y frena la agenda unilateral del Ejecutivo<\/td><\/tr><tr><td>Unidad opositora<\/td><td>Clave para frenar el avance de Milei y reconstruir la confianza social<\/td><\/tr><tr><td>Ampliaci\u00f3n y alianzas<\/td><td>Imprescindibles para una alternativa real al oficialismo en 2027<\/td><\/tr><tr><td>Autocr\u00edtica interna<\/td><td>Debates democr\u00e1ticos como base para el futuro<\/td><\/tr><\/tbody><\/table><\/figure>\n\n\n\n<h2 class=\"wp-block-heading\">De la resistencia al proyecto: reconstrucci\u00f3n democr\u00e1tica<\/h2>\n\n\n\n<p>Selva prev\u00e9 que el escenario de confrontaci\u00f3n abrir\u00e1 un nuevo ciclo de reconstrucci\u00f3n y debate plural: \u201cEl Congreso debe ser sem\u00e1foro frente a los excesos de poder, pero tambi\u00e9n espacio para pol\u00edticas p\u00fablicas prioritarias y reconstrucci\u00f3n del pacto social\u201d. Encontr\u00e1 m\u00e1s voces y construcci\u00f3n democr\u00e1tica en <a href=\"https:\/\/www.enorsai.com.ar\/\" target=\"_blank\" rel=\"noreferrer noopener\">Enorsai.com.ar<\/a> y <a href=\"https:\/\/www.enorsai.com\/\" target=\"_blank\" rel=\"noreferrer noopener\">Enorsai.com<\/a>.<\/p>\n\n\n\n<ul class=\"wp-block-list\">\n<li>Insiste en que las diferencias en redes o el microclima de la militancia importan menos que el v\u00ednculo real con la poblaci\u00f3n y la resoluci\u00f3n efectiva de los problemas sociales y econ\u00f3micos.<\/li>\n\n\n\n<li>La etapa que viene es la oportunidad para demostrar capacidad de alternativa y apertura: \u201cEs un principio, no un fin\u201d, concluye.<\/li>\n<\/ul>\n\n\n\n<p>M\u00e1s an\u00e1lisis y entrevistas con diputadas clave en <a href=\"https:\/\/www.enorsai.com.ar\/entrevistas\/\" target=\"_blank\" rel=\"noreferrer noopener\">Entrevistas Enorsai.com.ar<\/a> y <a href=\"https:\/\/www.enorsai.com\/entrevistas\/\" target=\"_blank\" rel=\"noreferrer noopener\">Entrevistas Enorsai.com<\/a>.<\/p>\n\n\n\n<p><strong>Reflexi\u00f3n final:<\/strong> Para Sabrina Selva, octubre es la bisagra: restaurar la divisi\u00f3n de poderes, fortalecer el Congreso y construir una nueva mayor\u00eda requiere unidad opositora, apertura y una escucha real de la sociedad.<\/p>\n\n\n\n<p>Opin\u00e1 o envi\u00e1 tu an\u00e1lisis a <a href=\"mailto:enorsaionline@gmail.com\">enorsaionline@gmail.com<\/a><\/p>\n\n\n\n<p>Le\u00e9 m\u00e1s an\u00e1lisis y actualidad pol\u00edtica en <a href=\"https:\/\/www.enorsai.com.ar\/\" target=\"_blank\" rel=\"noreferrer noopener\">enorsai.com.ar<\/a> y <a href=\"https:\/\/www.enorsai.com\/\" target=\"_blank\" rel=\"noreferrer noopener\">enorsai.com<\/a><\/p>\n\n\n\n<h2 class=\"wp-block-heading\">Preguntas frecuentes sobre la estrategia opositora y octubre<\/h2>\n\n\n\n<h3 class=\"wp-block-heading\">\u00bfQu\u00e9 destaca Selva sobre la elecci\u00f3n de octubre?<\/h3>\n\n\n\n<p>Que el Congreso y la oposici\u00f3n unida son el principal l\u00edmite democr\u00e1tico a las pol\u00edticas de Milei y el punto de partida para un nuevo ciclo pol\u00edtico. M\u00e1s detalles en <a href=\"https:\/\/www.enorsai.com.ar\/\" target=\"_blank\" rel=\"noreferrer noopener\">enorsai.com.ar<\/a> y <a href=\"https:\/\/www.enorsai.com\/\" target=\"_blank\" rel=\"noreferrer noopener\">enorsai.com<\/a>.<\/p>\n\n\n\n<h3 class=\"wp-block-heading\">\u00bfQu\u00e9 rol juega la unidad peronista seg\u00fan su lectura?<\/h3>\n\n\n\n<p>Fue decisiva para enfrentar el ajuste y debe seguirse fortaleciendo y abri\u00e9ndose para construir mayor\u00edas plurales hacia 2027. Leelo en <a href=\"https:\/\/www.enorsai.com.ar\/\" target=\"_blank\" rel=\"noreferrer noopener\">enorsai.com.ar<\/a> y <a href=\"https:\/\/www.enorsai.com\/\" target=\"_blank\" rel=\"noreferrer noopener\">enorsai.com<\/a>.<\/p>\n\n\n\n<h3 class=\"wp-block-heading\">\u00bfQu\u00e9 cambios se\u00f1ala respecto al di\u00e1logo pol\u00edtico?<\/h3>\n\n\n\n<p>Hoy hay m\u00e1s consenso entre bloques y gobernadores, con preocupaci\u00f3n general ante el rumbo nacional y menos distancias partidarias. Actualidad y an\u00e1lisis en <a href=\"https:\/\/www.enorsai.com.ar\/\" target=\"_blank\" rel=\"noreferrer noopener\">enorsai.com.ar<\/a> y <a href=\"https:\/\/www.enorsai.com\/\" target=\"_blank\" rel=\"noreferrer noopener\">enorsai.com<\/a>.<\/p>\n\n\n\n<h3 class=\"wp-block-heading\">\u00bfQu\u00e9 actitud propone frente al resultado electoral y las disputas internas?<\/h3>\n\n\n\n<p>Propone autocr\u00edtica interna, institucionalizar debates y priorizar la ampliaci\u00f3n y el contacto real con la sociedad, por encima del microclima. Segu\u00ed el debate en <a href=\"https:\/\/www.enorsai.com.ar\/\" target=\"_blank\" rel=\"noreferrer noopener\">enorsai.com.ar<\/a> y <a href=\"https:\/\/www.enorsai.com\/\" target=\"_blank\" rel=\"noreferrer noopener\">enorsai.com<\/a>.<\/p>\n","protected":false},"excerpt":{"rendered":"<p>Sabrina Selva destaca la elecci\u00f3n de octubre como clave para limitar a Milei, restaurar el equilibrio institucional y construir una alternativa pol\u00edtica amplia de cara a 2027.<\/p>\n","protected":false},"author":5,"featured_media":8793,"comment_status":"open","ping_status":"open","sticky":false,"template":"","format":"standard","meta":{"_monsterinsights_skip_tracking":false,"_monsterinsights_sitenote_active":false,"_monsterinsights_sitenote_note":"","_monsterinsights_sitenote_category":0,"footnotes":"","jetpack_publicize_message":"Sabrina Selva: \u201cLa elecci\u00f3n de octubre es clave para restaurar el equilibrio institucional y limitar a Milei\u201d","jetpack_publicize_feature_enabled":true,"jetpack_social_post_already_shared":false,"jetpack_social_options":{"image_generator_settings":{"template":"highway","default_image_id":0,"font":"","enabled":false},"version":2}},"categories":[2,4],"tags":[93,257,209,3586,2979,3587,45,72,3346,1767],"class_list":["post-8792","post","type-post","status-publish","format-standard","has-post-thumbnail","hentry","category-politica","category-sociedad","tag-argentina","tag-congreso","tag-democracia","tag-elecciones-octubre-2025","tag-enorsai","tag-equilibrio-de-poderes","tag-milei","tag-politica","tag-sabrina-selva","tag-unidad-peronista"],"jetpack_publicize_connections":[],"_links":{"self":[{"href":"https:\/\/www.enorsai.com\/noticias\/wp-json\/wp\/v2\/posts\/8792","targetHints":{"allow":["GET"]}}],"collection":[{"href":"https:\/\/www.enorsai.com\/noticias\/wp-json\/wp\/v2\/posts"}],"about":[{"href":"https:\/\/www.enorsai.com\/noticias\/wp-json\/wp\/v2\/types\/post"}],"author":[{"embeddable":true,"href":"https:\/\/www.enorsai.com\/noticias\/wp-json\/wp\/v2\/users\/5"}],"replies":[{"embeddable":true,"href":"https:\/\/www.enorsai.com\/noticias\/wp-json\/wp\/v2\/comments?post=8792"}],"version-history":[{"count":1,"href":"https:\/\/www.enorsai.com\/noticias\/wp-json\/wp\/v2\/posts\/8792\/revisions"}],"predecessor-version":[{"id":8794,"href":"https:\/\/www.enorsai.com\/noticias\/wp-json\/wp\/v2\/posts\/8792\/revisions\/8794"}],"wp:featuredmedia":[{"embeddable":true,"href":"https:\/\/www.enorsai.com\/noticias\/wp-json\/wp\/v2\/media\/8793"}],"wp:attachment":[{"href":"https:\/\/www.enorsai.com\/noticias\/wp-json\/wp\/v2\/media?parent=8792"}],"wp:term":[{"taxonomy":"category","embeddable":true,"href":"https:\/\/www.enorsai.com\/noticias\/wp-json\/wp\/v2\/categories?post=8792"},{"taxonomy":"post_tag","embeddable":true,"href":"https:\/\/www.enorsai.com\/noticias\/wp-json\/wp\/v2\/tags?post=8792"}],"curies":[{"name":"wp","href":"https:\/\/api.w.org\/{rel}","templated":true}]}}