{"id":8766,"date":"2025-09-15T10:14:14","date_gmt":"2025-09-15T13:14:14","guid":{"rendered":"https:\/\/www.enorsai.com\/noticias\/?p=8766"},"modified":"2025-09-15T10:25:04","modified_gmt":"2025-09-15T13:25:04","slug":"claudio-lozano-el-modelo-milei-ya-estallo-y-lo-sostiene-el-fondo-para-llegar-a-octubre","status":"publish","type":"post","link":"https:\/\/www.enorsai.com\/noticias\/politica\/claudio-lozano-el-modelo-milei-ya-estallo-y-lo-sostiene-el-fondo-para-llegar-a-octubre\/","title":{"rendered":"Claudio Lozano: \u201cEl modelo Milei ya estall\u00f3 y lo sostiene el Fondo para llegar a octubre\u201d"},"content":{"rendered":"\n<p>Por Redacci\u00f3n Enorsai<\/p>\n\n\n\n<p>El economista y dirigente Claudio Lozano asegur\u00f3 en \u201cBatalla Cultural\u201d (El Destape) que el modelo econ\u00f3mico del gobierno nacional ya colaps\u00f3 en abril y s\u00f3lo sobrevive por el respaldo del FMI. \u201cNo hay salida ni sostenibilidad tras el 26 de octubre sin una transformaci\u00f3n profunda\u201d, advirti\u00f3, adem\u00e1s de destacar el liderazgo renovador de Axel Kicillof tras el golpe electoral a Milei.<a href=\"https:\/\/www.youtube.com\/watch?v=yXU0gfWBiYc\" target=\"_blank\" rel=\"noreferrer noopener\">[El Destape]<\/a><\/p>\n\n\n\n<h2 class=\"wp-block-heading\">Un ciclo pol\u00edtico y de crisis terminal<\/h2>\n\n\n\n<p>Para Lozano, la elecci\u00f3n bonaerense marc\u00f3 el \u201cknockout\u201d pol\u00edtico al oficialismo, fortaleciendo la renovaci\u00f3n en el peronismo y consolidando liderazgos que convocan a trazar una alternativa popular superadora, dejando atr\u00e1s los fracasos previos.<a href=\"https:\/\/www.youtube.com\/watch?v=yXU0gfWBiYc\" target=\"_blank\" rel=\"noreferrer noopener\">[El Destape]<\/a><\/p>\n\n\n\n<ul class=\"wp-block-list\">\n<li>El liderazgo de Kicillof en Buenos Aires abre un nuevo tiempo, \u201cindispensable para ofrecer una renovaci\u00f3n real sobre las bases del movimiento popular\u201d.<\/li>\n\n\n\n<li>Lozano sostiene que la reacci\u00f3n ante el \u201cgolpe de las urnas\u201d fue nula: \u201cMilei no cambiar\u00e1 nada. El ajuste, la represi\u00f3n y la corrupci\u00f3n se profundizar\u00e1n; el FMI banca solo para llegar hasta las legislativas\u201d.<\/li>\n<\/ul>\n\n\n\n<h2 class=\"wp-block-heading\">El modelo ya estall\u00f3: datos y l\u00edmites de la motosierra<\/h2>\n\n\n\n<p>Lozano subraya que el supuesto control financiero es un simulacro: \u201cEn siete meses, el gobierno tom\u00f3 17.600 millones de d\u00f3lares en deuda, pero fug\u00f3 30.000 millones entre pagos, fuga y turismo\u201d. Afirma que la recesi\u00f3n, el atraso cambiario, el desplome salarial y el \u201cindustricidio\u201d tornan insostenible el rumbo actual.<a href=\"https:\/\/www.youtube.com\/watch?v=yXU0gfWBiYc\" target=\"_blank\" rel=\"noreferrer noopener\">[El Destape]<\/a><\/p>\n\n\n\n<ul class=\"wp-block-list\">\n<li>\u201cArgentina tiene inflaci\u00f3n en d\u00f3lares y un PIB atado a la represi\u00f3n salarial y el ajuste, pero sin reforma estructural ni divisas.\u201d<\/li>\n\n\n\n<li>Radiograf\u00eda social: 230.000 empleos formales destruidos, informalidad, pluriempleo r\u00e9cord y un 12% de la poblaci\u00f3n con m\u00e1s de dos trabajos.<\/li>\n\n\n\n<li>Denuncia que sostener el ajuste ser\u00e1 imposible tras octubre y que el costo social y pol\u00edtico s\u00f3lo puede derivar en mayor represi\u00f3n y autoritarismo.<\/li>\n<\/ul>\n\n\n\n<p><strong>Infograf\u00eda | Claves del diagn\u00f3stico de Lozano<\/strong><\/p>\n\n\n\n<figure class=\"wp-block-table\"><table class=\"has-fixed-layout\"><tbody><tr><th>Afirmaci\u00f3n<\/th><th>Dato\/relevancia<\/th><\/tr><tr><td>Financiamiento externo record<\/td><td>Deuda +17.600 M USD, fuga y pagos +30.000 M USD en 7 meses<\/td><\/tr><tr><td>Empleo formal destruido<\/td><td>230.000 empleos menos, r\u00e9cord de pluriempleo y jornadas de hasta 16 horas<\/td><\/tr><tr><td>Inflaci\u00f3n y salarios<\/td><td>Poder adquisitivo general -20% frente a 2019, mayor recesi\u00f3n desde 2020<\/td><\/tr><tr><td>Modelo econ\u00f3mico<\/td><td>Recesi\u00f3n, atraso cambiario, represi\u00f3n salarial y nulo plan industrial<\/td><\/tr><\/tbody><\/table><\/figure>\n\n\n\n<h2 class=\"wp-block-heading\">Renovaci\u00f3n pol\u00edtica y desaf\u00edos para el futuro<\/h2>\n\n\n\n<p>El economista destaca la importancia de lograr una \u201cpropuesta popular renovada\u201d, incluyendo ingresos b\u00e1sicos universales, empleo garantizado y nuevos instrumentos distributivos para una clase trabajadora hoy dispersa entre la informalidad y la precariedad.<a href=\"https:\/\/www.youtube.com\/watch?v=yXU0gfWBiYc\" target=\"_blank\" rel=\"noreferrer noopener\">[El Destape]<\/a><\/p>\n\n\n\n<ul class=\"wp-block-list\">\n<li>Plantea reformas fiscales estructurales, control del comercio exterior y una pol\u00edtica productiva que vuelva a darle sentido al mercado interno como motor del crecimiento.<\/li>\n\n\n\n<li>\u201cNo hay salida ampliando la exclusi\u00f3n ni a punta de protocolo antipiquetes: sin cambios profundos, el modelo solo ofrece crisis, represi\u00f3n y desindustrializaci\u00f3n\u201d.<\/li>\n\n\n\n<li>Defiende que el equilibrio fiscal es parte de una estrategia din\u00e1mica y no un dogma, seg\u00fan contexto y proyecto nacional.<\/li>\n<\/ul>\n\n\n\n<h2 class=\"wp-block-heading\">Conclusi\u00f3n: crisis de fin de ciclo y urgencia de cambio<\/h2>\n\n\n\n<p>Lozano advierte que \u201cel modelo ya estall\u00f3\u201d: la sostenibilidad pol\u00edtica, social y financiera del actual experimento libertario se agot\u00f3 en abril y s\u00f3lo queda en pie hasta octubre por soporte externo y manipulaci\u00f3n coyuntural. El futuro, sostiene, exige un viraje profundo y una construcci\u00f3n democr\u00e1tica, inclusiva e industrializadora, que enfrente de ra\u00edz la deuda y el ciclo de exclusi\u00f3n.<a href=\"https:\/\/www.youtube.com\/watch?v=yXU0gfWBiYc\" target=\"_blank\" rel=\"noreferrer noopener\">[El Destape]<\/a><\/p>\n\n\n\n<p>M\u00e1s editoriales y entrevistas en <a href=\"https:\/\/eldestapeweb.com\" target=\"_blank\" rel=\"noreferrer noopener\">El Destape<\/a> y canales de Batalla Cultural.<\/p>\n\n\n\n<p><strong>Reflexi\u00f3n final:<\/strong> Lozano plantea que lo \u00fanico sostenible es un recambio real: \u201cRepetir exclusi\u00f3n o ajuste s\u00f3lo lleva a la represi\u00f3n y la crisis. Hay que repensar todo el r\u00e9gimen econ\u00f3mico y social argentino.\u201d<\/p>\n\n\n\n<p>Opin\u00e1 y envianos tu an\u00e1lisis a <a href=\"mailto:enorsaionline@gmail.com\">enorsaionline@gmail.com<\/a><\/p>\n\n\n\n<h2 class=\"wp-block-heading\">Preguntas frecuentes sobre el an\u00e1lisis de Lozano<\/h2>\n\n\n\n<h3 class=\"wp-block-heading\">\u00bfPor qu\u00e9 Lozano dice que el modelo ya estall\u00f3?<\/h3>\n\n\n\n<p>Sostiene que el gobierno aument\u00f3 deuda pero perdi\u00f3 m\u00e1s d\u00f3lares por pagos y fuga, destruy\u00f3 empleo y enfrenta una crisis social y financiera insostenible.<\/p>\n\n\n\n<h3 class=\"wp-block-heading\">\u00bfQu\u00e9 salida plantea Lozano ante la crisis?<\/h3>\n\n\n\n<p>Reclama un giro productivo, distributivo y democr\u00e1tico, nuevas pol\u00edticas laborales y distributivas, y poner freno a la deuda y fuga de capitales.<\/p>\n\n\n\n<h3 class=\"wp-block-heading\">\u00bfQu\u00e9 impacto social denuncia el economista?<\/h3>\n\n\n\n<p>Destrucci\u00f3n de empleo formal, r\u00e9cord de pluriempleo e informalidad, ca\u00edda del poder adquisitivo y represi\u00f3n como sost\u00e9n del ajuste.<\/p>\n\n\n\n<h3 class=\"wp-block-heading\">\u00bfD\u00f3nde buscar m\u00e1s informaci\u00f3n y debate?<\/h3>\n\n\n\n<p>En El Destape, Batalla Cultural y medios nacionales donde Lozano publica sus an\u00e1lisis econ\u00f3micos y pol\u00edticos.<\/p>\n","protected":false},"excerpt":{"rendered":"<p>Claudio Lozano se\u00f1ala que el modelo libertario de Milei ya colaps\u00f3 y s\u00f3lo sobrevive por el respaldo del FMI; sin cambios profundos, la crisis social y financiera es inevitable.<\/p>\n","protected":false},"author":5,"featured_media":8767,"comment_status":"open","ping_status":"open","sticky":false,"template":"","format":"standard","meta":{"_monsterinsights_skip_tracking":false,"_monsterinsights_sitenote_active":false,"_monsterinsights_sitenote_note":"","_monsterinsights_sitenote_category":0,"footnotes":"","jetpack_publicize_message":"Claudio Lozano: \u201cEl modelo Milei ya estall\u00f3 y lo sostiene el Fondo para llegar a octubre\u201d","jetpack_publicize_feature_enabled":true,"jetpack_social_post_already_shared":false,"jetpack_social_options":{"image_generator_settings":{"template":"highway","default_image_id":0,"font":"","enabled":false},"version":2}},"categories":[3,2],"tags":[3434,636,43,26,2570,32,90,2740,2985,2662,101],"class_list":["post-8766","post","type-post","status-publish","format-standard","has-post-thumbnail","hentry","category-economia","category-politica","tag-batalla-cultural","tag-claudio-lozano","tag-crisis","tag-deuda","tag-el-destape","tag-empleo","tag-fmi","tag-mercado-interno","tag-modelo-milei","tag-poder-adquisitivo","tag-recesion"],"jetpack_publicize_connections":[],"_links":{"self":[{"href":"https:\/\/www.enorsai.com\/noticias\/wp-json\/wp\/v2\/posts\/8766","targetHints":{"allow":["GET"]}}],"collection":[{"href":"https:\/\/www.enorsai.com\/noticias\/wp-json\/wp\/v2\/posts"}],"about":[{"href":"https:\/\/www.enorsai.com\/noticias\/wp-json\/wp\/v2\/types\/post"}],"author":[{"embeddable":true,"href":"https:\/\/www.enorsai.com\/noticias\/wp-json\/wp\/v2\/users\/5"}],"replies":[{"embeddable":true,"href":"https:\/\/www.enorsai.com\/noticias\/wp-json\/wp\/v2\/comments?post=8766"}],"version-history":[{"count":1,"href":"https:\/\/www.enorsai.com\/noticias\/wp-json\/wp\/v2\/posts\/8766\/revisions"}],"predecessor-version":[{"id":8768,"href":"https:\/\/www.enorsai.com\/noticias\/wp-json\/wp\/v2\/posts\/8766\/revisions\/8768"}],"wp:featuredmedia":[{"embeddable":true,"href":"https:\/\/www.enorsai.com\/noticias\/wp-json\/wp\/v2\/media\/8767"}],"wp:attachment":[{"href":"https:\/\/www.enorsai.com\/noticias\/wp-json\/wp\/v2\/media?parent=8766"}],"wp:term":[{"taxonomy":"category","embeddable":true,"href":"https:\/\/www.enorsai.com\/noticias\/wp-json\/wp\/v2\/categories?post=8766"},{"taxonomy":"post_tag","embeddable":true,"href":"https:\/\/www.enorsai.com\/noticias\/wp-json\/wp\/v2\/tags?post=8766"}],"curies":[{"name":"wp","href":"https:\/\/api.w.org\/{rel}","templated":true}]}}