{"id":8760,"date":"2025-09-15T07:46:19","date_gmt":"2025-09-15T10:46:19","guid":{"rendered":"https:\/\/www.enorsai.com\/noticias\/?p=8760"},"modified":"2025-09-15T07:49:41","modified_gmt":"2025-09-15T10:49:41","slug":"diputados-comienzan-a-tratar-los-vetos-de-milei-al-garraham-y-las-universidades","status":"publish","type":"post","link":"https:\/\/www.enorsai.com\/noticias\/politica\/diputados-comienzan-a-tratar-los-vetos-de-milei-al-garraham-y-las-universidades\/","title":{"rendered":"Diputados comienzan a tratar los vetos de Milei al Garraham y las universidades"},"content":{"rendered":"\n<p><strong><em>Diputados de la oposici\u00f3n insistir\u00e1n el pr\u00f3ximo mi\u00e9rcoles con la ley de financiamiento al Hospital Garrahan y las Universidades. Qui\u00e9nes definir\u00e1n la suerte de los vetos de Javier Milei.<\/em><\/strong><\/p>\n\n\n\n<p>Con una multitudinaria marcha como tel\u00f3n de fondo, diputados de la oposici\u00f3n insistir\u00e1n el pr\u00f3ximo mi\u00e9rcoles 17 de septiembre con la ley que declara la emergencia pedi\u00e1trica del Hospital Garrahan y la ley de financiamiento universitario, tras los vetos presidenciales de Javier Milei, entre otros temas incomodos para las fuerzas del cielo.<\/p>\n\n\n\n<p>En ese sentido, al igual que cuando se trato los vetos a la emergencia en discapacidad y el aumento a las jubilaciones, las votaciones se definir\u00e1n por la influencia de un pu\u00f1ado de gobernadores y algunos diputados distanciados del oficialismo, como el bloque Coherencia, que integran Marcelo Pagano, Lourdes Arrieta, Oscar Zago, entre otros.<\/p>\n\n\n\n<p>Vale recordar que, para insistir con los proyectos originales y revertir los vetos del Ejecutivo nacional, la oposici\u00f3n deber\u00e1 juntar dos tercios de los presentes en ambas C\u00e1maras. En el Senado esa mayor\u00eda especial est\u00e1 asegurada por lo que el Gobierno tendr\u00e1 que jugar a fondo para frenar el avance en Diputados.<\/p>\n\n\n\n<p>Sin embargo, la reciente derrota electoral en la provincia de Buenos Aires dej\u00f3 a la Casa Rosada en una situaci\u00f3n de debilidad pol\u00edtica y el veto al proyecto impulsado por los gobernadores para repartir de forma autom\u00e1tica los ATN no hizo m\u00e1s que tensar la relaci\u00f3n con los aliados que necesita en el Congreso.<\/p>\n\n\n\n<p>Por ello, tras el golpe electoral en la provincia de Buenos Aires, las fuerzas del cielo perdieron por casi 15 puntos, el Gobierno nacional convoc\u00f3 de manera fren\u00e9tica a una \u201cmesa nacional de dialogo\u201d con los gobernadores, con el prop\u00f3sito de lavar la cara de la gesti\u00f3n y volver a tener terminales nerviosas con los aliados en el Congreso.<\/p>\n\n\n\n<p>De esta manera, a 45 d\u00edas de los pr\u00f3ximos comicios nacionales, el Gobierno busc\u00f3 activar un plan para superar lo sucedido el domingo por la noche, y avanzar rumbo a las elecciones generales sin dejar heridos pol\u00edticos en el camino. Todos los sectores quedaron comprendidos dentro del plan trazado, aunque con diferentes lugares.<\/p>\n\n\n\n<p>Sin embargo, por repetici\u00f3n, los gobernadores se mostraron esc\u00e9pticos y adelantaron que de no cambiar la postura del mile\u00edsmo con respecto al envi\u00f3 de recursos a las provincias, muchos pasar\u00e1n de participar. Adem\u00e1s, la derrota coloca al Ejecutivo en lugar de debilidad, que los jefes provinciales pretenden aprovechar, lo que complejiza a\u00fan m\u00e1s el escenario en el Parlamento.<\/p>\n\n\n\n<p><strong>El Congreso trata los vetos de Milei: c\u00f3mo viene el poroteo<\/strong><\/p>\n\n\n\n<p>Cuando la emergencia en pediatr\u00eda fue aprobada en Diputados, a principios de agosto, obtuvo 159 votos a favor, 67 en contra y 4 abstenciones. Es decir, la oposici\u00f3n logr\u00f3 llegar a los dos tercios gracias a que hubo 26 legisladores ausentes que no votaron (cuantos menos diputados hay en el recinto, m\u00e1s bajo el umbral para llegar a los dos tercios).<\/p>\n\n\n\n<p>En esa oportunidad los libertarios solo contaron con el apoyo de la mayor\u00eda del PRO y de los radicales \u201ccon peluca\u201d, la bancada que lidera Rodrigo de Loredo. De esta forma, de repetirse el mismo escenario, ser\u00eda una dura derrota para la Casa Rosada, por lo que ahora los libertarios deber\u00e1n sumar voluntades entre los 26 ausentes y las 4 abstenciones para llegar al tercio que le permita blindar la decisi\u00f3n de Milei.<\/p>\n\n\n\n<p>El rol de los gobernadores ser\u00e1 clave. Entre los ausentes hay cuatro diputados que responden a tres mandatarios aliados: Gerardo Cipolini (Leandro Zdero), Francisco Morchio (Rogelio Frigerio), y Lisandro Nieri y Pamela Verasay (Alfredo Cornejo). Como la bancada violeta lleg\u00f3 a acuerdos electorales con los oficialismos provinciales en Chaco, Entre R\u00edos y Mendoza seguramente podr\u00e1 convertir estas cuatro ausencias en votos negativos (a favor del veto).<\/p>\n\n\n\n<p>\u201cSon aliados del Gobierno, cualquier cosa que vaya en contra de eso genera un espacio para la confusi\u00f3n en el marco de la campa\u00f1a\u201d, explicaron desde el entorno de uno de los mandatarios, con respecto a la decisi\u00f3n de acompa\u00f1ar al Ejecutivo en el Congreso, en medio de las elecciones nacionales donde el oficialismo tiene alianzas formalizadas con varios provincialismos.<\/p>\n\n\n\n<p>No obstante, el Gobierno tambi\u00e9n buscar\u00e1 seducir al chubutense Ignacio Torres, que podr\u00eda aportar los votos de \u201cLoma\u201d \u00c1vila y Ana Clara Romero, quienes se abstuvieron; y al misionero Carlos Rovira, l\u00edder del Frente Renovador, que controla cuatro votos clave que estuvieron ausentes: Alberto Arr\u00faa, Carlos Fern\u00e1ndez, Yamila Ruiz y Daniel Vancsik.<\/p>\n\n\n\n<p>Entre los mandatarios provinciales que enfriaron su v\u00ednculo con la Casa Rosada se destacan el correntino Gustavo Vald\u00e9s, el sanjuanino Marcelo Orrego y el rionegrino Alberto Weretilneck. Ellos podr\u00edan influir sobre Manuel Aguirre, Mar\u00eda de los \u00c1ngeles Moreno y Agust\u00edn Domingo, respectivamente. Los tres estuvieron ausentes cuando se trat\u00f3 el proyecto en Diputados del Garrahan en Diputados.<\/p>\n\n\n\n<p>Los dos diputados del MID, Oscar Zago y Eduardo Falcone, vienen teniendo una relaci\u00f3n oscilante con el gobierno de Milei luego de separarse del bloque oficialista y haber sido marginados en el armado de listas bonaerense (su partido apoya a Mar\u00eda Eugenia Talerico en PBA, no a Jos\u00e9 Luis Espert). Seg\u00fan dejaron trascender se inclinan por rechazar los vetos, pero mantendr\u00e1n el misterio hasta \u00faltimo momento.<\/p>\n\n\n\n<p>Por otro lado, el oficialismo posiblemente perder\u00e1 los votos de Carlos D\u2019alessandro y Gerardo Gonz\u00e1lez, que hab\u00edan rechazado la iniciativa en agosto, pero luego se pelearon con Mart\u00edn Menem y Karina Milei, y formaron un bloque propio junto a Marcela Pagano y Lourdes Arrieta.<\/p>\n\n\n\n<p>Por Diputados Bonaerenses<\/p>\n","protected":false},"excerpt":{"rendered":"<p>Diputados de la oposici\u00f3n insistir\u00e1n el pr\u00f3ximo mi\u00e9rcoles con la ley de financiamiento al Hospital Garrahan y las Universidades. Qui\u00e9nes definir\u00e1n la suerte de los vetos de Javier Milei. Con una multitudinaria marcha como tel\u00f3n de fondo, diputados de la oposici\u00f3n insistir\u00e1n el pr\u00f3ximo mi\u00e9rcoles 17 de septiembre con la ley que declara la emergencia&#8230;<\/p>\n","protected":false},"author":5,"featured_media":6254,"comment_status":"open","ping_status":"open","sticky":false,"template":"","format":"standard","meta":{"_monsterinsights_skip_tracking":false,"_monsterinsights_sitenote_active":false,"_monsterinsights_sitenote_note":"","_monsterinsights_sitenote_category":0,"footnotes":"","jetpack_publicize_message":"","jetpack_publicize_feature_enabled":true,"jetpack_social_post_already_shared":true,"jetpack_social_options":{"image_generator_settings":{"template":"highway","default_image_id":0,"font":"","enabled":false},"version":2}},"categories":[2],"tags":[58,43,15,45],"class_list":["post-8760","post","type-post","status-publish","format-standard","has-post-thumbnail","hentry","category-politica","tag-ajuste","tag-crisis","tag-economia","tag-milei"],"jetpack_publicize_connections":[],"_links":{"self":[{"href":"https:\/\/www.enorsai.com\/noticias\/wp-json\/wp\/v2\/posts\/8760","targetHints":{"allow":["GET"]}}],"collection":[{"href":"https:\/\/www.enorsai.com\/noticias\/wp-json\/wp\/v2\/posts"}],"about":[{"href":"https:\/\/www.enorsai.com\/noticias\/wp-json\/wp\/v2\/types\/post"}],"author":[{"embeddable":true,"href":"https:\/\/www.enorsai.com\/noticias\/wp-json\/wp\/v2\/users\/5"}],"replies":[{"embeddable":true,"href":"https:\/\/www.enorsai.com\/noticias\/wp-json\/wp\/v2\/comments?post=8760"}],"version-history":[{"count":2,"href":"https:\/\/www.enorsai.com\/noticias\/wp-json\/wp\/v2\/posts\/8760\/revisions"}],"predecessor-version":[{"id":8762,"href":"https:\/\/www.enorsai.com\/noticias\/wp-json\/wp\/v2\/posts\/8760\/revisions\/8762"}],"wp:featuredmedia":[{"embeddable":true,"href":"https:\/\/www.enorsai.com\/noticias\/wp-json\/wp\/v2\/media\/6254"}],"wp:attachment":[{"href":"https:\/\/www.enorsai.com\/noticias\/wp-json\/wp\/v2\/media?parent=8760"}],"wp:term":[{"taxonomy":"category","embeddable":true,"href":"https:\/\/www.enorsai.com\/noticias\/wp-json\/wp\/v2\/categories?post=8760"},{"taxonomy":"post_tag","embeddable":true,"href":"https:\/\/www.enorsai.com\/noticias\/wp-json\/wp\/v2\/tags?post=8760"}],"curies":[{"name":"wp","href":"https:\/\/api.w.org\/{rel}","templated":true}]}}