{"id":8741,"date":"2025-09-14T22:06:51","date_gmt":"2025-09-15T01:06:51","guid":{"rendered":"https:\/\/www.enorsai.com\/noticias\/?p=8741"},"modified":"2025-09-15T23:14:20","modified_gmt":"2025-09-16T02:14:20","slug":"otro-escandalo-denuncian-a-luis-petri-por-la-venta-de-13-000-hectareas-del-ejercito-en-cordoba","status":"publish","type":"post","link":"https:\/\/www.enorsai.com\/noticias\/politica\/otro-escandalo-denuncian-a-luis-petri-por-la-venta-de-13-000-hectareas-del-ejercito-en-cordoba\/","title":{"rendered":"\u00a1Otro esc\u00e1ndalo! Denuncian a Luis Petri por la venta de 13.000 hect\u00e1reas del Ej\u00e9rcito en C\u00f3rdoba"},"content":{"rendered":"\n<p><strong><em>El ministro de Defensa enfrenta un nuevo frente de cuestionamientos tras el intento de desprenderse de tierras estrat\u00e9gicas en La Calera, mientras carga con denuncias por mala gesti\u00f3n, sospechas de corrupci\u00f3n y uso electoral de su cargo.<\/em><\/strong><\/p>\n\n\n\n<p>La venta de 13.000 hect\u00e1reas en C\u00f3rdoba, en una zona codiciada por el negocio inmobiliario, desat\u00f3 un fuerte pedido de explicaciones en el Congreso. La operaci\u00f3n, nunca formalizada, suma m\u00e1s dudas sobre la gesti\u00f3n de Luis Petri, ya golpeado por el derrumbe de la obra social militar, v\u00ednculos con contrataciones bajo investigaci\u00f3n judicial y su doble rol como ministro y candidato.<\/p>\n\n\n\n<p>Luis Petri vuelve a estar en el ojo de la tormenta, esta vez por un plan de venta de 13.000 hect\u00e1reas pertenecientes al Ej\u00e9rcito en La Calera, C\u00f3rdoba. Se trata de un \u00e1rea de alt\u00edsimo valor inmobiliario, rodeada de barrios privados y emprendimientos de lujo, que podr\u00eda convertirse en un verdadero negocio para sectores privados pero en un golpe patrimonial para el Estado. El Congreso ya recibi\u00f3 un pedido formal para que el ministro explique los motivos de la operaci\u00f3n, presentada por el diputado del PRO Oscar Agost Carre\u00f1o, quien advirti\u00f3 que el plan nunca fue oficializado y que existen serias dudas sobre el trasfondo de la iniciativa.<\/p>\n\n\n\n<p>El interrogante es tan obvio como inc\u00f3modo: \u00bfqu\u00e9 beneficio real tendr\u00eda el Estado desprendi\u00e9ndose de tierras estrat\u00e9gicas de las Fuerzas Armadas en una zona de semejante valor? La sospecha de un nuevo cap\u00edtulo de privatizaci\u00f3n encubierta, disfrazado de \u201coptimizaci\u00f3n de recursos\u201d, se impone con fuerza. El gobierno de Javier Milei ya demostr\u00f3 que no tiembla a la hora de rematar activos estatales y el caso de La Calera parece encajar en ese manual de negocios para pocos.<\/p>\n\n\n\n<p>El problema es que esta pol\u00e9mica no llega sola. Petri acumula frentes abiertos y cada uno golpea m\u00e1s fuerte que el anterior. La obra social de las Fuerzas Armadas est\u00e1 al borde del colapso financiero, seg\u00fan denuncian los propios altos mandos militares, que apuntan directamente a la mala gesti\u00f3n de su conducci\u00f3n. A esto se suma la sombra de un expediente judicial que involucra a su ministerio en contrataciones con la droguer\u00eda Suizo-Argentina, donde se investigan posibles hechos de corrupci\u00f3n. Y por si fuera poco, Petri mantiene una doble agenda: la de ministro de Defensa y la de candidato a diputado por Mendoza, un cruce de intereses que erosiona a\u00fan m\u00e1s su credibilidad en la gesti\u00f3n p\u00fablica.<\/p>\n\n\n\n<figure class=\"wp-block-embed is-type-rich is-provider-twitter wp-block-embed-twitter\"><div class=\"wp-block-embed__wrapper\">\n<blockquote class=\"twitter-tweet\" data-width=\"550\" data-dnt=\"true\"><p lang=\"es\" dir=\"ltr\">EXPLICACIONES YA\u203c\ufe0f<br><br>Desde \u00e1mbitos militares nos lleg\u00f3 una alerta grave sobre la posible venta o cesi\u00f3n de 13.000 hect\u00e1reas en el camino a La Calera. Se habla de negociaciones bajo la mesa, como canjes impositivos o de deuda, sin definici\u00f3n clara de Defensa ni del Ministerio\u2026 <a href=\"https:\/\/t.co\/Te1KGyVMrZ\">pic.twitter.com\/Te1KGyVMrZ<\/a><\/p>&mdash; Oscar Agost Carre\u00f1o (@oagost) <a href=\"https:\/\/twitter.com\/oagost\/status\/1966614771668840793?ref_src=twsrc%5Etfw\">September 12, 2025<\/a><\/blockquote><script async src=\"https:\/\/platform.twitter.com\/widgets.js\" charset=\"utf-8\"><\/script>\n<\/div><\/figure>\n\n\n\n<p>La pol\u00e9mica venta de las 13.000 hect\u00e1reas promete encender la temperatura en el Congreso. Distintos bloques ya reclaman explicaciones detalladas y advierten sobre el riesgo de desprenderse de bienes militares estrat\u00e9gicos en beneficio de intereses privados. Lo que est\u00e1 en juego no es solo el patrimonio del Ej\u00e9rcito, sino tambi\u00e9n la transparencia de un ministerio que ya arrastra denuncias por todos lados y que parece m\u00e1s enfocado en operaciones pol\u00edticas que en cuidar los recursos del Estado.<\/p>\n\n\n\n<p>En este escenario, la figura de Luis Petri se tambalea entre la sospecha y la desconfianza. Lo que deber\u00eda ser un rol de conducci\u00f3n clara y defensa del inter\u00e9s nacional se transforma en una gesti\u00f3n marcada por negocios oscuros, crisis institucionales y un oportunismo electoral que hiere de muerte la credibilidad del gobierno de Javier Milei.<\/p>\n\n\n\n<p>Fuente:<\/p>\n\n\n\n<p>.<a href=\"https:\/\/www.diarionorte.com\/313652-piden-explicaciones-a-petri-por-la-venta-de-terrenos-del-ejercito-en-cordoba\">https:\/\/www.diarionorte.com\/313652-piden-explicaciones-a-petri-por-la-venta-de-terrenos-del-ejercito-en-cordoba<\/a><\/p>\n","protected":false},"excerpt":{"rendered":"<p>El ministro de Defensa enfrenta un nuevo frente de cuestionamientos tras el intento de desprenderse de tierras estrat\u00e9gicas en La Calera, mientras carga con denuncias por mala gesti\u00f3n, sospechas de corrupci\u00f3n y uso electoral de su cargo. La venta de 13.000 hect\u00e1reas en C\u00f3rdoba, en una zona codiciada por el negocio inmobiliario, desat\u00f3 un fuerte&#8230;<\/p>\n","protected":false},"author":9,"featured_media":8801,"comment_status":"open","ping_status":"open","sticky":false,"template":"","format":"standard","meta":{"_monsterinsights_skip_tracking":false,"_monsterinsights_sitenote_active":false,"_monsterinsights_sitenote_note":"","_monsterinsights_sitenote_category":0,"footnotes":"","jetpack_publicize_message":"","jetpack_publicize_feature_enabled":true,"jetpack_social_post_already_shared":true,"jetpack_social_options":{"image_generator_settings":{"template":"highway","default_image_id":0,"font":"","enabled":false},"version":2}},"categories":[2],"tags":[257,204,75,1443,1441,630,3572,1567,45,673],"class_list":["post-8741","post","type-post","status-publish","format-standard","has-post-thumbnail","hentry","category-politica","tag-congreso","tag-cordoba","tag-corrupcion","tag-defensa","tag-ejercito","tag-escandalo","tag-inmobiliario","tag-mendoza","tag-milei","tag-petri"],"jetpack_publicize_connections":[],"_links":{"self":[{"href":"https:\/\/www.enorsai.com\/noticias\/wp-json\/wp\/v2\/posts\/8741","targetHints":{"allow":["GET"]}}],"collection":[{"href":"https:\/\/www.enorsai.com\/noticias\/wp-json\/wp\/v2\/posts"}],"about":[{"href":"https:\/\/www.enorsai.com\/noticias\/wp-json\/wp\/v2\/types\/post"}],"author":[{"embeddable":true,"href":"https:\/\/www.enorsai.com\/noticias\/wp-json\/wp\/v2\/users\/9"}],"replies":[{"embeddable":true,"href":"https:\/\/www.enorsai.com\/noticias\/wp-json\/wp\/v2\/comments?post=8741"}],"version-history":[{"count":1,"href":"https:\/\/www.enorsai.com\/noticias\/wp-json\/wp\/v2\/posts\/8741\/revisions"}],"predecessor-version":[{"id":8743,"href":"https:\/\/www.enorsai.com\/noticias\/wp-json\/wp\/v2\/posts\/8741\/revisions\/8743"}],"wp:featuredmedia":[{"embeddable":true,"href":"https:\/\/www.enorsai.com\/noticias\/wp-json\/wp\/v2\/media\/8801"}],"wp:attachment":[{"href":"https:\/\/www.enorsai.com\/noticias\/wp-json\/wp\/v2\/media?parent=8741"}],"wp:term":[{"taxonomy":"category","embeddable":true,"href":"https:\/\/www.enorsai.com\/noticias\/wp-json\/wp\/v2\/categories?post=8741"},{"taxonomy":"post_tag","embeddable":true,"href":"https:\/\/www.enorsai.com\/noticias\/wp-json\/wp\/v2\/tags?post=8741"}],"curies":[{"name":"wp","href":"https:\/\/api.w.org\/{rel}","templated":true}]}}