{"id":8738,"date":"2025-09-14T20:00:36","date_gmt":"2025-09-14T23:00:36","guid":{"rendered":"https:\/\/www.enorsai.com\/noticias\/?p=8738"},"modified":"2025-09-14T20:15:21","modified_gmt":"2025-09-14T23:15:21","slug":"la-conexion-entre-macri-lla-y-un-esquema-millonario-de-compra-de-medicamentos","status":"publish","type":"post","link":"https:\/\/www.enorsai.com\/noticias\/politica\/la-conexion-entre-macri-lla-y-un-esquema-millonario-de-compra-de-medicamentos\/","title":{"rendered":"La conexi\u00f3n entre Macri, LLA y un esquema millonario de compra de medicamentos"},"content":{"rendered":"\n<p>El expresidente Mauricio Macri vuelve a estar en el centro de un esc\u00e1ndalo que mezcla poder pol\u00edtico, negocios millonarios y un entramado de favores cruzados. Su nombre aparece ligado a Jonathan Kovalivker, empresario de la salud y viejo conocido de Macri desde su paso por la Jefatura de Gobierno porte\u00f1a, hoy se\u00f1alado por la justicia por presuntas irregularidades en la provisi\u00f3n de medicamentos al Estado. Kovalivker no es un actor menor en esta historia: due\u00f1o de la droguer\u00eda Suizo Argentina, investigada por contratos sospechosos con la Agencia Nacional de Discapacidad (ANDIS), fue adem\u00e1s el encargado de acercar a Macri a La Libertad Avanza y de manejar la fiscalizaci\u00f3n del balotaje presidencial de 2023.<\/p>\n\n\n\n<p>La investigaci\u00f3n que destap\u00f3 esta trama comenz\u00f3 con la denuncia de Diego Spagnuolo, ex titular de la ANDIS, quien puso sobre la mesa un esquema de coimas y retornos indebidos en la compra de medicamentos. All\u00ed aparecen los hilos que unen a Macri con los Kovalivker y, a trav\u00e9s de ellos, con la familia Menem. Nada de esto sorprende si se repasa la historia: los v\u00ednculos empresariales entre Macri y Kovalivker se remontan a la gesti\u00f3n porte\u00f1a, donde ambos ya habr\u00edan operado como socios en negocios vinculados al sistema de salud.<\/p>\n\n\n\n<p>Lo que est\u00e1 en juego no es un asunto menor. El negocio de los medicamentos, un sector estrat\u00e9gico por su volumen de facturaci\u00f3n y por el impacto directo que tiene en la vida de millones de personas, qued\u00f3 bajo sospecha de corrupci\u00f3n. Los contratos firmados por Suizo Argentina con el Estado muestran un crecimiento exponencial que ahora despierta todas las alarmas judiciales. No se trata solo de un posible delito econ\u00f3mico: estamos frente a un mecanismo que condiciona el acceso a tratamientos y recursos esenciales, afectando a los sectores m\u00e1s vulnerables.<\/p>\n\n\n\n<p>El gobierno de Javier Milei aparece aqu\u00ed como escenario y c\u00f3mplice. Mientras se desmantelan programas sociales, se recortan presupuestos en salud y se ataca sistem\u00e1ticamente a la universidad p\u00fablica, florecen negocios que favorecen a viejos conocidos del macrismo. La fiscalizaci\u00f3n electoral de LLA, que en teor\u00eda deb\u00eda ser un procedimiento transparente y democr\u00e1tico, termin\u00f3 siendo la puerta de entrada para que un empresario investigado por corrupci\u00f3n quedara en posici\u00f3n de privilegio frente al Estado.<\/p>\n\n\n\n<p>La justicia ya intervino con allanamientos, secuestro de dinero y congelamiento de cajas de seguridad. Sin embargo, la pregunta central sigue abierta: \u00bfqu\u00e9 tan profundo llega esta red y hasta d\u00f3nde se extienden sus ramificaciones en el poder pol\u00edtico actual? Lo que queda claro es que no hablamos de hechos aislados, sino de un esquema que combina negocios privados, estructuras partidarias y v\u00ednculos familiares con un \u00fanico objetivo: capturar recursos p\u00fablicos.<\/p>\n\n\n\n<p>El discurso de austeridad y \u201cfin de los privilegios\u201d que pregona el gobierno libertario se derrumba frente a estas revelaciones. La doble vara es evidente: se ajusta brutalmente a la sociedad, pero se habilita la multiplicaci\u00f3n de contratos sospechosos en beneficio de un pu\u00f1ado de empresarios amigos. Macri, los Kovalivker y los Menem se colocan en el centro de la escena, y la causa promete nuevos cap\u00edtulos que seguir\u00e1n desnudando la verdadera cara de un poder que, lejos de ser nuevo, reproduce las viejas pr\u00e1cticas de corrupci\u00f3n enquistadas en la pol\u00edtica argentina.<\/p>\n\n\n\n<p>Fuente:<\/p>\n\n\n\n<p>.<a href=\"https:\/\/urgenteayacucho.com\/el-entramado-macri-kovalivker-la-fiscalizacion-de-lla-los-menem-y-un-negocio-millonario-bajo-sospecha\/\">https:\/\/urgenteayacucho.com\/el-entramado-macri-kovalivker-la-fiscalizacion-de-lla-los-menem-y-un-negocio-millonario-bajo-sospecha\/<\/a><\/p>\n","protected":false},"excerpt":{"rendered":"<p>El expresidente Mauricio Macri vuelve a estar en el centro de un esc\u00e1ndalo que mezcla poder pol\u00edtico, negocios millonarios y un entramado de favores cruzados. Su nombre aparece ligado a Jonathan Kovalivker, empresario de la salud y viejo conocido de Macri desde su paso por la Jefatura de Gobierno porte\u00f1a, hoy se\u00f1alado por la justicia&#8230;<\/p>\n","protected":false},"author":1,"featured_media":8739,"comment_status":"open","ping_status":"open","sticky":false,"template":"","format":"standard","meta":{"_monsterinsights_skip_tracking":false,"_monsterinsights_sitenote_active":false,"_monsterinsights_sitenote_note":"","_monsterinsights_sitenote_category":0,"footnotes":"","jetpack_publicize_message":"","jetpack_publicize_feature_enabled":true,"jetpack_social_post_already_shared":true,"jetpack_social_options":{"image_generator_settings":{"template":"highway","default_image_id":0,"font":"","enabled":false},"version":2}},"categories":[2],"tags":[75,1523,70,3319,3232,514,1272,903,45,3246],"class_list":["post-8738","post","type-post","status-publish","format-standard","has-post-thumbnail","hentry","category-politica","tag-corrupcion","tag-fiscalizacion","tag-justicia","tag-kovalivker","tag-lla","tag-macri","tag-medicamentos","tag-menem","tag-milei","tag-suizo-argentina-2"],"jetpack_publicize_connections":[],"_links":{"self":[{"href":"https:\/\/www.enorsai.com\/noticias\/wp-json\/wp\/v2\/posts\/8738","targetHints":{"allow":["GET"]}}],"collection":[{"href":"https:\/\/www.enorsai.com\/noticias\/wp-json\/wp\/v2\/posts"}],"about":[{"href":"https:\/\/www.enorsai.com\/noticias\/wp-json\/wp\/v2\/types\/post"}],"author":[{"embeddable":true,"href":"https:\/\/www.enorsai.com\/noticias\/wp-json\/wp\/v2\/users\/1"}],"replies":[{"embeddable":true,"href":"https:\/\/www.enorsai.com\/noticias\/wp-json\/wp\/v2\/comments?post=8738"}],"version-history":[{"count":1,"href":"https:\/\/www.enorsai.com\/noticias\/wp-json\/wp\/v2\/posts\/8738\/revisions"}],"predecessor-version":[{"id":8740,"href":"https:\/\/www.enorsai.com\/noticias\/wp-json\/wp\/v2\/posts\/8738\/revisions\/8740"}],"wp:featuredmedia":[{"embeddable":true,"href":"https:\/\/www.enorsai.com\/noticias\/wp-json\/wp\/v2\/media\/8739"}],"wp:attachment":[{"href":"https:\/\/www.enorsai.com\/noticias\/wp-json\/wp\/v2\/media?parent=8738"}],"wp:term":[{"taxonomy":"category","embeddable":true,"href":"https:\/\/www.enorsai.com\/noticias\/wp-json\/wp\/v2\/categories?post=8738"},{"taxonomy":"post_tag","embeddable":true,"href":"https:\/\/www.enorsai.com\/noticias\/wp-json\/wp\/v2\/tags?post=8738"}],"curies":[{"name":"wp","href":"https:\/\/api.w.org\/{rel}","templated":true}]}}