{"id":8735,"date":"2025-09-14T19:09:21","date_gmt":"2025-09-14T22:09:21","guid":{"rendered":"https:\/\/www.enorsai.com\/noticias\/?p=8735"},"modified":"2025-09-14T20:15:52","modified_gmt":"2025-09-14T23:15:52","slug":"otro-escandalo-de-karina-la-mercaderia-incautada-en-la-aduana-termina-en-fundaciones-de-dirigentes-libertarios","status":"publish","type":"post","link":"https:\/\/www.enorsai.com\/noticias\/politica\/otro-escandalo-de-karina-la-mercaderia-incautada-en-la-aduana-termina-en-fundaciones-de-dirigentes-libertarios\/","title":{"rendered":"Otro esc\u00e1ndalo de Karina: La mercader\u00eda incautada en la Aduana termina en fundaciones de dirigentes libertarios"},"content":{"rendered":"\n<p><strong><em>La Secretar\u00eda General de la Presidencia maneja art\u00edculos incautados que deber\u00edan destinarse a emergencias sociales, pero terminan en manos de fundaciones vinculadas a dirigentes libertarios, generando preocupaci\u00f3n dentro del propio gobierno.<\/em><\/strong><\/p>\n\n\n\n<p>Zapatillas, ropa, tel\u00e9fonos y repuestos aeron\u00e1uticos fueron entregados a organizaciones de familiares y amigos de pol\u00edticos cercanos a Karina Milei. La discrecionalidad en la distribuci\u00f3n abre interrogantes legales y \u00e9ticos sobre el uso de bienes p\u00fablicos.<\/p>\n\n\n\n<p>En el gobierno nacional crece la inquietud ante un posible esc\u00e1ndalo que podr\u00eda afectar la imagen de Karina Milei. Los rezagos aduaneros, mercader\u00eda incautada que la Secretar\u00eda General de la Presidencia puede disponer en casos de emergencia social, han terminado en fundaciones vinculadas a dirigentes libertarios como el diputado Lisandro Almir\u00f3n. La discrecionalidad con que se maneja esta distribuci\u00f3n genera no solo controversia pol\u00edtica, sino tambi\u00e9n riesgos judiciales para los involucrados.<\/p>\n\n\n\n<p>El encargado de repartir estos bienes es Lule Menem, quien aparece vinculado a casos de coimas en el sector de Discapacidad. Seg\u00fan los informes, Menem no dud\u00f3 en enviar la mercader\u00eda a manos amigas, beneficiando tanto a organismos estatales como a ONGs alineadas pol\u00edticamente con los libertarios. Entre los art\u00edculos distribuidos se cuentan zapatillas, ropa, tel\u00e9fonos celulares e incluso repuestos de aeronaves, bienes que deber\u00edan haberse destinado a cubrir necesidades b\u00e1sicas de la poblaci\u00f3n m\u00e1s vulnerable.<\/p>\n\n\n\n<p>Entre los beneficiarios se encuentra Mauricio Davico, ex integrante del grupo R\u00e1faga y amigo de Mart\u00edn Menem, quien recibi\u00f3 12 donaciones para su ciudad, Gualeguaych\u00fa. La pr\u00e1ctica de favorecer a allegados se extiende tambi\u00e9n a la Fundaci\u00f3n Gea-Madre Tierra, Mitolog\u00eda Griega, vinculada a la esposa y hermana de Lisandro Almir\u00f3n en Corrientes, que recibi\u00f3 tres transferencias de rezagos, incluida mercader\u00eda de alto valor como repuestos aeron\u00e1uticos y m\u00e1s de 21.000 art\u00edculos electr\u00f3nicos.<\/p>\n\n\n\n<p>La ONG, creada en agosto de 2023 tras las primarias que consagraron a Javier Milei, no realiza tareas ben\u00e9ficas, sino que organiza charlas y talleres pol\u00edticos. Esto genera un interrogante central: \u00bfpor qu\u00e9 la administraci\u00f3n env\u00eda art\u00edculos de primera necesidad y bienes tecnol\u00f3gicos a organizaciones que no cumplen con la funci\u00f3n social que justifica el uso de rezagos aduaneros?<\/p>\n\n\n\n<p>Otro caso pol\u00e9mico involucra al Instituto de Estudios Estrat\u00e9gicos en Seguridad, vinculado a Patricia Bullrich, que recibi\u00f3 una encomienda con 3.444 art\u00edculos de primera necesidad. La entrega de este tipo de mercader\u00eda, lejos de ser transparente y focalizada en las emergencias sociales, se convierte en una operaci\u00f3n pol\u00edtica que prioriza intereses particulares sobre las necesidades de la poblaci\u00f3n.<\/p>\n\n\n\n<p>La situaci\u00f3n evidencia un patr\u00f3n de manejo discrecional de bienes estatales por parte de la Secretar\u00eda General, bajo la direcci\u00f3n de Karina Milei y con Lule Menem como operador principal. La concentraci\u00f3n de estas decisiones en pocos actores cercanos al poder plantea no solo dudas \u00e9ticas, sino tambi\u00e9n posibles consecuencias judiciales, reflejando un gobierno que parece priorizar la fidelidad pol\u00edtica por encima de la responsabilidad social.<\/p>\n\n\n\n<p>El esc\u00e1ndalo que amenaza con estallar en la Aduana expone una tensi\u00f3n fundamental: mientras la normativa habilita el uso de rezagos aduaneros para emergencias sociales, el gobierno los redistribuye con fines que parecen pol\u00edticos, comprometiendo la transparencia y la legitimidad de la administraci\u00f3n p\u00fablica.<\/p>\n\n\n\n<p>Fuente:<\/p>\n\n\n\n<p>.<a href=\"https:\/\/www.lapoliticaonline.com\/politica\/preocupacion-en-el-gobierno-porque-temen-que-un-escandalo-en-la-aduana-golpee-a-karina\/\">https:\/\/www.lapoliticaonline.com\/politica\/preocupacion-en-el-gobierno-porque-temen-que-un-escandalo-en-la-aduana-golpee-a-karina\/<\/a><\/p>\n","protected":false},"excerpt":{"rendered":"<p>La Secretar\u00eda General de la Presidencia maneja art\u00edculos incautados que deber\u00edan destinarse a emergencias sociales, pero terminan en manos de fundaciones vinculadas a dirigentes libertarios, generando preocupaci\u00f3n dentro del propio gobierno. Zapatillas, ropa, tel\u00e9fonos y repuestos aeron\u00e1uticos fueron entregados a organizaciones de familiares y amigos de pol\u00edticos cercanos a Karina Milei. La discrecionalidad en la&#8230;<\/p>\n","protected":false},"author":9,"featured_media":8736,"comment_status":"open","ping_status":"open","sticky":false,"template":"","format":"standard","meta":{"_monsterinsights_skip_tracking":false,"_monsterinsights_sitenote_active":false,"_monsterinsights_sitenote_note":"","_monsterinsights_sitenote_category":0,"footnotes":"","jetpack_publicize_message":"","jetpack_publicize_feature_enabled":true,"jetpack_social_post_already_shared":true,"jetpack_social_options":{"image_generator_settings":{"template":"highway","default_image_id":0,"font":"","enabled":false},"version":2}},"categories":[2],"tags":[1925,75,630,70,635,174,605,45,3560,72,3561],"class_list":["post-8735","post","type-post","status-publish","format-standard","has-post-thumbnail","hentry","category-politica","tag-aduana","tag-corrupcion","tag-escandalo","tag-justicia","tag-karina","tag-karina-milei","tag-libertarios","tag-milei","tag-ong","tag-politica","tag-reparto"],"jetpack_publicize_connections":[],"_links":{"self":[{"href":"https:\/\/www.enorsai.com\/noticias\/wp-json\/wp\/v2\/posts\/8735","targetHints":{"allow":["GET"]}}],"collection":[{"href":"https:\/\/www.enorsai.com\/noticias\/wp-json\/wp\/v2\/posts"}],"about":[{"href":"https:\/\/www.enorsai.com\/noticias\/wp-json\/wp\/v2\/types\/post"}],"author":[{"embeddable":true,"href":"https:\/\/www.enorsai.com\/noticias\/wp-json\/wp\/v2\/users\/9"}],"replies":[{"embeddable":true,"href":"https:\/\/www.enorsai.com\/noticias\/wp-json\/wp\/v2\/comments?post=8735"}],"version-history":[{"count":1,"href":"https:\/\/www.enorsai.com\/noticias\/wp-json\/wp\/v2\/posts\/8735\/revisions"}],"predecessor-version":[{"id":8737,"href":"https:\/\/www.enorsai.com\/noticias\/wp-json\/wp\/v2\/posts\/8735\/revisions\/8737"}],"wp:featuredmedia":[{"embeddable":true,"href":"https:\/\/www.enorsai.com\/noticias\/wp-json\/wp\/v2\/media\/8736"}],"wp:attachment":[{"href":"https:\/\/www.enorsai.com\/noticias\/wp-json\/wp\/v2\/media?parent=8735"}],"wp:term":[{"taxonomy":"category","embeddable":true,"href":"https:\/\/www.enorsai.com\/noticias\/wp-json\/wp\/v2\/categories?post=8735"},{"taxonomy":"post_tag","embeddable":true,"href":"https:\/\/www.enorsai.com\/noticias\/wp-json\/wp\/v2\/tags?post=8735"}],"curies":[{"name":"wp","href":"https:\/\/api.w.org\/{rel}","templated":true}]}}