{"id":8718,"date":"2025-09-14T16:31:28","date_gmt":"2025-09-14T19:31:28","guid":{"rendered":"https:\/\/www.enorsai.com\/noticias\/?p=8718"},"modified":"2025-09-14T20:20:46","modified_gmt":"2025-09-14T23:20:46","slug":"el-congreso-cita-a-karina-milei-a-declarar-el-23-de-septiembre-y-de-no-asistir-podria-ser-llevada-por-la-fuerza-publica","status":"publish","type":"post","link":"https:\/\/www.enorsai.com\/noticias\/politica\/el-congreso-cita-a-karina-milei-a-declarar-el-23-de-septiembre-y-de-no-asistir-podria-ser-llevada-por-la-fuerza-publica\/","title":{"rendered":"El Congreso cita a Karina Milei a declarar el 23 de septiembre y de no asistir podr\u00eda ser llevada por la fuerza p\u00fablica"},"content":{"rendered":"\n<p>La Comisi\u00f3n Investigadora del caso <strong>LIBRA<\/strong> en la C\u00e1mara de Diputados dio un paso de alto voltaje pol\u00edtico: aprob\u00f3 la citaci\u00f3n formal de <strong>Karina Milei<\/strong>, secretaria general de Presidencia y hermana del presidente Javier Milei, para que se presente a declarar el <strong>23 o el 30 de septiembre<\/strong>. El pedido, impulsado por el diputado <strong>Juan Marino<\/strong> (Uni\u00f3n por la Patria), cont\u00f3 con 15 votos a favor gracias al apoyo inesperado de la legisladora salte\u00f1a <strong>Yolanda Vega<\/strong>, aliada del gobernador Gustavo S\u00e1enz, que empieza a marcar distancia de la Casa Rosada. <\/p>\n\n\n\n<p>La medida, in\u00e9dita en este tipo de investigaciones, incluye la posibilidad de que, en caso de negativa, se solicite a la Justicia su comparecencia forzada. Incluso, algunos miembros de la comisi\u00f3n deslizaron la alternativa de constituirse directamente en la Casa Rosada para tomarle testimonio. La diputada <strong>M\u00f3nica Frade<\/strong> fue categ\u00f3rica: \u201cA muchos nos encantar\u00eda ir a buscar con un patrullero a la secretaria general de la Presidencia para que, de una vez, d\u00e9 la cara y explique\u201d.<\/p>\n\n\n\n<p>El clima en la comisi\u00f3n se tens\u00f3 a\u00fan m\u00e1s por la ausencia reiterada de funcionarios citados: <strong>Alejandro Melik<\/strong>, titular de la Oficina Anticorrupci\u00f3n, ni siquiera acept\u00f3 la notificaci\u00f3n del Congreso; <strong>Florencia Zicavo<\/strong>, ex directora de la UTI, tampoco se present\u00f3; y <strong>Jos\u00e9 Massoni<\/strong> aleg\u00f3 problemas de salud. Solo el ex funcionario <strong>Luis Villanueva<\/strong> asisti\u00f3 y asegur\u00f3 que existen \u201cpruebas de una negociaci\u00f3n incompatible con la funci\u00f3n p\u00fablica\u201d.<\/p>\n\n\n\n<p>Seg\u00fan <strong>La Naci\u00f3n<\/strong>, Karina Milei recibi\u00f3 la opci\u00f3n de elegir entre las dos fechas propuestas o sugerir otra dentro de septiembre. De no presentarse, la comisi\u00f3n podr\u00eda recurrir a la Justicia y hasta sesionar en Casa Rosada para garantizar su testimonio. Por su parte, <strong>P\u00e1gina\/12<\/strong> subraya que la citaci\u00f3n debe concretarse antes de las elecciones del <strong>26 de octubre<\/strong>, un plazo que agrega presi\u00f3n pol\u00edtica a la ofensiva opositora. En tanto, <strong>Letra P<\/strong> destaca que la funcionaria tiene <strong>cinco d\u00edas h\u00e1biles<\/strong> para responder y definir la fecha de su comparecencia. De no hacerlo, la comisi\u00f3n podr\u00eda avanzar con medidas m\u00e1s dr\u00e1sticas, entre ellas pedir la intervenci\u00f3n de la fuerza p\u00fablica.<\/p>\n\n\n\n<p>El presidente de la comisi\u00f3n, <strong>Maximiliano Ferraro<\/strong> (Coalici\u00f3n C\u00edvica), record\u00f3 que este viernes vence el plazo para que Javier Milei responda nueve preguntas clave remitidas por los diputados. \u201cEsperamos respuestas concretas; de lo contrario, se analizar\u00e1n nuevas medidas\u201d, advirti\u00f3. La disputa deja al descubierto dos planos: por un lado, la oposici\u00f3n busca exponer la resistencia del oficialismo a los controles institucionales; por otro, el gobierno se atrinchera en un silencio que, lejos de disipar dudas, alimenta sospechas sobre intentos de blindar al c\u00edrculo m\u00e1s cercano del Presidente. En medio de la campa\u00f1a electoral, el caso <strong>LIBRA<\/strong> no solo compromete la transparencia del Ejecutivo sino que tambi\u00e9n pone a prueba la capacidad del Congreso para ejercer sus facultades de control y sostener la credibilidad del sistema democr\u00e1tico.<\/p>\n\n\n\n<hr class=\"wp-block-separator has-alpha-channel-opacity\"\/>\n\n\n\n<h3 class=\"wp-block-heading\">Fuentes:<\/h3>\n\n\n\n<ul class=\"wp-block-list\">\n<li>La Naci\u00f3n <a href=\"https:\/\/www.lanacion.com.ar\/politica\/la-comision-investigadora-cito-a-karina-milei-y-pidio-datos-clave-a-la-justicia-por-el-caso-libra-nid11092025\/?utm_source=chatgpt.com\">https:\/\/www.lanacion.com.ar\/politica\/la-comision-investigadora-cito-a-karina-milei-y-pidio-datos-clave-a-la-justicia-por-el-caso-libra-nid11092025\/<\/a><\/li>\n\n\n\n<li>P\u00e1gina\/12 <a href=\"https:\/\/www.pagina12.com.ar\/856587-karina-milei-sera-citada-a-declarar-en-la-comision-que-inves?utm_source=chatgpt.com\">https:\/\/www.pagina12.com.ar\/856587-karina-milei-sera-citada-a-declarar-en-la-comision-que-inves<\/a><\/li>\n\n\n\n<li>Letra P <a href=\"https:\/\/www.letrap.com.ar\/politica\/caso-libra-karina-milei-tiene-cinco-dias-definir-cuando-declara-y-evitar-ser-llevada-la-fuerza-n5418758?utm_source=chatgpt.com\">https:\/\/www.letrap.com.ar\/politica\/caso-libra-karina-milei-tiene-cinco-dias-definir-cuando-declara-y-evitar-ser-llevada-la-fuerza-n5418758<\/a><\/li>\n\n\n\n<li>EnOrsai <a href=\"https:\/\/www.enorsai.com\/noticias\/politica\/congreso-citan-a-karina-y-de-no-presentarse-aseguran-que-la-iran-a-buscar-en-patrullero\/\">https:\/\/www.enorsai.com\/noticias\/politica\/congreso-citan-a-karina-y-de-no-presentarse-aseguran-que-la-iran-a-buscar-en-patrullero\/<\/a><\/li>\n<\/ul>\n","protected":false},"excerpt":{"rendered":"<p>La Comisi\u00f3n Investigadora del caso LIBRA en la C\u00e1mara de Diputados dio un paso de alto voltaje pol\u00edtico: aprob\u00f3 la citaci\u00f3n formal de Karina Milei, secretaria general de Presidencia y hermana del presidente Javier Milei, para que se presente a declarar el 23 o el 30 de septiembre. El pedido, impulsado por el diputado Juan&#8230;<\/p>\n","protected":false},"author":9,"featured_media":8719,"comment_status":"open","ping_status":"open","sticky":false,"template":"","format":"standard","meta":{"_monsterinsights_skip_tracking":false,"_monsterinsights_sitenote_active":false,"_monsterinsights_sitenote_note":"","_monsterinsights_sitenote_category":0,"footnotes":"","jetpack_publicize_message":"","jetpack_publicize_feature_enabled":true,"jetpack_social_post_already_shared":true,"jetpack_social_options":{"image_generator_settings":{"template":"highway","default_image_id":0,"font":"","enabled":false},"version":2}},"categories":[2],"tags":[2857,257,106,174,797,3571,493],"class_list":["post-8718","post","type-post","status-publish","format-standard","has-post-thumbnail","hentry","category-politica","tag-casa-rosada","tag-congreso","tag-javier-milei","tag-karina-milei","tag-libra-2","tag-maximiliano-ferraro","tag-union-por-la-patria"],"jetpack_publicize_connections":[],"_links":{"self":[{"href":"https:\/\/www.enorsai.com\/noticias\/wp-json\/wp\/v2\/posts\/8718","targetHints":{"allow":["GET"]}}],"collection":[{"href":"https:\/\/www.enorsai.com\/noticias\/wp-json\/wp\/v2\/posts"}],"about":[{"href":"https:\/\/www.enorsai.com\/noticias\/wp-json\/wp\/v2\/types\/post"}],"author":[{"embeddable":true,"href":"https:\/\/www.enorsai.com\/noticias\/wp-json\/wp\/v2\/users\/9"}],"replies":[{"embeddable":true,"href":"https:\/\/www.enorsai.com\/noticias\/wp-json\/wp\/v2\/comments?post=8718"}],"version-history":[{"count":1,"href":"https:\/\/www.enorsai.com\/noticias\/wp-json\/wp\/v2\/posts\/8718\/revisions"}],"predecessor-version":[{"id":8720,"href":"https:\/\/www.enorsai.com\/noticias\/wp-json\/wp\/v2\/posts\/8718\/revisions\/8720"}],"wp:featuredmedia":[{"embeddable":true,"href":"https:\/\/www.enorsai.com\/noticias\/wp-json\/wp\/v2\/media\/8719"}],"wp:attachment":[{"href":"https:\/\/www.enorsai.com\/noticias\/wp-json\/wp\/v2\/media?parent=8718"}],"wp:term":[{"taxonomy":"category","embeddable":true,"href":"https:\/\/www.enorsai.com\/noticias\/wp-json\/wp\/v2\/categories?post=8718"},{"taxonomy":"post_tag","embeddable":true,"href":"https:\/\/www.enorsai.com\/noticias\/wp-json\/wp\/v2\/tags?post=8718"}],"curies":[{"name":"wp","href":"https:\/\/api.w.org\/{rel}","templated":true}]}}