{"id":8709,"date":"2025-09-14T09:26:12","date_gmt":"2025-09-14T12:26:12","guid":{"rendered":"https:\/\/www.enorsai.com\/noticias\/?p=8709"},"modified":"2025-09-14T09:26:23","modified_gmt":"2025-09-14T12:26:23","slug":"del-sueno-americano-a-ser-deportados-como-criminales-el-silencio-de-milei-ante-el-atropello-migratorio-de-trump","status":"publish","type":"post","link":"https:\/\/www.enorsai.com\/noticias\/sociedad\/del-sueno-americano-a-ser-deportados-como-criminales-el-silencio-de-milei-ante-el-atropello-migratorio-de-trump\/","title":{"rendered":"Del sue\u00f1o americano a ser deportados como criminales: el silencio de Milei ante el atropello migratorio de Trump"},"content":{"rendered":"\n<p>En la madrugada del jueves 11 de septiembre, un avi\u00f3n Boeing 767-300 de la aerol\u00ednea Omni Air International aterriz\u00f3 en el Aeropuerto Internacional de Ezeiza con diez ciudadanos argentinos deportados desde Estados Unidos. El vuelo, que parti\u00f3 de Louisiana con escalas en Bogot\u00e1 y Belo Horizonte, forma parte de una ofensiva migratoria impulsada por el gobierno de Donald Trump, que ha intensificado las expulsiones de migrantes latinoamericanos.<\/p>\n\n\n\n<p>El operativo se desarroll\u00f3 con un marcado hermetismo. Desde la Casa Rosada no se brindaron detalles sobre el procedimiento, en l\u00ednea con la estrategia del gobierno de Javier Milei de evitar cualquier roce con Washington. La ausencia de reclamos oficiales por el trato recibido por los ciudadanos argentinos refleja el alineamiento autom\u00e1tico del Presidente con las pol\u00edticas de Trump, incluso en asuntos de soberan\u00eda y derechos humanos.<\/p>\n\n\n\n<p>A pesar de la reserva oficial, en la terminal privada de Ezeiza aguardaban familiares de los expulsados, y algunos medios televisivos lograron registrar la llegada. Entre los deportados se encontraba Mario Luciano Robles, de 25 a\u00f1os, quien fue detenido en Texas poco m\u00e1s de un mes atr\u00e1s tras cruzar la frontera desde M\u00e9xico. \u201cNo somos criminales, no matamos ni violamos, solo vamos por el sue\u00f1o americano\u201d, relat\u00f3 el joven, que qued\u00f3 separado de su esposa y su hijo, a\u00fan en M\u00e9xico.<\/p>\n\n\n\n<p>La llegada de este grupo de deportados expone con crudeza las consecuencias de la pol\u00edtica migratoria trumpista y la sumisi\u00f3n del gobierno argentino frente a la Casa Blanca. Los diez argentinos fueron tratados como una carga indeseable, embarcados en un avi\u00f3n que ni siquiera complet\u00f3 su capacidad, y devueltos en silencio, sin que su pa\u00eds de origen alzara la voz por ellos. Una muestra m\u00e1s de c\u00f3mo Milei prefiere sostener su v\u00ednculo personal con Trump antes que defender a sus propios ciudadanos.<\/p>\n\n\n\n<p>El regreso de estos diez argentinos deportados desde Estados Unidos pone de manifiesto las tensiones en la pol\u00edtica migratoria internacional y la postura del gobierno argentino frente a las decisiones de la administraci\u00f3n de Donald Trump. Mientras los deportados buscan reintegrarse a su pa\u00eds de origen, la ausencia de una respuesta oficial contundente por parte de la Casa Rosada deja en evidencia el alineamiento del gobierno de Javier Milei con las pol\u00edticas migratorias de Estados Unidos, incluso cuando estas afectan directamente a ciudadanos argentinos.<\/p>\n\n\n\n<p>Adem\u00e1s, la situaci\u00f3n plantea interrogantes sobre el futuro de los migrantes argentinos en Am\u00e9rica del Norte. La administraci\u00f3n de Donald Trump ha intensificado sus pol\u00edticas de deportaci\u00f3n, con el objetivo de alcanzar un mill\u00f3n de deportaciones en el primer a\u00f1o de su segundo mandato. Esta estrategia ha generado preocupaci\u00f3n entre las comunidades inmigrantes, ya que se prev\u00e9 un aumento en las expulsiones, afectando potencialmente a m\u00e1s ciudadanos argentinos que buscan una vida mejor en Estados Unidos.<\/p>\n\n\n\n<p>Fuentes:<\/p>\n\n\n\n<p>La Naci\u00f3n \u2013 <em>As\u00ed fue la llegada a Ezeiza de los argentinos deportados por el gobierno de Donald Trump<\/em>:<br><a href=\"https:\/\/www.lanacion.com.ar\/sociedad\/asi-fue-la-llegada-a-ezeiza-de-los-argentinos-deportados-por-el-gobierno-de-donald-trump-nid11092025\/\">https:\/\/www.lanacion.com.ar\/sociedad\/asi-fue-la-llegada-a-ezeiza-de-los-argentinos-deportados-por-el-gobierno-de-donald-trump-nid11092025\/<\/a><\/p>\n\n\n\n<p>Diez argentinos deportados en silencio: El silencio de Milei ante el atropello migratorio de Trump: <a href=\"https:\/\/www.enorsai.com\/noticias\/sociedad\/diez-argentinos-deportados-en-silencio-el-silencio-de-milei-ante-el-atropello-migratorio-de-trump\/\">https:\/\/www.enorsai.com\/noticias\/sociedad\/diez-argentinos-deportados-en-silencio-el-silencio-de-milei-ante-el-atropello-migratorio-de-trump\/<\/a><br><\/p>\n","protected":false},"excerpt":{"rendered":"<p>En la madrugada del jueves 11 de septiembre, un avi\u00f3n Boeing 767-300 de la aerol\u00ednea Omni Air International aterriz\u00f3 en el Aeropuerto Internacional de Ezeiza con diez ciudadanos argentinos deportados desde Estados Unidos. El vuelo, que parti\u00f3 de Louisiana con escalas en Bogot\u00e1 y Belo Horizonte, forma parte de una ofensiva migratoria impulsada por el&#8230;<\/p>\n","protected":false},"author":11,"featured_media":8710,"comment_status":"open","ping_status":"open","sticky":false,"template":"","format":"standard","meta":{"_monsterinsights_skip_tracking":false,"_monsterinsights_sitenote_active":false,"_monsterinsights_sitenote_note":"","_monsterinsights_sitenote_category":0,"footnotes":"","jetpack_publicize_message":"","jetpack_publicize_feature_enabled":true,"jetpack_social_post_already_shared":true,"jetpack_social_options":{"image_generator_settings":{"template":"highway","default_image_id":0,"font":"","enabled":false},"version":2}},"categories":[4],"tags":[3559,45,318],"class_list":["post-8709","post","type-post","status-publish","format-standard","has-post-thumbnail","hentry","category-sociedad","tag-deportados","tag-milei","tag-trump"],"jetpack_publicize_connections":[],"_links":{"self":[{"href":"https:\/\/www.enorsai.com\/noticias\/wp-json\/wp\/v2\/posts\/8709","targetHints":{"allow":["GET"]}}],"collection":[{"href":"https:\/\/www.enorsai.com\/noticias\/wp-json\/wp\/v2\/posts"}],"about":[{"href":"https:\/\/www.enorsai.com\/noticias\/wp-json\/wp\/v2\/types\/post"}],"author":[{"embeddable":true,"href":"https:\/\/www.enorsai.com\/noticias\/wp-json\/wp\/v2\/users\/11"}],"replies":[{"embeddable":true,"href":"https:\/\/www.enorsai.com\/noticias\/wp-json\/wp\/v2\/comments?post=8709"}],"version-history":[{"count":1,"href":"https:\/\/www.enorsai.com\/noticias\/wp-json\/wp\/v2\/posts\/8709\/revisions"}],"predecessor-version":[{"id":8711,"href":"https:\/\/www.enorsai.com\/noticias\/wp-json\/wp\/v2\/posts\/8709\/revisions\/8711"}],"wp:featuredmedia":[{"embeddable":true,"href":"https:\/\/www.enorsai.com\/noticias\/wp-json\/wp\/v2\/media\/8710"}],"wp:attachment":[{"href":"https:\/\/www.enorsai.com\/noticias\/wp-json\/wp\/v2\/media?parent=8709"}],"wp:term":[{"taxonomy":"category","embeddable":true,"href":"https:\/\/www.enorsai.com\/noticias\/wp-json\/wp\/v2\/categories?post=8709"},{"taxonomy":"post_tag","embeddable":true,"href":"https:\/\/www.enorsai.com\/noticias\/wp-json\/wp\/v2\/tags?post=8709"}],"curies":[{"name":"wp","href":"https:\/\/api.w.org\/{rel}","templated":true}]}}