{"id":8691,"date":"2025-09-14T08:17:58","date_gmt":"2025-09-14T11:17:58","guid":{"rendered":"https:\/\/www.enorsai.com\/noticias\/?p=8691"},"modified":"2025-09-14T08:18:03","modified_gmt":"2025-09-14T11:18:03","slug":"lule-menem-usa-su-poder-en-el-gobierno-para-armar-negocios-con-olmedo-en-la-rioja","status":"publish","type":"post","link":"https:\/\/www.enorsai.com\/noticias\/politica\/lule-menem-usa-su-poder-en-el-gobierno-para-armar-negocios-con-olmedo-en-la-rioja\/","title":{"rendered":"Lule Menem usa su poder en el gobierno para armar negocios con Olmedo en La Rioja"},"content":{"rendered":"\n<p><strong><em>El jefe pol\u00edtico en las sombras del gobierno de Javier Milei se asocia con el empresario salte\u00f1o para consolidar su influencia en las listas libertarias, mientras los esc\u00e1ndalos de coimas y las disputas internas sacuden al oficialismo.<\/em><\/strong><\/p>\n\n\n\n<p>La sociedad entre Eduardo \u201cLule\u201d Menem y Alfredo Olmedo trasciende lo pol\u00edtico: se materializa en emprendimientos hoteleros en La Rioja y en la construcci\u00f3n de listas electorales que desaf\u00edan a Gustavo S\u00e1enz en Salta, marcando c\u00f3mo los negocios privados se entrelazan con la maquinaria del poder libertario.<\/p>\n\n\n\n<p>El verdadero armado pol\u00edtico del gobierno de Javier Milei no se teje en los despachos oficiales, sino en la red de influencias que Eduardo \u201cLule\u201d Menem maneja con precisi\u00f3n quir\u00fargica. Lejos de ser un operador secundario, el riojano consolid\u00f3 un rol central en las candidaturas de La Libertad Avanza en todo el pa\u00eds. La m\u00e1s reciente demostraci\u00f3n de su poder se da en Salta, donde el empresario agropecuario Alfredo Olmedo, conocido por su ic\u00f3nica campera amarilla, sell\u00f3 con \u00e9l una alianza que mezcla pol\u00edtica y negocios.<\/p>\n\n\n\n<p>Olmedo, quien supo capitalizar su figura medi\u00e1tica para entrar a la arena electoral, logr\u00f3 monopolizar la lista libertaria en su provincia. Aunque Emilia Orozco encabece la n\u00f3mina, fue Olmedo quien la impuls\u00f3 en pol\u00edtica y quien garantiz\u00f3 el acuerdo con Lule. La clave de esta relaci\u00f3n es clara: el riojano controla la lapicera que define candidatos, como ya lo demostr\u00f3 en Buenos Aires Sebasti\u00e1n Pareja, otro operador del oficialismo. Lo que viene es m\u00e1s poder, porque despu\u00e9s de diciembre su influencia crecer\u00e1 todav\u00eda m\u00e1s.<\/p>\n\n\n\n<p>El v\u00ednculo se sell\u00f3 con un negocio que habla por s\u00ed solo. Olmedo le abri\u00f3 las puertas a Lule en uno de sus emprendimientos m\u00e1s rentables: el Naindo Park Hotel en La Rioja, un establecimiento de lujo ubicado a una cuadra de la casa de gobierno provincial. La habitaci\u00f3n doble cuesta cerca de 100 d\u00f3lares, un precio que recuerda a destinos internacionales como Dubai y que revela que no se trata de un simple proyecto tur\u00edstico, sino de un emblema de la fusi\u00f3n entre pol\u00edtica y negocios en tiempos libertarios.<\/p>\n\n\n\n<p>El problema para Milei es que este avance ocurre en paralelo a las sombras que rodean a Lule. Las denuncias de coimas, que lo involucran directamente, llevaron al presidente a presionar a periodistas afines para que reclamaran p\u00fablicamente la salida del riojano. Pero Milei no se anima a enfrentarlo de frente, porque sabe que su hermana Karina protege al operador con celo. El resultado es un doble discurso: mientras Milei se presenta como adalid contra la casta, sus alfiles consolidan negocios y alianzas que son pura pol\u00edtica tradicional.<\/p>\n\n\n\n<p>En Salta, la movida libertaria ya agit\u00f3 las aguas. El gobernador Gustavo S\u00e1enz, que no logr\u00f3 acordar con los libertarios, enfrenta un escenario incierto. Su lista, encabezada por Flavia Roy\u00f3n \u2014ex secretaria de Energ\u00eda de los gobiernos de Alberto Fern\u00e1ndez y del propio Milei\u2014 y acompa\u00f1ada por Ignacio Jarsun, presidente de la empresa provincial de agua, aparece debilitada. El ingreso de Jos\u00e9 Manuel Urtubey, en un rol que en Salta leen como \u201ckirchnerista\u201d, le suma presi\u00f3n. S\u00e1enz conf\u00eda en el peso de los intendentes para sostener su boleta, pero nadie descarta que el terreno se incline a favor del armado libertario.<\/p>\n\n\n\n<p>Lo que queda en evidencia es que la pol\u00edtica del gobierno no se limita a discursos de austeridad ni a promesas de cambio. El poder real se cocina en los pactos entre Lule y empresarios como Olmedo, en hoteles de lujo y en listas cerradas que responden m\u00e1s a negocios compartidos que a proyectos colectivos. Es una foto clara del oficialismo: mientras se ajusta a los trabajadores y a la universidad p\u00fablica, el c\u00edrculo \u00edntimo multiplica sus emprendimientos privados bajo el amparo del Estado.<\/p>\n\n\n\n<p>Fuente:<\/p>\n\n\n\n<p>.<a href=\"https:\/\/www.lapoliticaonline.com\/politica\/326861\/\">https:\/\/www.lapoliticaonline.com\/politica\/326861\/<\/a><\/p>\n","protected":false},"excerpt":{"rendered":"<p>El jefe pol\u00edtico en las sombras del gobierno de Javier Milei se asocia con el empresario salte\u00f1o para consolidar su influencia en las listas libertarias, mientras los esc\u00e1ndalos de coimas y las disputas internas sacuden al oficialismo. La sociedad entre Eduardo \u201cLule\u201d Menem y Alfredo Olmedo trasciende lo pol\u00edtico: se materializa en emprendimientos hoteleros en&#8230;<\/p>\n","protected":false},"author":9,"featured_media":8692,"comment_status":"open","ping_status":"open","sticky":false,"template":"","format":"standard","meta":{"_monsterinsights_skip_tracking":false,"_monsterinsights_sitenote_active":false,"_monsterinsights_sitenote_note":"","_monsterinsights_sitenote_category":0,"footnotes":"","jetpack_publicize_message":"","jetpack_publicize_feature_enabled":true,"jetpack_social_post_already_shared":true,"jetpack_social_options":{"image_generator_settings":{"template":"highway","default_image_id":0,"font":"","enabled":false},"version":2}},"categories":[2],"tags":[190,3548,3547,903,45,1053,2919,72,3549,538],"class_list":["post-8691","post","type-post","status-publish","format-standard","has-post-thumbnail","hentry","category-politica","tag-elecciones","tag-larioja","tag-lule","tag-menem","tag-milei","tag-negocios","tag-olmedo","tag-politica","tag-saenz","tag-salta"],"jetpack_publicize_connections":[],"_links":{"self":[{"href":"https:\/\/www.enorsai.com\/noticias\/wp-json\/wp\/v2\/posts\/8691","targetHints":{"allow":["GET"]}}],"collection":[{"href":"https:\/\/www.enorsai.com\/noticias\/wp-json\/wp\/v2\/posts"}],"about":[{"href":"https:\/\/www.enorsai.com\/noticias\/wp-json\/wp\/v2\/types\/post"}],"author":[{"embeddable":true,"href":"https:\/\/www.enorsai.com\/noticias\/wp-json\/wp\/v2\/users\/9"}],"replies":[{"embeddable":true,"href":"https:\/\/www.enorsai.com\/noticias\/wp-json\/wp\/v2\/comments?post=8691"}],"version-history":[{"count":1,"href":"https:\/\/www.enorsai.com\/noticias\/wp-json\/wp\/v2\/posts\/8691\/revisions"}],"predecessor-version":[{"id":8693,"href":"https:\/\/www.enorsai.com\/noticias\/wp-json\/wp\/v2\/posts\/8691\/revisions\/8693"}],"wp:featuredmedia":[{"embeddable":true,"href":"https:\/\/www.enorsai.com\/noticias\/wp-json\/wp\/v2\/media\/8692"}],"wp:attachment":[{"href":"https:\/\/www.enorsai.com\/noticias\/wp-json\/wp\/v2\/media?parent=8691"}],"wp:term":[{"taxonomy":"category","embeddable":true,"href":"https:\/\/www.enorsai.com\/noticias\/wp-json\/wp\/v2\/categories?post=8691"},{"taxonomy":"post_tag","embeddable":true,"href":"https:\/\/www.enorsai.com\/noticias\/wp-json\/wp\/v2\/tags?post=8691"}],"curies":[{"name":"wp","href":"https:\/\/api.w.org\/{rel}","templated":true}]}}