{"id":868,"date":"2025-02-08T19:08:34","date_gmt":"2025-02-08T22:08:34","guid":{"rendered":"https:\/\/www.enorsai.com\/noticias\/?p=868"},"modified":"2025-02-08T19:08:34","modified_gmt":"2025-02-08T22:08:34","slug":"batman-y-el-conicet-milei-desata-la-polemica","status":"publish","type":"post","link":"https:\/\/www.enorsai.com\/noticias\/ciencia-y-tecnologia\/batman-y-el-conicet-milei-desata-la-polemica\/","title":{"rendered":"\u00bfBatman y el CONICET? Milei desata la pol\u00e9mica"},"content":{"rendered":"\n<p><\/p>\n\n\n\n<hr class=\"wp-block-separator has-alpha-channel-opacity\"\/>\n\n\n\n<p>En medio de un ajuste econ\u00f3mico y una ret\u00f3rica anti-establishment, el gobierno de Javier Milei pone en duda la continuidad del CONICET, el principal motor de la investigaci\u00f3n cient\u00edfica en Argentina. Sus declaraciones sobre la utilidad de la ciencia y la tecnolog\u00eda generan preocupaci\u00f3n en la comunidad cient\u00edfica y en la sociedad en general.<\/p>\n\n\n\n<hr class=\"wp-block-separator has-alpha-channel-opacity\"\/>\n\n\n\n<p><strong>La incertidumbre se cierne sobre el futuro del CONICET. El gobierno de Javier Milei, en su cruzada por reducir el gasto p\u00fablico y desmantelar organismos estatales, ha puesto en el punto de mira al Consejo Nacional de Investigaciones Cient\u00edficas y T\u00e9cnicas, la instituci\u00f3n cient\u00edfica m\u00e1s prestigiosa de Argentina y Latinoam\u00e9rica.<\/strong><\/p>\n\n\n\n<p><a href=\"https:\/\/www.enorsai.com\/noticias\/politica\/el-diagnostico-de-un-constitucionalista-milei-gobierna-como-si-la-democracia-fuera-un-estorbo\/\">El diagn\u00f3stico de un constitucionalista: \u00abMilei gobierna como si la democracia fuera un estorbo\u00bb<\/a><\/p>\n\n\n\n<p>Las alarmas se encendieron tras declaraciones del presidente Milei cuestionando la utilidad de ciertas investigaciones cient\u00edficas y su desprecio por el conocimiento que no tenga una aplicaci\u00f3n pr\u00e1ctica inmediata. \u00ab<strong>\u00bfEn qu\u00e9 mejora la vida de la gente estudiar el ano dilatado de Batman?<\/strong>\u00ab, ironiz\u00f3 el mandatario, refiri\u00e9ndose a un estudio cient\u00edfico sobre el sistema digestivo de los murci\u00e9lagos.<\/p>\n\n\n\n<p>Estas declaraciones, sumadas a la intenci\u00f3n del gobierno de disolver organismos estatales y transferir \u00e1reas del CONICET a las provincias, generaron preocupaci\u00f3n en la comunidad cient\u00edfica, que teme un desmantelamiento del organismo y un retroceso en el desarrollo cient\u00edfico y tecnol\u00f3gico del pa\u00eds.<\/p>\n\n\n\n<p><a href=\"https:\/\/www.enorsai.com\/noticias\/politica\/el-gobierno-de-javier-milei-y-su-postura-frente-al-consejo-de-derechos-humanos-de-la-onu\/\">El Gobierno de Javier Milei y su postura frente al Consejo de Derechos Humanos de la ONU<\/a><\/p>\n\n\n\n<p>\u00abEl CONICET es una esperanza para el futuro de Argentina\u00bb, afirm\u00f3 Mario Seco en el programa \u00abPalabra de Campo\u00bb de Radio 10. \u00abEs un espacio que estamos construyendo contra Milei, contra un gobierno que lastim\u00f3 mucho al pueblo argentino y que no le interesa la educaci\u00f3n, la salud, la seguridad ni el bienestar de los jubilados\u00bb.<\/p>\n\n\n\n<p>Seco destac\u00f3 el entusiasmo que existe entre los intendentes bonaerenses con el frente anti-Milei, liderado por Axel Kicillof, y la necesidad de que el peronismo levante una bandera que canalice la angustia de la gente ante las pol\u00edticas de ajuste y exclusi\u00f3n social del gobierno.<\/p>\n\n\n\n<p>La pol\u00e9mica por el CONICET se suma a otras medidas controvertidas del gobierno de Milei, como el recorte de fondos para educaci\u00f3n y salud, la desregulaci\u00f3n de la econom\u00eda y la promoci\u00f3n de pol\u00edticas que benefician a los sectores m\u00e1s privilegiados de la sociedad.<\/p>\n\n\n\n<p>Mientras tanto, las encuestas reflejan un escenario pol\u00edtico polarizado. Seg\u00fan un sondeo de Clar\u00edn, La Libertad Avanza, el partido de Milei, lidera la intenci\u00f3n de voto para las legislativas en la provincia de Buenos Aires, pero Cristina Fern\u00e1ndez de Kirchner se mantiene como la figura con mayor apoyo individual.<\/p>\n\n\n\n<p>La situaci\u00f3n del CONICET y las pol\u00edticas del gobierno de Milei generan un debate profundo sobre el modelo de pa\u00eds que queremos para el futuro. \u00bfUn pa\u00eds que invierte en ciencia y tecnolog\u00eda para mejorar la calidad de vida de sus ciudadanos, o un pa\u00eds que apuesta por el ajuste y la exclusi\u00f3n social, relegando la investigaci\u00f3n cient\u00edfica a un segundo plano?<\/p>\n\n\n\n<p>La respuesta a esta pregunta est\u00e1 en manos de la sociedad argentina, que deber\u00e1 decidir en las pr\u00f3ximas elecciones si quiere seguir por el camino de la esperanza y el desarrollo, o si prefiere retroceder a un pasado de atraso y desigualdad.<\/p>\n\n\n\n<hr class=\"wp-block-separator has-alpha-channel-opacity\"\/>\n\n\n\n<p><strong>La ciencia como motor de desarrollo:<\/strong><\/p>\n\n\n\n<p>La ciencia y la tecnolog\u00eda son fundamentales para el desarrollo econ\u00f3mico y social de un pa\u00eds. La investigaci\u00f3n cient\u00edfica genera conocimiento, innovaci\u00f3n y progreso, que se traducen en mejoras en la calidad de vida de las personas, en el crecimiento de las empresas y en el avance de la sociedad en su conjunto.<\/p>\n\n\n\n<p>En Argentina, el CONICET es el principal organismo encargado de promover la investigaci\u00f3n cient\u00edfica y tecnol\u00f3gica. Sus investigadores trabajan en diversas \u00e1reas del conocimiento, desde la medicina y la biolog\u00eda hasta la f\u00edsica y la qu\u00edmica, generando resultados que tienen un impacto positivo en la vida de los argentinos.<\/p>\n\n\n\n<p>La ciencia argentina ha sido protagonista de importantes logros a lo largo de la historia, como el desarrollo de la vacuna contra la fiebre aftosa, la creaci\u00f3n del primer coraz\u00f3n artificial latinoamericano y la participaci\u00f3n en proyectos internacionales de investigaci\u00f3n espacial.<\/p>\n\n\n\n<p>Invertir en ciencia y tecnolog\u00eda es invertir en el futuro del pa\u00eds. El CONICET es un patrimonio de todos los argentinos y su desmantelamiento ser\u00eda un retroceso para el desarrollo cient\u00edfico y tecnol\u00f3gico de la naci\u00f3n. <\/p>\n\n\n\n<p>Radio 10 &#8211; Palabra de campo<\/p>\n","protected":false},"excerpt":{"rendered":"<p>En medio de un ajuste econ\u00f3mico y una ret\u00f3rica anti-establishment, el gobierno de Javier Milei pone en duda la continuidad del CONICET, el principal motor de la investigaci\u00f3n cient\u00edfica en Argentina. Sus declaraciones sobre la utilidad de la ciencia y la tecnolog\u00eda generan preocupaci\u00f3n en la comunidad cient\u00edfica y en la sociedad en general. La&#8230;<\/p>\n","protected":false},"author":4,"featured_media":869,"comment_status":"open","ping_status":"open","sticky":false,"template":"","format":"standard","meta":{"_monsterinsights_skip_tracking":false,"_monsterinsights_sitenote_active":false,"_monsterinsights_sitenote_note":"","_monsterinsights_sitenote_category":0,"footnotes":"","jetpack_publicize_message":"El gobierno de Javier Milei genera incertidumbre sobre el futuro del CONICET, el prestigioso organismo de ciencia y tecnolog\u00eda argentino, y sus declaraciones despectivas sobre la investigaci\u00f3n cient\u00edfica desatan la pol\u00e9mica","jetpack_publicize_feature_enabled":true,"jetpack_social_post_already_shared":false,"jetpack_social_options":{"image_generator_settings":{"template":"highway","enabled":false},"version":2}},"categories":[6],"tags":[93,311,252,312,276,313,106,72,167],"class_list":["post-868","post","type-post","status-publish","format-standard","has-post-thumbnail","hentry","category-ciencia-y-tecnologia","tag-argentina","tag-ciencia","tag-conicet","tag-desmantelamiento","tag-educacion","tag-investigacion","tag-javier-milei","tag-politica","tag-tecnologia"],"jetpack_publicize_connections":[],"_links":{"self":[{"href":"https:\/\/www.enorsai.com\/noticias\/wp-json\/wp\/v2\/posts\/868","targetHints":{"allow":["GET"]}}],"collection":[{"href":"https:\/\/www.enorsai.com\/noticias\/wp-json\/wp\/v2\/posts"}],"about":[{"href":"https:\/\/www.enorsai.com\/noticias\/wp-json\/wp\/v2\/types\/post"}],"author":[{"embeddable":true,"href":"https:\/\/www.enorsai.com\/noticias\/wp-json\/wp\/v2\/users\/4"}],"replies":[{"embeddable":true,"href":"https:\/\/www.enorsai.com\/noticias\/wp-json\/wp\/v2\/comments?post=868"}],"version-history":[{"count":1,"href":"https:\/\/www.enorsai.com\/noticias\/wp-json\/wp\/v2\/posts\/868\/revisions"}],"predecessor-version":[{"id":870,"href":"https:\/\/www.enorsai.com\/noticias\/wp-json\/wp\/v2\/posts\/868\/revisions\/870"}],"wp:featuredmedia":[{"embeddable":true,"href":"https:\/\/www.enorsai.com\/noticias\/wp-json\/wp\/v2\/media\/869"}],"wp:attachment":[{"href":"https:\/\/www.enorsai.com\/noticias\/wp-json\/wp\/v2\/media?parent=868"}],"wp:term":[{"taxonomy":"category","embeddable":true,"href":"https:\/\/www.enorsai.com\/noticias\/wp-json\/wp\/v2\/categories?post=868"},{"taxonomy":"post_tag","embeddable":true,"href":"https:\/\/www.enorsai.com\/noticias\/wp-json\/wp\/v2\/tags?post=868"}],"curies":[{"name":"wp","href":"https:\/\/api.w.org\/{rel}","templated":true}]}}