{"id":8668,"date":"2025-09-13T09:22:57","date_gmt":"2025-09-13T12:22:57","guid":{"rendered":"https:\/\/www.enorsai.com\/noticias\/?p=8668"},"modified":"2025-09-15T06:12:11","modified_gmt":"2025-09-15T09:12:11","slug":"estalla-la-interna-libertaria-caputo-y-karina-milei-en-guerra-por-el-poder-tras-la-derrota-en-provincia","status":"publish","type":"post","link":"https:\/\/www.enorsai.com\/noticias\/politica\/estalla-la-interna-libertaria-caputo-y-karina-milei-en-guerra-por-el-poder-tras-la-derrota-en-provincia\/","title":{"rendered":"Estalla la interna libertaria: Caputo y Karina Milei en guerra por el poder tras la derrota en provincia"},"content":{"rendered":"\n<p><strong>La ca\u00edda electoral en Buenos Aires desat\u00f3 una feroz guerra interna entre las \u201cFuerzas del Cielo\u201d de Santiago Caputo y el c\u00edrculo de Karina Milei. Trolls, militancia digital y operadores bonaerenses se enfrentan en una pulseada a todo o nada por el control real del gobierno.<\/strong><\/p>\n\n\n\n<h2 class=\"wp-block-heading\">Una interna que ya no se puede tapar: Caputo vs. Karina Milei<\/h2>\n\n\n\n<p>La derrota en la provincia de Buenos Aires encendi\u00f3 las alarmas libertarias. Dos bandos se baten abiertamente: el sector de <strong>Santiago Caputo<\/strong>, arquitecto de la militancia digital conocida como \u201cLas Fuerzas del Cielo\u201d, y el n\u00facleo de <strong>Karina Milei<\/strong>, que junto a <strong>Lule Menem<\/strong> y Sebasti\u00e1n Pareja controla la lapicera, los armados y el territorio.<br>La granja troll, antes sin fisuras, hoy se divide entre los que se sienten marginados tras el cierre de listas y la corriente dominante que defendi\u00f3 la alianza con el PRO y reparti\u00f3 cargos para los suyos.<br><a href=\"https:\/\/www.infobae.com\/politica\/2025\/09\/12\/karina-milei-adelanta-la-campana-junto-a-los-menem-el-sector-de-caputo-se-repliega-y-evalua-como-seguir\/\">Infobae<\/a><\/p>\n\n\n\n<h3 class=\"wp-block-heading\">\u201cEl Gordo Ad\u00e1n\u201d, trolls y la batalla cultural en el ring<\/h3>\n\n\n\n<ul class=\"wp-block-list\">\n<li><strong>Daniel Parisini<\/strong> (\u201cel Gordo Ad\u00e1n\u201d), influencer cercano a Caputo, qued\u00f3 expuesto como cara visible de la insurrecci\u00f3n digital libertaria.<\/li>\n\n\n\n<li>Declaraciones pol\u00e9micas en redes, ataques y cruzadas contra referentes como la hija de Luis Juez tensionaron el clima y forzaron desmarques p\u00fablicos del gobierno.<\/li>\n\n\n\n<li>Guillermo Francos y Manuel Adorni salieron a repudiar a Parisini y a dejar claro que el \u201cGordo Ad\u00e1n\u201d no integra formalmente el gabinete, pese a su influencia en el c\u00edrculo Caputo.<\/li>\n\n\n\n<li>Karina Milei exigi\u00f3 disciplina total e hizo circular el mensaje: \u201cLa lealtad no es una opci\u00f3n, es una condici\u00f3n\u201d.<\/li>\n<\/ul>\n\n\n\n<p>En los chats internos, la militancia digital acusa a Pareja y al \u201ckarinismo\u201d de vetar a los fundadores y entregarse al PRO.<br><a href=\"https:\/\/noticias.perfil.com\/noticias\/politica\/karina-milei-versus-santiago-caputo-cronica-del-ultimo-estallido.phtml\">Perfil<\/a><\/p>\n\n\n\n<h2 class=\"wp-block-heading\">Listas, recortes y la rebeli\u00f3n de los desairados<\/h2>\n\n\n\n<p>El cierre de listas bonaerense fue el campo de batalla principal. El sector de <strong>Pareja<\/strong> \u201cpuso una maceta y pens\u00f3 que ganaba\u201d, relegando a los libertarios originales. Voceros del \u201ccaputismo\u201d estallaron en redes: \u201cLealtad no es obsecuencia\u201d.<br>El resultado: muchos influencers y referentes digitales quedaron afuera de toda candidatura \u201centrable\u201d, mientras los \u201cparacaidistas\u201d del armado karinista coparon la boleta.<br>El clima tenso se profundiz\u00f3 con la derrota bonaerense y los rumores de ajuste y autoritarismo desde Olivos y la Casa Rosada.<br><a href=\"https:\/\/elpais.com\/argentina\/2025-07-24\/la-hermana-de-milei-exige-acallar-las-criticas-internas-en-el-partido-del-gobierno-la-lealtad-no-es-una-opcion-es-una-condicion.html\">El Pa\u00eds<\/a><\/p>\n\n\n\n<h3 class=\"wp-block-heading\">Infograf\u00eda: Mapa del poder libertario tras la derrota<\/h3>\n\n\n\n<figure class=\"wp-block-table\"><table class=\"has-fixed-layout\"><tbody><tr><th>Bando<\/th><th>Principal referente<\/th><th>Apoyos<\/th><th>Controla<\/th><\/tr><tr><td>Karinismo<\/td><td>Karina Milei<\/td><td>Lule Menem, Pareja, PRO<\/td><td>Listas, campa\u00f1a, cargos clave<\/td><\/tr><tr><td>Caputismo<\/td><td>Santiago Caputo<\/td><td>Militancia digital, influencers<\/td><td>Redes, \u201cFuerzas del Cielo\u201d<\/td><\/tr><\/tbody><\/table><\/figure>\n\n\n\n<h2 class=\"wp-block-heading\">\u00bfHay retorno? \u00bfQui\u00e9n manda tras el ajuste y la pelea?<\/h2>\n\n\n\n<p>El debate entre pragmatismo y \u00e9pica libertaria fractur\u00f3 la base que sosten\u00eda a Milei. El \u201cdedazo\u201d de Karina y Pareja es resistido por la tropa digital. Las carreras se definir\u00e1n en el Congreso y la calle: la pulseada sigue.<br>Los pr\u00f3ximos anuncios oficiales, incluyendo el Presupuesto 2026 y juras ministeriales, suceden en clima tenso y de sospecha. La batalla cultural y de listas ser\u00e1 decisiva para el futuro del gobierno y del proyecto mile\u00edsta.<br><a href=\"https:\/\/enorsai.com\/actualidad\/35454-grave-denuncia-sindicatos-alertan-sobre--20-del-personal-despedido-en-el-pami.html\">Enorsai<\/a><\/p>\n\n\n\n<h2 class=\"wp-block-heading\">Reflexi\u00f3n final<\/h2>\n\n\n\n<p>El quiebre entre Caputo y Karina Milei marca el fin de la unidad libertaria y anticipa m\u00e1s rupturas. El experimento digital y la poderosa lapicera bonaerense est\u00e1n en guerra abierta, con los \u201cfierros\u201d puestos y el Estado en disputa.<br><strong>Dejanos tu comentario debajo o escribinos a <a href=\"mailto:enorsaionline@gmail.com\">enorsaionline@gmail.com<\/a><\/strong><\/p>\n\n\n\n<h2 class=\"wp-block-heading\">Preguntas Frecuentes<\/h2>\n\n\n\n<h3 class=\"wp-block-heading\">\u00bfPor qu\u00e9 estall\u00f3 la interna entre Caputo y Karina Milei?<\/h3>\n\n\n\n<p>La derrota electoral en la provincia y el cierre de listas expuls\u00f3 a referentes digitales y potenci\u00f3 la guerra entre el \u201ckari-nismo\u201d y el \u201ccaputismo\u201d. <a href=\"https:\/\/noticias.perfil.com\/noticias\/politica\/karina-milei-versus-santiago-caputo-cronica-del-ultimo-estallido.phtml\">Cr\u00f3nica de la interna<\/a><\/p>\n\n\n\n<h3 class=\"wp-block-heading\">\u00bfQui\u00e9nes son los protagonistas de la rebeli\u00f3n troll libertaria?<\/h3>\n\n\n\n<p>Daniel Parisini \u201cel Gordo Ad\u00e1n\u201d, influencers y \u201cFuerzas del Cielo\u201d bajo Caputo, enfrentados al armado cl\u00e1sico de Karina Milei y Pareja.<\/p>\n\n\n\n<h3 class=\"wp-block-heading\">\u00bfC\u00f3mo afecta la interna al rumbo del gobierno de Milei?<\/h3>\n\n\n\n<p>Profundiza la debilidad pol\u00edtica, dificulta acuerdos y amenaza la gobernabilidad tras la derrota. El control territorial y digital est\u00e1 en disputa. <a href=\"https:\/\/elpais.com\/argentina\/2025-07-24\/la-hermana-de-milei-exige-acallar-las-criticas-internas-en-el-partido-del-gobierno-la-lealtad-no-es-una-opcion-es-una-condicion.html\">El Pa\u00eds<\/a><\/p>\n\n\n\n<h3 class=\"wp-block-heading\">\u00bfQui\u00e9n controla las candidaturas y la lapicera oficialista?<\/h3>\n\n\n\n<p>Karina Milei y Sebasti\u00e1n Pareja controlan listas y cargos; Caputo qued\u00f3 aislado. El PRO gan\u00f3 peso en la alianza bonaerense.<\/p>\n\n\n\n<h3 class=\"wp-block-heading\">\u00bfD\u00f3nde seguir el an\u00e1lisis sobre la interna libertaria?<\/h3>\n\n\n\n<p>En <a href=\"https:\/\/enorsai.com\/actualidad\/35454-grave-denuncia-sindicatos-alertan-sobre--20-del-personal-despedido-en-el-pami.html\">Enorsai<\/a>, <a href=\"https:\/\/noticias.perfil.com\/noticias\/politica\/karina-milei-versus-santiago-caputo-cronica-del-ultimo-estallido.phtml\">Perfil<\/a> y <a href=\"https:\/\/elpais.com\/argentina\/2025-07-24\/la-hermana-de-milei-exige-acallar-las-criticas-internas-en-el-partido-del-gobierno-la-lealtad-no-es-una-opcion-es-una-condicion.html\">El Pa\u00eds<\/a>.<\/p>\n","protected":false},"excerpt":{"rendered":"<p>La ca\u00edda electoral en Buenos Aires desat\u00f3 una feroz guerra interna entre las \u201cFuerzas del Cielo\u201d de Santiago Caputo y el c\u00edrculo de Karina Milei. Trolls, militancia digital y operadores bonaerenses se enfrentan en una pulseada a todo o nada por el control real del gobierno. Una interna que ya no se puede tapar: Caputo&#8230;<\/p>\n","protected":false},"author":13,"featured_media":8672,"comment_status":"open","ping_status":"open","sticky":false,"template":"","format":"standard","meta":{"_monsterinsights_skip_tracking":false,"_monsterinsights_sitenote_active":false,"_monsterinsights_sitenote_note":"","_monsterinsights_sitenote_category":0,"footnotes":"","jetpack_publicize_message":"Guerra en el Mile\u00edsmo: tras la derrota, Caputo y Karina Milei se enfrentan por el control real del gobierno. \u00bfQui\u00e9n manda ahora? Compart\u00ed tu opini\u00f3n.","jetpack_publicize_feature_enabled":true,"jetpack_social_post_already_shared":false,"jetpack_social_options":{"image_generator_settings":{"template":"highway","default_image_id":0,"font":"","enabled":false},"version":2}},"categories":[2],"tags":[3541,3537,3545,3542,3539,3538,174,3540,3177,3543,694,3544],"class_list":["post-8668","post","type-post","status-publish","format-standard","has-post-thumbnail","hentry","category-politica","tag-batalla-cultural-argentina","tag-conflicto-milei-gobierno","tag-crisis-oficialismo","tag-derrota-bonaerense-milei","tag-guerra-caputo-karina-milei","tag-interna-libertaria","tag-karina-milei","tag-listas-libertad-avanza","tag-lule-menem","tag-rebelion-granja-troll","tag-santiago-caputo","tag-trolls-fuerzas-del-cielo"],"jetpack_publicize_connections":[],"_links":{"self":[{"href":"https:\/\/www.enorsai.com\/noticias\/wp-json\/wp\/v2\/posts\/8668","targetHints":{"allow":["GET"]}}],"collection":[{"href":"https:\/\/www.enorsai.com\/noticias\/wp-json\/wp\/v2\/posts"}],"about":[{"href":"https:\/\/www.enorsai.com\/noticias\/wp-json\/wp\/v2\/types\/post"}],"author":[{"embeddable":true,"href":"https:\/\/www.enorsai.com\/noticias\/wp-json\/wp\/v2\/users\/13"}],"replies":[{"embeddable":true,"href":"https:\/\/www.enorsai.com\/noticias\/wp-json\/wp\/v2\/comments?post=8668"}],"version-history":[{"count":3,"href":"https:\/\/www.enorsai.com\/noticias\/wp-json\/wp\/v2\/posts\/8668\/revisions"}],"predecessor-version":[{"id":8683,"href":"https:\/\/www.enorsai.com\/noticias\/wp-json\/wp\/v2\/posts\/8668\/revisions\/8683"}],"wp:featuredmedia":[{"embeddable":true,"href":"https:\/\/www.enorsai.com\/noticias\/wp-json\/wp\/v2\/media\/8672"}],"wp:attachment":[{"href":"https:\/\/www.enorsai.com\/noticias\/wp-json\/wp\/v2\/media?parent=8668"}],"wp:term":[{"taxonomy":"category","embeddable":true,"href":"https:\/\/www.enorsai.com\/noticias\/wp-json\/wp\/v2\/categories?post=8668"},{"taxonomy":"post_tag","embeddable":true,"href":"https:\/\/www.enorsai.com\/noticias\/wp-json\/wp\/v2\/tags?post=8668"}],"curies":[{"name":"wp","href":"https:\/\/api.w.org\/{rel}","templated":true}]}}