{"id":8645,"date":"2025-09-12T13:46:13","date_gmt":"2025-09-12T16:46:13","guid":{"rendered":"https:\/\/www.enorsai.com\/noticias\/politica\/jorge-macri-desata-persecucion-contra-un-docente-por-solidarizarse-con-palestina\/"},"modified":"2025-09-12T13:46:13","modified_gmt":"2025-09-12T16:46:13","slug":"jorge-macri-desata-persecucion-contra-un-docente-por-solidarizarse-con-palestina","status":"publish","type":"post","link":"https:\/\/www.enorsai.com\/noticias\/politica\/jorge-macri-desata-persecucion-contra-un-docente-por-solidarizarse-con-palestina\/","title":{"rendered":"Jorge Macri desata persecuci\u00f3n contra un docente por solidarizarse con Palestina"},"content":{"rendered":"\n<p>El Jefe de Gobierno porte\u00f1o, junto a su ministra de Educaci\u00f3n, emprendi\u00f3 una campa\u00f1a de hostigamiento contra un maestro que expres\u00f3 solidaridad con las infancias palestinas. El caso expone la ofensiva contra la docencia, la libertad de expresi\u00f3n y la organizaci\u00f3n sindical en plena sinton\u00eda con el gobierno de Javier Milei.<br><br>La sanci\u00f3n anunciada contra el docente Federico Puy, secretario de prensa de ADEMYS y maestro de primaria, revela hasta qu\u00e9 punto el macrismo porte\u00f1o est\u00e1 dispuesto a criminalizar la palabra cr\u00edtica. Durante un acto por el D\u00eda del Maestro, Puy dedic\u00f3 su homenaje a los educadores de Gaza, a las infancias asesinadas por el ej\u00e9rcito israel\u00ed y a las v\u00edctimas del bombardeo sobre Dub\u00e1i, donde incluso mencion\u00f3 a Tomy, un exalumno suyo que sobrevivi\u00f3 al ataque. El gesto, profundamente humano y solidario, fue interpretado por Jorge Macri como un \u201cadoctrinamiento\u201d y desencaden\u00f3 una ofensiva en redes sociales, amplificada por la ministra de Educaci\u00f3n, Mercedes Miguel.<br><br>No se trata de un hecho aislado. La embestida contra Puy se inscribe en un clima pol\u00edtico donde el PRO y La Libertad Avanza act\u00faan en t\u00e1ndem para acallar voces disidentes. En un pa\u00eds donde los docentes ya cargan con salarios depreciados, aulas abarrotadas y escuelas con infraestructura deficiente, ahora se suma la amenaza de ser perseguidos por ejercer un derecho elemental: expresar una posici\u00f3n frente a un genocidio que conmueve al mundo.<br><br>La paradoja es evidente. Mientras Milei se pasea en foros internacionales proclamando la defensa de la libertad, en la Ciudad de Buenos Aires se sanciona a un maestro por el solo hecho de hablar de derechos humanos y solidarizarse con las infancias palestinas. Se pretende instalar la idea de que la docencia debe ser un oficio neutral, despojado de toda conciencia social. Como si ense\u00f1ar fuese limitarse a repetir contenidos vac\u00edos, sin v\u00ednculo con la realidad ni sensibilidad frente al dolor ajeno.<br><br>El propio Puy lo expres\u00f3 con claridad: \u201cMe persiguen por homenajear a las maestras y maestros de Gaza asesinados, por hablar de lo que significa el genocidio en las escuelas\u201d. Y lejos de quedar aislado, recibi\u00f3 un aluvi\u00f3n de apoyos: desde la pedagoga Adriana Puiggr\u00f3s, pasando por colectivos como Jud\u00edes contra el Genocidio, hasta gremios y organizaciones de derechos humanos de Argentina y el exterior. La reacci\u00f3n popular desbarata el relato oficial de \u201cadoctrinamiento\u201d y muestra que el trasfondo real es la censura pol\u00edtica.<br><br>Este hostigamiento no puede leerse sin el contexto mayor: un gobierno nacional que ataca sistem\u00e1ticamente a las universidades, demoniza a los sindicatos y se alinea sin matices con la derecha israel\u00ed. La Ciudad, gobernada por Jorge Macri, funciona como laboratorio de esa pol\u00edtica represiva, donde se naturaliza la persecuci\u00f3n a trabajadores de la educaci\u00f3n bajo el eufemismo de \u201cdefensa de la neutralidad escolar\u201d.<br><br>El caso de Puy es un llamado de alerta. Si un maestro puede ser sancionado por solidarizarse con ni\u00f1os bombardeados en Gaza, \u00bfqu\u00e9 queda para quienes denuncien el ajuste en las aulas, la precarizaci\u00f3n laboral o el vaciamiento de la educaci\u00f3n p\u00fablica? La persecuci\u00f3n contra la docencia no es solo un atropello individual, es un mensaje disciplinador hacia toda la comunidad educativa.<br><br>En tiempos donde Milei y Macri cierran filas para imponer silencio y miedo, el apoyo masivo que recibi\u00f3 Puy demuestra que hay otra Argentina que no acepta la mordaza. Defender a este docente es defender el derecho de ense\u00f1ar, de pensar y de hablar sin ser castigados por un poder cada vez m\u00e1s autoritario.<br><br>Fuente:<\/p>\n\n\n\n<p>.https:\/\/www.tiempoar.com.ar\/ta_article\/docente-palestina-sancion-jor-macri\/<\/p>\n","protected":false},"excerpt":{"rendered":"<p>El Jefe de Gobierno porte\u00f1o, junto a su ministra de Educaci\u00f3n, emprendi\u00f3 una campa\u00f1a de hostigamiento contra un maestro que expres\u00f3 solidaridad con las infancias palestinas. El caso expone la ofensiva contra la docencia, la libertad de expresi\u00f3n y la organizaci\u00f3n sindical en plena sinton\u00eda con el gobierno de Javier Milei. La sanci\u00f3n anunciada contra&#8230;<\/p>\n","protected":false},"author":12,"featured_media":8644,"comment_status":"open","ping_status":"open","sticky":false,"template":"","format":"standard","meta":{"_monsterinsights_skip_tracking":false,"_monsterinsights_sitenote_active":false,"_monsterinsights_sitenote_note":"","_monsterinsights_sitenote_category":0,"footnotes":"","jetpack_publicize_message":"","jetpack_publicize_feature_enabled":true,"jetpack_social_post_already_shared":true,"jetpack_social_options":{"image_generator_settings":{"template":"highway","default_image_id":0,"font":"","enabled":false},"version":2}},"categories":[2],"tags":[1795,315,276,2867,514,45,1843,267,365,1231],"class_list":["post-8645","post","type-post","status-publish","format-standard","has-post-thumbnail","hentry","category-politica","tag-adoctrinamiento","tag-docente","tag-educacion","tag-gaza","tag-macri","tag-milei","tag-palestina","tag-persecucion","tag-represion","tag-solidaridad"],"jetpack_publicize_connections":[],"_links":{"self":[{"href":"https:\/\/www.enorsai.com\/noticias\/wp-json\/wp\/v2\/posts\/8645","targetHints":{"allow":["GET"]}}],"collection":[{"href":"https:\/\/www.enorsai.com\/noticias\/wp-json\/wp\/v2\/posts"}],"about":[{"href":"https:\/\/www.enorsai.com\/noticias\/wp-json\/wp\/v2\/types\/post"}],"author":[{"embeddable":true,"href":"https:\/\/www.enorsai.com\/noticias\/wp-json\/wp\/v2\/users\/12"}],"replies":[{"embeddable":true,"href":"https:\/\/www.enorsai.com\/noticias\/wp-json\/wp\/v2\/comments?post=8645"}],"version-history":[{"count":0,"href":"https:\/\/www.enorsai.com\/noticias\/wp-json\/wp\/v2\/posts\/8645\/revisions"}],"wp:featuredmedia":[{"embeddable":true,"href":"https:\/\/www.enorsai.com\/noticias\/wp-json\/wp\/v2\/media\/8644"}],"wp:attachment":[{"href":"https:\/\/www.enorsai.com\/noticias\/wp-json\/wp\/v2\/media?parent=8645"}],"wp:term":[{"taxonomy":"category","embeddable":true,"href":"https:\/\/www.enorsai.com\/noticias\/wp-json\/wp\/v2\/categories?post=8645"},{"taxonomy":"post_tag","embeddable":true,"href":"https:\/\/www.enorsai.com\/noticias\/wp-json\/wp\/v2\/tags?post=8645"}],"curies":[{"name":"wp","href":"https:\/\/api.w.org\/{rel}","templated":true}]}}