{"id":8636,"date":"2025-09-12T09:19:00","date_gmt":"2025-09-12T12:19:00","guid":{"rendered":"https:\/\/www.enorsai.com\/noticias\/?p=8636"},"modified":"2025-09-12T09:21:58","modified_gmt":"2025-09-12T12:21:58","slug":"con-mas-poder-karina-milei-desplaza-a-los-referentes-de-santiago-caputo-y-toma-el-control-de-la-campana","status":"publish","type":"post","link":"https:\/\/www.enorsai.com\/noticias\/politica\/con-mas-poder-karina-milei-desplaza-a-los-referentes-de-santiago-caputo-y-toma-el-control-de-la-campana\/","title":{"rendered":"Con m\u00e1s poder Karina Milei desplaza a los referentes de Santiago Caputo y toma el control de la campa\u00f1a"},"content":{"rendered":"\n<p>La hermana del presidente avanza con su propio c\u00edrculo en la campa\u00f1a nacional, marginando a sectores cr\u00edticos de Las Fuerzas del Cielo y profundizando la fragmentaci\u00f3n interna del espacio libertario.<\/p>\n\n\n\n<p>En Tucum\u00e1n, Karina Milei inaugur\u00f3 la carrera electoral con figuras afines y amigos pol\u00edticos, dejando en evidencia que la proyecci\u00f3n de los libertarios j\u00f3venes y los alfiles de Santiago Caputo qued\u00f3 relegada, mientras el presidente observa desde un segundo plano.<\/p>\n\n\n\n<p>Karina Milei decidi\u00f3 no esperar el inicio formal de la campa\u00f1a nacional y protagoniz\u00f3 un acto en Tucum\u00e1n con su c\u00edrculo \u00edntimo, incluido Mart\u00edn Menem, dejando en evidencia su control absoluto sobre la estrategia electoral. Mientras tanto, los libertarios de Las Fuerzas del Cielo, dolidos y frustrados por el ninguneo a sus planteos sobre la derrota en la provincia de Buenos Aires, recalculan sus pasos sin definir una estrategia paralela.<\/p>\n\n\n\n<p>El sector de Santiago Caputo, que hab\u00eda sido clave durante las elecciones provinciales, donde organizaron caravanas, visitas a municipios y acciones por redes, enfrenta ahora una marginaci\u00f3n clara. La hermana del presidente opt\u00f3 por integrar a su representante, Sebasti\u00e1n Pareja, pero excluy\u00f3 a la mano derecha de Caputo, responsable del bloque violeta en la Legislatura. La se\u00f1al es inequ\u00edvoca: quienes no pertenecen al n\u00facleo cercano de los Milei quedan fuera de la campa\u00f1a central.<\/p>\n\n\n\n<p>La situaci\u00f3n interna se agrava con rumores sobre la posible renuncia de Caputo, desmentidos por su entorno, y con la expl\u00edcita marginaci\u00f3n de dirigentes j\u00f3venes. El vocero presidencial, Manuel Adorni, dej\u00f3 claro que figuras como Daniel Parisini no representan las ideas del Gobierno, reafirmando la l\u00ednea de exclusi\u00f3n impulsada por Karina Milei.<\/p>\n\n\n\n<p>En el acto de Tucum\u00e1n, todas las figuras fueron afines al n\u00facleo Milei: Lilia Lemoine, Eugenia Rol\u00f3n, Federico Pelli y Lisandro Catal\u00e1n, consolidando una estrategia que centraliza el poder en manos de la familia presidencial y sus aliados cercanos. Mientras tanto, Javier Milei se mantiene al margen, observando las disputas internas en el terreno virtual que \u00e9l domina y que sigue de cerca.<\/p>\n\n\n\n<p>Este movimiento evidencia no solo la concentraci\u00f3n del control de la campa\u00f1a en la figura de Karina Milei, sino tambi\u00e9n un debilitamiento de la estructura libertaria que alguna vez se present\u00f3 como plural y participativa. Los alfiles relegados saben que, si deciden seguir activos, deber\u00e1n hacerlo en soledad, sin el respaldo del n\u00facleo central, lo que podr\u00eda profundizar la fragmentaci\u00f3n interna y complicar la cohesi\u00f3n del espacio de cara a las elecciones de octubre.<\/p>\n\n\n\n<p>Fuente:<\/p>\n\n\n\n<p>.<a href=\"https:\/\/www.infobae.com\/politica\/2025\/09\/12\/karina-milei-adelanta-la-campana-junto-a-los-menem-el-sector-de-caputo-se-repliega-y-evalua-como-seguir\/\">https:\/\/www.infobae.com\/politica\/2025\/09\/12\/karina-milei-adelanta-la-campana-junto-a-los-menem-el-sector-de-caputo-se-repliega-y-evalua-como-seguir\/<\/a><\/p>\n","protected":false},"excerpt":{"rendered":"<p>La hermana del presidente avanza con su propio c\u00edrculo en la campa\u00f1a nacional, marginando a sectores cr\u00edticos de Las Fuerzas del Cielo y profundizando la fragmentaci\u00f3n interna del espacio libertario. En Tucum\u00e1n, Karina Milei inaugur\u00f3 la carrera electoral con figuras afines y amigos pol\u00edticos, dejando en evidencia que la proyecci\u00f3n de los libertarios j\u00f3venes y&#8230;<\/p>\n","protected":false},"author":13,"featured_media":8637,"comment_status":"open","ping_status":"open","sticky":false,"template":"","format":"standard","meta":{"_monsterinsights_skip_tracking":false,"_monsterinsights_sitenote_active":false,"_monsterinsights_sitenote_note":"","_monsterinsights_sitenote_category":0,"footnotes":"","jetpack_publicize_message":"","jetpack_publicize_feature_enabled":true,"jetpack_social_post_already_shared":true,"jetpack_social_options":{"image_generator_settings":{"template":"highway","default_image_id":0,"font":"","enabled":false},"version":2}},"categories":[2],"tags":[1438,184,190,902,3525,635,174,605,72,1672],"class_list":["post-8636","post","type-post","status-publish","format-standard","has-post-thumbnail","hentry","category-politica","tag-campana","tag-caputo","tag-elecciones","tag-exclusion","tag-fractura","tag-karina","tag-karina-milei","tag-libertarios","tag-politica","tag-tucuman"],"jetpack_publicize_connections":[],"_links":{"self":[{"href":"https:\/\/www.enorsai.com\/noticias\/wp-json\/wp\/v2\/posts\/8636","targetHints":{"allow":["GET"]}}],"collection":[{"href":"https:\/\/www.enorsai.com\/noticias\/wp-json\/wp\/v2\/posts"}],"about":[{"href":"https:\/\/www.enorsai.com\/noticias\/wp-json\/wp\/v2\/types\/post"}],"author":[{"embeddable":true,"href":"https:\/\/www.enorsai.com\/noticias\/wp-json\/wp\/v2\/users\/13"}],"replies":[{"embeddable":true,"href":"https:\/\/www.enorsai.com\/noticias\/wp-json\/wp\/v2\/comments?post=8636"}],"version-history":[{"count":1,"href":"https:\/\/www.enorsai.com\/noticias\/wp-json\/wp\/v2\/posts\/8636\/revisions"}],"predecessor-version":[{"id":8638,"href":"https:\/\/www.enorsai.com\/noticias\/wp-json\/wp\/v2\/posts\/8636\/revisions\/8638"}],"wp:featuredmedia":[{"embeddable":true,"href":"https:\/\/www.enorsai.com\/noticias\/wp-json\/wp\/v2\/media\/8637"}],"wp:attachment":[{"href":"https:\/\/www.enorsai.com\/noticias\/wp-json\/wp\/v2\/media?parent=8636"}],"wp:term":[{"taxonomy":"category","embeddable":true,"href":"https:\/\/www.enorsai.com\/noticias\/wp-json\/wp\/v2\/categories?post=8636"},{"taxonomy":"post_tag","embeddable":true,"href":"https:\/\/www.enorsai.com\/noticias\/wp-json\/wp\/v2\/tags?post=8636"}],"curies":[{"name":"wp","href":"https:\/\/api.w.org\/{rel}","templated":true}]}}