{"id":8629,"date":"2025-09-12T08:46:53","date_gmt":"2025-09-12T11:46:53","guid":{"rendered":"https:\/\/www.enorsai.com\/noticias\/?p=8629"},"modified":"2025-09-12T08:47:09","modified_gmt":"2025-09-12T11:47:09","slug":"la-medida-de-milei-provoco-tomas-estudiantiles-paros-docentes-y-una-movilizacion-federal","status":"publish","type":"post","link":"https:\/\/www.enorsai.com\/noticias\/sociedad\/la-medida-de-milei-provoco-tomas-estudiantiles-paros-docentes-y-una-movilizacion-federal\/","title":{"rendered":"La medida de Milei provoc\u00f3 tomas estudiantiles, paros docentes y una movilizaci\u00f3n federal"},"content":{"rendered":"\n<p>El rechazo de Milei a la Ley de Financiamiento Universitario desata un conflicto en las universidades p\u00fablicas, donde estudiantes, docentes y autoridades alertan que la falta de recursos y la ca\u00edda de salarios comprometen el funcionamiento y el futuro de la educaci\u00f3n superior.<\/p>\n\n\n\n<p>La Universidad de Buenos Aires (UBA) se encuentra en un estado cr\u00edtico. La decisi\u00f3n del presidente Javier Milei de vetar la Ley de Financiamiento Universitario encendi\u00f3 una ola de protestas que ya se extiende m\u00e1s all\u00e1 de la Ciudad de Buenos Aires. En la noche del jueves, estudiantes de la Facultad de Filosof\u00eda y Letras, conocida como \u00abPu\u00e1n\u00bb, iniciaron una toma que continuar\u00e1 al menos hasta la ma\u00f1ana del viernes. La medida, denominada \u201cvigilia\u201d, es el primer paso de un plan de lucha que incluye la coordinaci\u00f3n con jubilados, el Hospital Garrahan y movilizaciones al Congreso el 17 de septiembre.<\/p>\n\n\n\n<p>Luca Bonfante, dirigente del PTS y referente del Centro de Estudiantes de Filosof\u00eda y Letras (CEFYL), denunci\u00f3 que esta es una pelea directa contra un gobierno que pretende imponer un ajuste sin precedentes: \u201cLe exigimos a la CGT un paro general contra los vetos y todo el plan de Milei\u201d. Desde el CEFYL subrayaron que la ley no constituye un privilegio, sino una garant\u00eda m\u00ednima para que las universidades funcionen. \u201cLejos de ser un gasto, la inversi\u00f3n en la universidad p\u00fablica es una apuesta al futuro productivo, cient\u00edfico y cultural, y un motor irremplazable de movilidad social\u201d, afirmaron.<\/p>\n\n\n\n<p>El veto presidencial no solo afect\u00f3 a la UBA. En C\u00f3rdoba, General Roca y otras provincias, estudiantes realizaron clases abiertas y protestas en defensa del financiamiento universitario. La respuesta de los sindicatos docentes fue inmediata: convocaron un paro de 24 horas que incluir\u00e1 una marcha desde el Congreso hacia Plaza de Mayo junto con trabajadores del Hospital Garrahan, exigiendo la derogaci\u00f3n del veto y la actualizaci\u00f3n de los salarios.<\/p>\n\n\n\n<p>El rector de la UBA, Ricardo Gelpi, advirti\u00f3 que la universidad comenzar\u00e1 un plan de restricci\u00f3n de gastos operativos. \u201cCon la falta de actualizaci\u00f3n de gastos de funcionamiento, la UBA va a funcionar en un estado cr\u00edtico. Si seguimos en este camino, no hay futuro para la universidad, no hay futuro para nuestro pa\u00eds\u201d, sostuvo Gelpi, acompa\u00f1ado por autoridades del Consejo Interuniversitario Nacional (CIN). La situaci\u00f3n refleja la gravedad de un ajuste que impacta directamente en la educaci\u00f3n superior, amenaza la carrera docente y debilita la investigaci\u00f3n cient\u00edfica, elementos esenciales para el desarrollo nacional.<\/p>\n\n\n\n<p>La tensi\u00f3n es palpable: estudiantes y docentes insisten en que los legisladores deben elegir entre alinearse con Milei o defender la universidad p\u00fablica que pertenece a toda la sociedad. La tercera Marcha Federal Universitaria, prevista para el 17 de septiembre, pretende visibilizar la resistencia a una pol\u00edtica que prioriza el dogma ideol\u00f3gico sobre la educaci\u00f3n y el futuro de miles de j\u00f3venes. Este veto no es un simple acto administrativo: es un ataque directo a la posibilidad de que la universidad p\u00fablica cumpla su rol hist\u00f3rico como espacio de inclusi\u00f3n social, pensamiento cr\u00edtico y producci\u00f3n de conocimiento.<\/p>\n\n\n\n<p>En este contexto, queda claro que el ajuste de Milei no es abstracto: tiene consecuencias concretas y visibles en las aulas, en los laboratorios, en la carrera de los docentes y en la vida de los estudiantes. La defensa de la educaci\u00f3n p\u00fablica se convirti\u00f3 en un acto de resistencia ante un gobierno que subordina el futuro acad\u00e9mico al recorte presupuestario y a una visi\u00f3n excluyente de la sociedad. La UBA, y con ella todo el sistema universitario nacional, advierte que el riesgo es real: si la medida no se revierte, el da\u00f1o podr\u00eda ser irreversible.<\/p>\n\n\n\n<p>Fuente:<\/p>\n\n\n\n<p>.<a href=\"https:\/\/www.perfil.com\/noticias\/politica\/estudiantes-tomaron-la-facultad-de-filosofia-y-letras-en-rechazo-al-veto-a-la-ley-de-financiamiento-universitario.phtml\">https:\/\/www.perfil.com\/noticias\/politica\/estudiantes-tomaron-la-facultad-de-filosofia-y-letras-en-rechazo-al-veto-a-la-ley-de-financiamiento-universitario.phtml<\/a><\/p>\n","protected":false},"excerpt":{"rendered":"<p>El rechazo de Milei a la Ley de Financiamiento Universitario desata un conflicto en las universidades p\u00fablicas, donde estudiantes, docentes y autoridades alertan que la falta de recursos y la ca\u00edda de salarios comprometen el funcionamiento y el futuro de la educaci\u00f3n superior. La Universidad de Buenos Aires (UBA) se encuentra en un estado cr\u00edtico&#8230;.<\/p>\n","protected":false},"author":9,"featured_media":8630,"comment_status":"open","ping_status":"open","sticky":false,"template":"","format":"standard","meta":{"_monsterinsights_skip_tracking":false,"_monsterinsights_sitenote_active":false,"_monsterinsights_sitenote_note":"","_monsterinsights_sitenote_category":0,"footnotes":"","jetpack_publicize_message":"","jetpack_publicize_feature_enabled":true,"jetpack_social_post_already_shared":true,"jetpack_social_options":{"image_generator_settings":{"template":"highway","default_image_id":0,"font":"","enabled":false},"version":2}},"categories":[4],"tags":[513,276,1521,537,45,546,371,1382,1520,1487],"class_list":["post-8629","post","type-post","status-publish","format-standard","has-post-thumbnail","hentry","category-sociedad","tag-docentes","tag-educacion","tag-estudiantes","tag-financiamiento","tag-milei","tag-paro","tag-protesta","tag-uba","tag-universidad","tag-veto"],"jetpack_publicize_connections":[],"_links":{"self":[{"href":"https:\/\/www.enorsai.com\/noticias\/wp-json\/wp\/v2\/posts\/8629","targetHints":{"allow":["GET"]}}],"collection":[{"href":"https:\/\/www.enorsai.com\/noticias\/wp-json\/wp\/v2\/posts"}],"about":[{"href":"https:\/\/www.enorsai.com\/noticias\/wp-json\/wp\/v2\/types\/post"}],"author":[{"embeddable":true,"href":"https:\/\/www.enorsai.com\/noticias\/wp-json\/wp\/v2\/users\/9"}],"replies":[{"embeddable":true,"href":"https:\/\/www.enorsai.com\/noticias\/wp-json\/wp\/v2\/comments?post=8629"}],"version-history":[{"count":1,"href":"https:\/\/www.enorsai.com\/noticias\/wp-json\/wp\/v2\/posts\/8629\/revisions"}],"predecessor-version":[{"id":8631,"href":"https:\/\/www.enorsai.com\/noticias\/wp-json\/wp\/v2\/posts\/8629\/revisions\/8631"}],"wp:featuredmedia":[{"embeddable":true,"href":"https:\/\/www.enorsai.com\/noticias\/wp-json\/wp\/v2\/media\/8630"}],"wp:attachment":[{"href":"https:\/\/www.enorsai.com\/noticias\/wp-json\/wp\/v2\/media?parent=8629"}],"wp:term":[{"taxonomy":"category","embeddable":true,"href":"https:\/\/www.enorsai.com\/noticias\/wp-json\/wp\/v2\/categories?post=8629"},{"taxonomy":"post_tag","embeddable":true,"href":"https:\/\/www.enorsai.com\/noticias\/wp-json\/wp\/v2\/tags?post=8629"}],"curies":[{"name":"wp","href":"https:\/\/api.w.org\/{rel}","templated":true}]}}