{"id":8627,"date":"2025-09-12T08:26:40","date_gmt":"2025-09-12T11:26:40","guid":{"rendered":"https:\/\/www.enorsai.com\/noticias\/?p=8627"},"modified":"2025-09-12T08:26:40","modified_gmt":"2025-09-12T11:26:40","slug":"saltan-todos-del-barco-cerimedo-confirmo-ante-la-justicia-los-audios-de-spagnuolo","status":"publish","type":"post","link":"https:\/\/www.enorsai.com\/noticias\/politica\/saltan-todos-del-barco-cerimedo-confirmo-ante-la-justicia-los-audios-de-spagnuolo\/","title":{"rendered":"Saltan todos del barco: Cerimedo confirm\u00f3 ante la justicia los audios de Spagnuolo"},"content":{"rendered":"\n<p>El exasesor de La Libertad Avanza neg\u00f3 haber sido \u00e9l quien filtr\u00f3 grabaciones pero asegur\u00f3 que Spagnuolo le mencion\u00f3 hechos de corrupci\u00f3n en la compra de medicamentos<\/p>\n\n\n\n<p>El consultor pol\u00edtico y exasesor de La Libertad Avanza, Fernando Cerimedo, prest\u00f3 declaraci\u00f3n testimonial este jueves por la noche en los tribunales de Comodoro Py ante el fiscal federal Franco Picardi. Su testimonio se enmarca en la investigaci\u00f3n sobre los audios de Diego Spagnuolo, exdirector de la Agencia Nacional de Discapacidad (ANDIS), donde se menciona un esquema de sobornos que involucra a Karina Milei y a Eduardo \u201cLule\u201d Menem.<\/p>\n\n\n\n<p>La versi\u00f3n de Cerimedo<\/p>\n\n\n\n<p>De acuerdo con fuentes judiciales, Cerimedo confirm\u00f3 ante Picardi que Spagnuolo le hab\u00eda \u201chablado de hechos de corrupci\u00f3n\u201d y que en esas conversaciones hizo referencia tambi\u00e9n a \u201ccoimas\u201d. Sin embargo, el consultor neg\u00f3 haber participado en la grabaci\u00f3n o filtraci\u00f3n de los audios que se hicieron p\u00fablicos y que derivaron en la apertura de la causa.<\/p>\n\n\n\n<p>El expediente, que permanece bajo secreto de sumario hasta la semana pr\u00f3xima por decisi\u00f3n del juez federal Sebasti\u00e1n Casanello, intenta determinar si existi\u00f3 un circuito de sobornos entre la ANDIS y la droguer\u00eda Suizo Argentina SA, perteneciente a la familia Kovalivker.<\/p>\n\n\n\n<p>La defensa de los empresarios present\u00f3 un planteo para anular la investigaci\u00f3n, alegando que el proceso se inici\u00f3 a partir de una grabaci\u00f3n obtenida de manera il\u00edcita. \u201cEs una violaci\u00f3n a la intimidad de Spagnuolo\u201d, sostuvieron.<\/p>\n\n\n\n<p>Desde el c\u00edrculo cercano de Spagnuolo se\u00f1alaron que responsabiliza a Cerimedo por la grabaci\u00f3n que circul\u00f3 p\u00fablicamente.<\/p>\n\n\n\n<p>No obstante, el consultor lo rechaz\u00f3 de plano: \u201cHab\u00edan asociado que yo hab\u00eda grabado y filtrado los audios, eso es completamente rid\u00edculo\u201d, afirm\u00f3 en entrevistas period\u00edsticas. Tambi\u00e9n insisti\u00f3 en que nunca se reuni\u00f3 con \u00e9l en una confiter\u00eda, como aparenta el ruido de ambiente en los registros.<\/p>\n\n\n\n<p>En declaraciones previas, Cerimedo hab\u00eda explicado que \u201cesa charla no ocurri\u00f3 conmigo porque no habl\u00e1bamos del presidente, habl\u00e1bamos de Javier\u201d, en alusi\u00f3n al trato personal que ten\u00eda Spagnuolo con Milei. Y agreg\u00f3: \u201cYo tampoco hubiese permitido que me hable de eso en p\u00fablico y a m\u00ed ya me hab\u00eda contado eso tiempo antes. En cuotas pero me lo hab\u00eda contado\u201d.<\/p>\n\n\n\n<p>Incluso lleg\u00f3 a se\u00f1alar que los audios \u201calguien los ten\u00eda guardados y los usaron en \u00e9poca de elecciones\u201d. En otra entrevista, sum\u00f3: \u201cEl tipo est\u00e1 hablando en un bar, no entiendo c\u00f3mo se anim\u00f3 a hablar as\u00ed en un lugar p\u00fablico, no es una operaci\u00f3n compleja\u201d.<\/p>\n\n\n\n<p>El v\u00ednculo entre Cerimedo y Spagnuolo se hab\u00eda deteriorado tiempo atr\u00e1s. El propio consultor explic\u00f3: \u201cEn su locura pens\u00f3 que lo podr\u00eda haber grabado porque no terminamos bien (la relaci\u00f3n) por una situaci\u00f3n con mi esposa, dejamos de hablar\u201d. Y en defensa propia, se pregunt\u00f3: \u201cYo tuve un diario que banca al Gobierno (\u201cLa Derecha Diario\u201d), me cargu\u00e9 la campa\u00f1a al hombro. \u00bfPara qu\u00e9 voy a tirar esa bomba? \u00bfCon qu\u00e9 finalidad, para da\u00f1ar al pelado?\u201d.<\/p>\n\n\n\n<p>Los audios de Spagnuolo<\/p>\n\n\n\n<p>Por su parte, los audios que dieron origen al caso contienen fragmentos donde Spagnuolo describe el funcionamiento de un circuito de retorno de dinero vinculado a la compra de medicamentos.<\/p>\n\n\n\n<p>En uno de los pasajes se lo escucha decir: \u201cHay medicamentos con descuento, entonces la droguer\u00eda los consigue m\u00e1s barato y les da rentabilidad mayor. Y hay medicamentos que no tienen descuentos, entonces la rentabilidad es menos. \u00bfQu\u00e9 hace \u2018la Suizo\u2019? Todos los que tienen descuentos van para ellos\u201d.<\/p>\n\n\n\n<p>En otra parte, menciona directamente a la hermana del presidente: \u201cA Karina le debe llegar el 3%. Si es el 5% y el 1% se va en la operatoria, 1% es para m\u00ed y vos Karina te llevas el 3%. Seguidamente deben hacer as\u00ed. Llega a haber alg\u00fan quilombo y a m\u00ed no me cuidan, yo esto se lo dije al presidente\u2026 a la primera que se van a llevar presa es a Karina\u201d.<\/p>\n\n\n\n<p>Seg\u00fan trascendi\u00f3 Spagnuolo \u201crecibi\u00f3 presiones de Eduardo \u2018Lule\u2019 Menem, primo de Mart\u00edn Menem, para avanzar con la contrataci\u00f3n (de Suizo Argentina), y posteriormente fue citado por Menem a la C\u00e1mara de Diputados\u201d. M\u00e1s tarde, en nuevas grabaciones, el exfuncionario explicaba otro mecanismo: \u201cLa gente de la Suizo llama a los proveedores y les dice \u2018esc\u00fachame, no va m\u00e1s el 5, vas a tener que poner el 8. Lo tra\u00e9s a la Suizo y nosotros lo subimos a Presidencia\u2019\u201d.<\/p>\n\n\n\n<p>En este contexto, el fiscal Picardi analiza imputar a Spagnuolo y ya se eval\u00faa la posibilidad de que el exdirector de la ANDIS se convierta en imputado colaborador.\u00f1, popularmente mencionado como \u201carrepentido\u201d.<\/p>\n\n\n\n<p>Esto implicar\u00eda que aporte informaci\u00f3n veraz y de relevancia que permita avanzar en la investigaci\u00f3n, se\u00f1alando a funcionarios de mayor jerarqu\u00eda. El eventual acuerdo se formalizar\u00eda con la fiscal\u00eda y necesitar\u00eda la homologaci\u00f3n judicial.<\/p>\n\n\n\n<p>La denuncia penal abarca a Javier Milei, presidente de la Naci\u00f3n; Karina Milei, secretaria General de la Presidencia; Eduardo \u201cLule\u201d Menem, funcionario de la Secretar\u00eda General; Diego Spagnuolo, exdirector de la ANDIS; y Eduardo Kovalivker, titular de la droguer\u00eda Suizo Argentina.<\/p>\n\n\n\n<p>Seg\u00fan el escrito, todos \u201chabr\u00edan participado en un esquema de cobro y pago de coimas relacionadas con la compra y provisi\u00f3n de medicamentos, con afectaci\u00f3n directa a los fondos p\u00fablicos, hechos que encuadran en los delitos de cohecho, administraci\u00f3n fraudulenta, negociaciones incompatibles con el ejercicio de funciones p\u00fablicas e infracci\u00f3n a la ley de \u00c9tica P\u00fablica, debiendo analizarse la maniobra como una asociaci\u00f3n il\u00edcita entre los actores que aqu\u00ed se indican\u201d.<\/p>\n\n\n\n<p>La semana pr\u00f3xima vencer\u00e1 la pr\u00f3rroga del secreto de sumario y tanto defensas como querellas podr\u00e1n acceder al expediente para conocer la totalidad de las pruebas incorporadas. Ese ser\u00e1 un momento clave para definir el futuro procesal de los implicados.<\/p>\n\n\n\n<p>Por infocielo<\/p>\n","protected":false},"excerpt":{"rendered":"<p>El exasesor de La Libertad Avanza neg\u00f3 haber sido \u00e9l quien filtr\u00f3 grabaciones pero asegur\u00f3 que Spagnuolo le mencion\u00f3 hechos de corrupci\u00f3n en la compra de medicamentos El consultor pol\u00edtico y exasesor de La Libertad Avanza, Fernando Cerimedo, prest\u00f3 declaraci\u00f3n testimonial este jueves por la noche en los tribunales de Comodoro Py ante el fiscal&#8230;<\/p>\n","protected":false},"author":5,"featured_media":8431,"comment_status":"open","ping_status":"open","sticky":false,"template":"","format":"standard","meta":{"_monsterinsights_skip_tracking":false,"_monsterinsights_sitenote_active":false,"_monsterinsights_sitenote_note":"","_monsterinsights_sitenote_category":0,"footnotes":"","jetpack_publicize_message":"","jetpack_publicize_feature_enabled":true,"jetpack_social_post_already_shared":true,"jetpack_social_options":{"image_generator_settings":{"template":"highway","default_image_id":0,"font":"","enabled":false},"version":2}},"categories":[2],"tags":[3523,75,635,45,3213],"class_list":["post-8627","post","type-post","status-publish","format-standard","has-post-thumbnail","hentry","category-politica","tag-3523","tag-corrupcion","tag-karina","tag-milei","tag-spagnuolo"],"jetpack_publicize_connections":[],"_links":{"self":[{"href":"https:\/\/www.enorsai.com\/noticias\/wp-json\/wp\/v2\/posts\/8627","targetHints":{"allow":["GET"]}}],"collection":[{"href":"https:\/\/www.enorsai.com\/noticias\/wp-json\/wp\/v2\/posts"}],"about":[{"href":"https:\/\/www.enorsai.com\/noticias\/wp-json\/wp\/v2\/types\/post"}],"author":[{"embeddable":true,"href":"https:\/\/www.enorsai.com\/noticias\/wp-json\/wp\/v2\/users\/5"}],"replies":[{"embeddable":true,"href":"https:\/\/www.enorsai.com\/noticias\/wp-json\/wp\/v2\/comments?post=8627"}],"version-history":[{"count":1,"href":"https:\/\/www.enorsai.com\/noticias\/wp-json\/wp\/v2\/posts\/8627\/revisions"}],"predecessor-version":[{"id":8628,"href":"https:\/\/www.enorsai.com\/noticias\/wp-json\/wp\/v2\/posts\/8627\/revisions\/8628"}],"wp:featuredmedia":[{"embeddable":true,"href":"https:\/\/www.enorsai.com\/noticias\/wp-json\/wp\/v2\/media\/8431"}],"wp:attachment":[{"href":"https:\/\/www.enorsai.com\/noticias\/wp-json\/wp\/v2\/media?parent=8627"}],"wp:term":[{"taxonomy":"category","embeddable":true,"href":"https:\/\/www.enorsai.com\/noticias\/wp-json\/wp\/v2\/categories?post=8627"},{"taxonomy":"post_tag","embeddable":true,"href":"https:\/\/www.enorsai.com\/noticias\/wp-json\/wp\/v2\/tags?post=8627"}],"curies":[{"name":"wp","href":"https:\/\/api.w.org\/{rel}","templated":true}]}}