{"id":8624,"date":"2025-09-12T08:20:17","date_gmt":"2025-09-12T11:20:17","guid":{"rendered":"https:\/\/www.enorsai.com\/noticias\/?p=8624"},"modified":"2026-03-21T19:04:56","modified_gmt":"2026-03-21T22:04:56","slug":"cerimedo-declara-ante-la-justicia-y-ratifica-el-escandalo-de-coimas-spagnuolo-me-conto-todo-sobre-el-3-de-karina","status":"publish","type":"post","link":"https:\/\/www.enorsai.com\/noticias\/politica\/corrupcion\/cerimedo-declara-ante-la-justicia-y-ratifica-el-escandalo-de-coimas-spagnuolo-me-conto-todo-sobre-el-3-de-karina\/","title":{"rendered":"Cerimedo declara ante la Justicia y ratifica el esc\u00e1ndalo de coimas: \u00abSpagnuolo me cont\u00f3 todo sobre el 3% de Karina\u00bb"},"content":{"rendered":"\n<p>Por Redacci\u00f3n Enorsai<\/p>\n\n\n\n<p>Fernando Cerimedo, exjefe de la campa\u00f1a digital de Milei y figura clave del entorno libertario, declar\u00f3 bajo juramento ante el fiscal Franco Picardi y confirm\u00f3 todo lo denunciado por Diego Spagnuolo sobre el esquema de coimas en la Agencia Nacional de Discapacidad. Su testimonio fortalece la hip\u00f3tesis de retornos millonarios que llegaban hasta Karina Milei y Lule Menem, mientras se agrava la situaci\u00f3n judicial tras la entrega de un celular \u00abreseteado\u00bb por parte de los imputados Kovalivker.<a href=\"https:\/\/www.pagina12.com.ar\/857309-el-testigo-que-confirma-el-camino-de-las-coimas\" target=\"_blank\" rel=\"noreferrer noopener\">[P\u00e1gina12]<\/a><\/p>\n\n\n\n<h2 class=\"wp-block-heading\">El testimonio que cambia todo: Cerimedo confirma el circuito de coimas<\/h2>\n\n\n\n<p>Fernando Cerimedo, fundador de LaDerechaDialogo.com y una de las voces m\u00e1s influyentes del mile\u00edsmo, ratific\u00f3 en sede judicial que Diego Spagnuolo le relat\u00f3 durante 2024 **\u00bbhechos de corrupci\u00f3n y coimas\u00bb** en la ANDIS, con retornos de hasta 800.000 d\u00f3lares mensuales provenientes de sobreprecios pagados a la droguer\u00eda Suizo Argentina. Cerimedo confirm\u00f3 que Spagnuolo le cont\u00f3 \u00aben cuotas\u00bb c\u00f3mo funcionaba el sistema y c\u00f3mo parte del dinero llegaba al entorno presidencial.<a href=\"https:\/\/www.pagina12.com.ar\/857309-el-testigo-que-confirma-el-camino-de-las-coimas\" target=\"_blank\" rel=\"noreferrer noopener\">[P\u00e1gina12]<\/a><a href=\"https:\/\/www.lanueva.com\/nota\/2025-9-12-6-50-0-escandalo-por-coimas-declaro-fernando-cerimedo-y-ratifico-lo-dicho-por-spagnuolo\" target=\"_blank\" rel=\"noreferrer noopener\">[La Nueva]<\/a><\/p>\n\n\n\n<ul class=\"wp-block-list\">\n<li>Cerimedo neg\u00f3 haber grabado los audios que detonaron el esc\u00e1ndalo, pero s\u00ed reconoci\u00f3 ser destinatario de los relatos de Spagnuolo durante su relaci\u00f3n personal y pol\u00edtica.<\/li>\n\n\n\n<li>Su esposa, Natalia Bacil, trabajaba en la ANDIS, lo que le daba acceso privilegiado a la informaci\u00f3n del organismo donde se gestaba la corrupci\u00f3n denunciada.<\/li>\n\n\n\n<li>El testimonio cobra especial relevancia porque Cerimedo declar\u00f3 como testigo bajo juramento, con la obligaci\u00f3n legal de decir la verdad, no como imputado que puede mentir en su defensa.<\/li>\n<\/ul>\n\n\n\n<h2 class=\"wp-block-heading\">Celular reseteado y falta de colaboraci\u00f3n: los Kovalivker bajo sospecha<\/h2>\n\n\n\n<p>La investigaci\u00f3n se complic\u00f3 para los hermanos Kovalivker tras confirmarse que Jonathan entreg\u00f3 su celular completamente \u00abreseteado de f\u00e1brica\u00bb, eliminando toda evidencia digital que pudiera colaborar con la causa. Esta maniobra contradice el comunicado p\u00fablico de la droguer\u00eda donde aseguraban \u00abcolaborar con la justicia\u00bb, y genera sospechas sobre posible obstrucci\u00f3n al proceso judicial.<a href=\"https:\/\/www.lanacion.com.ar\/politica\/fernando-cerimedo-ratifico-en-la-justicia-los-dichos-de-spagnuolo-sobre-las-presuntas-coimas-en-nid11092025\/\" target=\"_blank\" rel=\"noreferrer noopener\">[La Naci\u00f3n]<\/a><a href=\"https:\/\/www.losandes.com.ar\/politica\/caso-audios-declaro-el-asesor-lla-y-aseguro-que-diego-spagnuolo-le-hablo-corrupcion-y-coimas-n5962704\" target=\"_blank\" rel=\"noreferrer noopener\">[Los Andes]<\/a><\/p>\n\n\n\n<ul class=\"wp-block-list\">\n<li>La defensa de los Kovalivker intenta anular la causa argumentando obtenci\u00f3n il\u00edcita de las pruebas de audio, pero el testimonio directo de Cerimedo refuerza la validez de las denuncias independientemente de los audios.<\/li>\n\n\n\n<li>El fiscal Picardi considera el relato de Cerimedo una pieza judicial central para sostener la acusaci\u00f3n, a\u00fan si se invalidan otras evidencias.<\/li>\n\n\n\n<li>Se anticipa que pr\u00f3ximamente declarar\u00e1n la esposa de Cerimedo y otros periodistas que tuvieron contacto con Spagnuolo sobre estos temas.<\/li>\n<\/ul>\n\n\n\n<p><strong>Infograf\u00eda | Claves del caso Cerimedo-Spagnuolo<\/strong><\/p>\n\n\n\n<figure class=\"wp-block-table\"><table class=\"has-fixed-layout\"><tbody><tr><th>Punto clave<\/th><th>Detalle<\/th><\/tr><tr><td>Testigo principal<\/td><td>Fernando Cerimedo, exjefe campa\u00f1a digital de Milei<\/td><\/tr><tr><td>Confirmaci\u00f3n judicial<\/td><td>Ratifica bajo juramento el esquema de coimas denunciado por Spagnuolo<\/td><\/tr><tr><td>Monto estimado<\/td><td>Hasta 800.000 d\u00f3lares mensuales en retornos por sobreprecios<\/td><\/tr><tr><td>Destino del dinero<\/td><td>Karina Milei, Lule Menem y entorno presidencial seg\u00fan los audios<\/td><\/tr><tr><td>Obst\u00e1culos<\/td><td>Celular reseteado de Kovalivker, pedido de nulidad de pruebas<\/td><\/tr><\/tbody><\/table><\/figure>\n\n\n\n<h2 class=\"wp-block-heading\">Impacto pol\u00edtico: se desarma la defensa oficial del \u00abtodo es mentira\u00bb<\/h2>\n\n\n\n<p>La declaraci\u00f3n de Cerimedo desmonta la estrategia defensiva del gobierno, que hab\u00eda calificado las denuncias como \u00abtodo mentira\u00bb a trav\u00e9s del propio presidente Milei. El testimonio de un referente del entorno libertario, bajo juramento, legitima judicialmente el esc\u00e1ndalo y anticipa nuevas escaladas tanto en los tribunales como en el plano pol\u00edtico institucional.<a href=\"https:\/\/www.pagina12.com.ar\/857309-el-testigo-que-confirma-el-camino-de-las-coimas\" target=\"_blank\" rel=\"noreferrer noopener\">[P\u00e1gina12]<\/a><a href=\"https:\/\/www.losandes.com.ar\/politica\/caso-audios-declaro-el-asesor-lla-y-aseguro-que-diego-spagnuolo-le-hablo-corrupcion-y-coimas-n5962704\" target=\"_blank\" rel=\"noreferrer noopener\">[Los Andes]<\/a><\/p>\n\n\n\n<p>M\u00e1s detalles de la causa en <a href=\"https:\/\/www.pagina12.com.ar\/857309-el-testigo-que-confirma-el-camino-de-las-coimas\" target=\"_blank\" rel=\"noreferrer noopener\">P\u00e1gina12<\/a>, <a href=\"https:\/\/www.lanueva.com\/nota\/2025-9-12-6-50-0-escandalo-por-coimas-declaro-fernando-cerimedo-y-ratifico-lo-dicho-por-spagnuolo\" target=\"_blank\" rel=\"noreferrer noopener\">La Nueva<\/a> y <a href=\"https:\/\/www.lanacion.com.ar\/politica\/fernando-cerimedo-ratifico-en-la-justicia-los-dichos-de-spagnuolo-sobre-las-presuntas-coimas-en-nid11092025\/\" target=\"_blank\" rel=\"noreferrer noopener\">La Naci\u00f3n<\/a>.<\/p>\n\n\n\n<p><strong>Reflexi\u00f3n final:<\/strong> El testimonio de Cerimedo marca un punto de inflexi\u00f3n en el esc\u00e1ndalo de coimas: desde adentro del mile\u00edsmo se confirma la veracidad de las denuncias que el gobierno intent\u00f3 desacreditar como operaci\u00f3n pol\u00edtica.<\/p>\n\n\n\n<p>Segu\u00ed el caso en <a href=\"mailto:enorsaionline@gmail.com\">enorsaionline@gmail.com<\/a><\/p>\n\n\n\n<h2 class=\"wp-block-heading\">Preguntas frecuentes sobre la declaraci\u00f3n de Cerimedo<\/h2>\n\n\n\n<h3 class=\"wp-block-heading\">\u00bfQu\u00e9 confirm\u00f3 Cerimedo en su declaraci\u00f3n judicial?<\/h3>\n\n\n\n<p>Ratific\u00f3 bajo juramento que Spagnuolo le cont\u00f3 sobre el esquema de coimas en ANDIS, con retornos que llegaban al entorno de Karina Milei.<\/p>\n\n\n\n<h3 class=\"wp-block-heading\">\u00bfPor qu\u00e9 es importante el testimonio de Cerimedo?<\/h3>\n\n\n\n<p>Por ser una figura clave del entorno mile\u00edsta y declarar como testigo bajo juramento, con obligaci\u00f3n legal de decir la verdad.<\/p>\n\n\n\n<h3 class=\"wp-block-heading\">\u00bfC\u00f3mo afecta esto al gobierno de Milei?<\/h3>\n\n\n\n<p>Desarma la defensa oficial de que \u00abtodo es mentira\u00bb y legitima judicialmente las denuncias desde adentro del propio espacio libertario.<\/p>\n\n\n\n<h3 class=\"wp-block-heading\">\u00bfQu\u00e9 sigue en la causa judicial?<\/h3>\n\n\n\n<p>Se esperan m\u00e1s declaraciones testimoniales y la posible conversi\u00f3n de Spagnuolo en imputado colaborador para ampliar la investigaci\u00f3n.<\/p>\n","protected":false},"excerpt":{"rendered":"<p>Por Redacci\u00f3n Enorsai Fernando Cerimedo, exjefe de la campa\u00f1a digital de Milei y figura clave del entorno libertario, declar\u00f3 bajo juramento ante el fiscal Franco Picardi y confirm\u00f3 todo lo denunciado por Diego Spagnuolo sobre el esquema de coimas en la Agencia Nacional de Discapacidad. Su testimonio fortalece la hip\u00f3tesis de retornos millonarios que llegaban&#8230;<\/p>\n","protected":false},"author":13,"featured_media":8625,"comment_status":"open","ping_status":"open","sticky":false,"template":"","format":"standard","meta":{"_monsterinsights_skip_tracking":false,"_monsterinsights_sitenote_active":false,"_monsterinsights_sitenote_note":"","_monsterinsights_sitenote_category":0,"footnotes":"","jetpack_publicize_message":"El exjefe de campa\u00f1a de Milei declar\u00f3 bajo juramento y confirm\u00f3 el esquema de retornos millonarios que llegaban al entorno presidencial.","jetpack_publicize_feature_enabled":true,"jetpack_social_post_already_shared":false,"jetpack_social_options":{"image_generator_settings":{"template":"highway","default_image_id":0,"font":"","enabled":false},"version":2}},"categories":[3947],"tags":[3248,3511,625,75,3521,174,3319,3522,3213,3520],"class_list":["post-8624","post","type-post","status-publish","format-standard","has-post-thumbnail","hentry","category-corrupcion","tag-andis","tag-cerimedo","tag-coimas","tag-corrupcion","tag-drogueria","tag-karina-milei","tag-kovalivker","tag-retornos","tag-spagnuolo","tag-testimonio-judicial"],"jetpack_publicize_connections":[],"_links":{"self":[{"href":"https:\/\/www.enorsai.com\/noticias\/wp-json\/wp\/v2\/posts\/8624","targetHints":{"allow":["GET"]}}],"collection":[{"href":"https:\/\/www.enorsai.com\/noticias\/wp-json\/wp\/v2\/posts"}],"about":[{"href":"https:\/\/www.enorsai.com\/noticias\/wp-json\/wp\/v2\/types\/post"}],"author":[{"embeddable":true,"href":"https:\/\/www.enorsai.com\/noticias\/wp-json\/wp\/v2\/users\/13"}],"replies":[{"embeddable":true,"href":"https:\/\/www.enorsai.com\/noticias\/wp-json\/wp\/v2\/comments?post=8624"}],"version-history":[{"count":1,"href":"https:\/\/www.enorsai.com\/noticias\/wp-json\/wp\/v2\/posts\/8624\/revisions"}],"predecessor-version":[{"id":8626,"href":"https:\/\/www.enorsai.com\/noticias\/wp-json\/wp\/v2\/posts\/8624\/revisions\/8626"}],"wp:featuredmedia":[{"embeddable":true,"href":"https:\/\/www.enorsai.com\/noticias\/wp-json\/wp\/v2\/media\/8625"}],"wp:attachment":[{"href":"https:\/\/www.enorsai.com\/noticias\/wp-json\/wp\/v2\/media?parent=8624"}],"wp:term":[{"taxonomy":"category","embeddable":true,"href":"https:\/\/www.enorsai.com\/noticias\/wp-json\/wp\/v2\/categories?post=8624"},{"taxonomy":"post_tag","embeddable":true,"href":"https:\/\/www.enorsai.com\/noticias\/wp-json\/wp\/v2\/tags?post=8624"}],"curies":[{"name":"wp","href":"https:\/\/api.w.org\/{rel}","templated":true}]}}